{"id":11305,"date":"2021-03-13T16:01:45","date_gmt":"2021-03-13T13:01:45","guid":{"rendered":"http:\/\/akdenizolaygazetesi.com\/?p=11305"},"modified":"2021-03-13T16:01:45","modified_gmt":"2021-03-13T13:01:45","slug":"baskan-secer-14-mart-tip-bayrami-toreninde-saglikcilara-seslendi-sizlere-mutesekkiriz","status":"publish","type":"post","link":"https:\/\/akdenizolaygazetesi.com\/?p=11305","title":{"rendered":"BA\u015eKAN SE\u00c7ER, 14 MART TIP BAYRAMI T\u00d6REN\u0130\u2019NDE SA\u011eLIK\u00c7ILARA SESLEND\u0130: \u201cS\u0130ZLERE M\u00dcTE\u015eEKK\u0130R\u0130Z\u201d"},"content":{"rendered":"<p>Mersin Tabip Odas\u0131, 14 Mart T\u0131p Bayram\u0131 etkinlikleri kapsam\u0131nda d\u00fczenledi\u011fi bir t\u00f6renle pandemide sa\u011fl\u0131k \u00e7al\u0131\u015fanlar\u0131na sundu\u011fu desteklerden dolay\u0131 Ba\u015fkan Se\u00e7er\u2019e plaket takdim etti. Koronavir\u00fcs nedeniyle ya\u015fam\u0131n\u0131 yitiren sa\u011fl\u0131k \u00e7al\u0131\u015fanlar\u0131n\u0131n yak\u0131nlar\u0131n\u0131n da kat\u0131ld\u0131\u011f\u0131 t\u00f6rende duygu dolu anlar ya\u015fand\u0131. <\/p>\n<p>Ba\u015fkan Se\u00e7er, pandemide var g\u00fc\u00e7leri ile verdikleri m\u00fccadeleden dolay\u0131 sa\u011fl\u0131k \u00e7al\u0131\u015fanlar\u0131na m\u00fcte\u015fekkir olduklar\u0131n\u0131 belirterek, \u201cSizler \u00e7ok kutsal insanlars\u0131n\u0131z, bunu t\u00fcm kalbimle s\u00f6yl\u00fcyorum. Hepinize Mersin\u2019de yapt\u0131\u011f\u0131n\u0131z hizmetler i\u00e7in t\u00fcm hem\u015ferilerim ad\u0131na \u015f\u00fckranlar\u0131m\u0131 iletmek isterim. Sizlere m\u00fcte\u015fekkiriz\u201d dedi. T\u00f6rende, Ba\u015fkan Se\u00e7er de salg\u0131nda ya\u015fam\u0131n\u0131 yitiren sa\u011fl\u0131k \u00e7al\u0131\u015fanlar\u0131 ad\u0131na yak\u0131nlar\u0131na plaket takdim etti.<\/p>\n<p>MERS\u0130N\/(FOTO\u011eRAFLI-G\u00d6R\u00dcNT\u00dcL\u00dc)<\/p>\n<p>Mersin Tabip Odas\u0131, 14 Mart T\u0131p Bayram\u0131 etkinlikleri kapsam\u0131nda Yeni\u015fehir Belediyesi Atat\u00fcrk K\u00fclt\u00fcr Merkezi\u2019nde plaket t\u00f6reni d\u00fczenledi. Pandemide sa\u011fl\u0131k \u00e7al\u0131\u015fanlar\u0131 ile i\u015fbirli\u011fi i\u00e7erisinde y\u00fcr\u00fctt\u00fc\u011f\u00fc \u00e7al\u0131\u015fmalardan dolay\u0131 Mersin B\u00fcy\u00fck\u015fehir Belediye Ba\u015fkan\u0131 Vahap Se\u00e7er\u2019e plaket takdim edildi.<\/p>\n<p>Ba\u015fkan Se\u00e7er, ya\u015fam\u0131n\u0131 yitiren sa\u011fl\u0131k \u00e7al\u0131\u015fanlar\u0131 ad\u0131na yak\u0131nlar\u0131na plaket takdim etti<\/p>\n<p>T\u00f6rene, Mersin\u2019de koronavir\u00fcs ile m\u00fccadelede ya\u015famlar\u0131n\u0131 yitiren sa\u011fl\u0131k \u00e7al\u0131\u015fanlar\u0131n\u0131n yak\u0131nlar\u0131 da kat\u0131ld\u0131. Duygu dolu anlar\u0131n ya\u015fand\u0131\u011f\u0131 t\u00f6rende koronavir\u00fcs ile m\u00fccadelede ya\u015fam\u0131n\u0131 yitiren sa\u011fl\u0131k \u00e7al\u0131\u015fanlar\u0131 ad\u0131na yak\u0131nlar\u0131na da plaket verildi. Dr. Serpil \u015eahin\u2019in e\u015fi Sonar \u015eahin\u2019e, Dr. Turgut Erkutlu\u2019nun yak\u0131n\u0131 Korhan Erkutlu\u2019ya, Di\u015f Hekimi Murat Pazarba\u015f\u0131\u2019n\u0131n yak\u0131n\u0131 Perihan Saydam Pazarba\u015f\u0131\u2019ya ve Dr. Nezih Aydo\u011fan\u2019\u0131n ablas\u0131 Nesrin Halla\u00e7\u2019a plaketlerini Ba\u015fkan Se\u00e7er takdim etti.<\/p>\n<p>\u201cBizlerin yapt\u0131klar\u0131, sizlerin yapt\u0131klar\u0131n\u0131n yan\u0131nda konu edilmeyecek kadar k\u00fc\u00e7\u00fck\u201d<\/p>\n<p>Ba\u015fkan Se\u00e7er, t\u00f6rende yapt\u0131\u011f\u0131 konu\u015fmada, salg\u0131n s\u00fcrecinin ba\u015f\u0131ndan beri \u00f6zveriyle \u00e7al\u0131\u015fan ve canlar\u0131n\u0131 feda eden sa\u011fl\u0131k \u00e7al\u0131\u015fanlar\u0131 i\u00e7in bir araya geldiklerini belirterek, \u201cBurada ba\u015fkalar\u0131n\u0131n hayat\u0131 u\u011fruna kendi canlar\u0131n\u0131 feda eden sa\u011fl\u0131k \u00e7al\u0131\u015fanlar\u0131m\u0131z\u0131 anmak i\u00e7in bir araya geldik. Kurum olarak yap\u0131lanlar\u0131 bir l\u00fctuf olarak de\u011ferlendirmek istemem. De\u011ferlendirilmesini de istemem. Bizlerin yapt\u0131klar\u0131, sizlerin yapt\u0131klar\u0131n\u0131n yan\u0131nda hi\u00e7 konu edilmeyecek kadar k\u00fc\u00e7\u00fck \u015feyler\u201d dedi.<\/p>\n<p>\u201c\u0130yi ki sizler vars\u0131n\u0131z! Sizler \u00e7ok kutsal insanlars\u0131n\u0131z\u201d<\/p>\n<p>Ba\u015fkan Se\u00e7er, salg\u0131n s\u00fcrecinde kendi sa\u011fl\u0131klar\u0131n\u0131 hi\u00e7e sayarak toplum sa\u011fl\u0131\u011f\u0131 i\u00e7in canla ba\u015fla \u00e7al\u0131\u015fan sa\u011fl\u0131k \u00e7al\u0131\u015fanlar\u0131na m\u00fcte\u015fekkir olduklar\u0131n\u0131 s\u00f6zlerine ekleyerek, \u201cT\u00fcm sa\u011fl\u0131k \u00e7al\u0131\u015fanlar\u0131 bu zorlu s\u00fcre\u00e7te insan\u00fcst\u00fc bir gayret sarf ettiler. Canlar\u0131 pahas\u0131na, ailelerini, \u00e7ocuklar\u0131n\u0131, e\u015flerini, sevdiklerini g\u00f6rmeme pahas\u0131na, onlardan uzak kalma pahas\u0131na toplum sa\u011fl\u0131\u011f\u0131 i\u00e7in, insan sa\u011fl\u0131\u011f\u0131 i\u00e7in var g\u00fc\u00e7leri ile m\u00fccadele ettiler ve etmeye de devam ediyorlar. \u0130yi ki sizler vars\u0131n\u0131z! Sizler \u00e7ok kutsal insanlars\u0131n\u0131z, bunu t\u00fcm kalbimle s\u00f6yl\u00fcyorum. Hepinize Mersin\u2019de yapt\u0131\u011f\u0131n\u0131z hizmetler i\u00e7in t\u00fcm hem\u015ferilerim ad\u0131na \u015f\u00fckranlar\u0131m\u0131 iletmek isterim. Sizlere m\u00fcte\u015fekkiriz. Kentimiz ad\u0131na sizlerle her zaman i\u015fbirli\u011fi yapmaya haz\u0131r\u0131z. Sizlerin yapt\u0131\u011f\u0131 de\u011ferli \u00e7abada biz de sizlerle beraber kol kola g\u00fc\u00e7 birli\u011fi yaparak vatanda\u015flar\u0131m\u0131za hizmet etmek i\u00e7in her zaman da var olaca\u011f\u0131z\u201d diye konu\u015ftu.<\/p>\n<p>T\u00f6rende, Ba\u015fkan Se\u00e7er\u2019in yan\u0131 s\u0131ra Yeni\u015fehir Belediye Ba\u015fkan\u0131 Abdullah \u00d6zyi\u011fit ve Mezitli Belediye Ba\u015fkan\u0131 Ne\u015fet Tarhan\u2019a da plaket verildi.<\/p>\n","protected":false},"excerpt":{"rendered":"<p>Mersin Tabip Odas\u0131, 14 Mart T\u0131p Bayram\u0131 etkinlikleri kapsam\u0131nda d\u00fczenledi\u011fi bir t\u00f6renle pandemide sa\u011fl\u0131k \u00e7al\u0131\u015fanlar\u0131na sundu\u011fu desteklerden dolay\u0131 Ba\u015fkan Se\u00e7er\u2019e plaket takdim etti. Koronavir\u00fcs nedeniyle ya\u015fam\u0131n\u0131 yitiren sa\u011fl\u0131k \u00e7al\u0131\u015fanlar\u0131n\u0131n yak\u0131nlar\u0131n\u0131n &hellip; <a href=\"https:\/\/akdenizolaygazetesi.com\/?p=11305\" class=\"more-link\">Devam\u0131n\u0131 Oku&#8230;<\/a><\/p>\n","protected":false},"author":2,"featured_media":11306,"comment_status":"open","ping_status":"open","sticky":false,"template":"","format":"standard","meta":[],"categories":[34,1,2,3,5],"tags":[],"_links":{"self":[{"href":"https:\/\/akdenizolaygazetesi.com\/index.php?rest_route=\/wp\/v2\/posts\/11305"}],"collection":[{"href":"https:\/\/akdenizolaygazetesi.com\/index.php?rest_route=\/wp\/v2\/posts"}],"about":[{"href":"https:\/\/akdenizolaygazetesi.com\/index.php?rest_route=\/wp\/v2\/types\/post"}],"author":[{"embeddable":true,"href":"https:\/\/akdenizolaygazetesi.com\/index.php?rest_route=\/wp\/v2\/users\/2"}],"replies":[{"embeddable":true,"href":"https:\/\/akdenizolaygazetesi.com\/index.php?rest_route=%2Fwp%2Fv2%2Fcomments&post=11305"}],"version-history":[{"count":1,"href":"https:\/\/akdenizolaygazetesi.com\/index.php?rest_route=\/wp\/v2\/posts\/11305\/revisions"}],"predecessor-version":[{"id":11307,"href":"https:\/\/akdenizolaygazetesi.com\/index.php?rest_route=\/wp\/v2\/posts\/11305\/revisions\/11307"}],"wp:featuredmedia":[{"embeddable":true,"href":"https:\/\/akdenizolaygazetesi.com\/index.php?rest_route=\/wp\/v2\/media\/11306"}],"wp:attachment":[{"href":"https:\/\/akdenizolaygazetesi.com\/index.php?rest_route=%2Fwp%2Fv2%2Fmedia&parent=11305"}],"wp:term":[{"taxonomy":"category","embeddable":true,"href":"https:\/\/akdenizolaygazetesi.com\/index.php?rest_route=%2Fwp%2Fv2%2Fcategories&post=11305"},{"taxonomy":"post_tag","embeddable":true,"href":"https:\/\/akdenizolaygazetesi.com\/index.php?rest_route=%2Fwp%2Fv2%2Ftags&post=11305"}],"curies":[{"name":"wp","href":"https:\/\/api.w.org\/{rel}","templated":true}]}}