{"id":11308,"date":"2021-03-14T14:30:49","date_gmt":"2021-03-14T11:30:49","guid":{"rendered":"http:\/\/akdenizolaygazetesi.com\/?p=11308"},"modified":"2021-03-14T14:30:49","modified_gmt":"2021-03-14T11:30:49","slug":"baskan-tollu-firtinada-16-evin-catisi-uctu-yaralari-saracagiz","status":"publish","type":"post","link":"https:\/\/akdenizolaygazetesi.com\/?p=11308","title":{"rendered":"Ba\u015fkan Tollu, \u201cF\u0131rt\u0131nada 16 Evin \u00c7at\u0131s\u0131 U\u00e7tu, Yaralar\u0131 Saraca\u011f\u0131z\u201d"},"content":{"rendered":"<p>Mersin\u2019in Erdemli \u0130l\u00e7esi\u2019nde \u00f6nceki g\u00fcn ak\u015fam 75 km\/s h\u0131zla esen r\u00fczg\u00e2r ve f\u0131rt\u0131na evlerin \u00e7at\u0131lar\u0131n\u0131 u\u00e7urdu, seralara a\u011f\u0131r zararlar verdi. F\u0131rt\u0131nan\u0131n hemen ard\u0131ndan olay yerine giden Erdemli Belediye Ba\u015fkan\u0131 M\u00fckerrem Tollu ve ekibi yerinde incelemelerde bulundu.<\/p>\n<p>Ba\u015fkan Tollu, vatanda\u015flara ge\u00e7mi\u015f olsun diyerek f\u0131rt\u0131nan\u0131n meydana getirdi\u011fi zararlar\u0131n\u0131n en k\u0131sa zamanda, b\u00fct\u00fcn imk\u00e2nlar\u0131n seferber edilerek \u00e7\u00f6z\u00fclece\u011fini s\u00f6yledi.<\/p>\n<p>Erdemli \u2019de meydana gelen f\u0131rt\u0131na ve \u015fiddetli r\u00fczg\u00e2rdan zarar g\u00f6ren G\u00fczeloluk, Akp\u0131nar, G\u00fcneyli, H\u00fcsametli, Aslanl\u0131, G\u00fcc\u00fc\u015f, \u00c7iri\u015f, \u00dc\u00e7tepe, Kocahasanl\u0131 ve Limonlu Mahallelerini Erdemli Belediye Ba\u015fkan\u0131 M\u00fckerrem Tollu ve MHP Erdemli \u0130l\u00e7e Ba\u015fkan\u0131 Fatih Serin ziyaret ederek \u00e7at\u0131lar\u0131 u\u00e7an, seralar\u0131 y\u0131k\u0131lan ve \u00fcr\u00fcnleri zarar g\u00f6ren \u00e7ift\u00e7ilere ge\u00e7mi\u015f olsun dileklerini iletti.<\/p>\n<p>F\u0131rt\u0131nan\u0131n 16 evin \u00e7at\u0131lar\u0131n\u0131 u\u00e7urdu\u011funu, 58 \u00e7ift\u00e7inin 85 dekar seras\u0131nda ve \u00fcr\u00fcnlerinde zarar verdi\u011fini belirten Ba\u015fkan M\u00fckerrem Tollu, \u201cErdemli&#8217;de ciddi hasarla sonu\u00e7lanan f\u0131rt\u0131na meydana geldi, malumunuz. O f\u0131rt\u0131nada k\u00f6ylerimizde insanlar\u0131m\u0131z bir\u00e7ok evi yerle bir oldu. \u0130\u015fte Aya\u015f Akp\u0131nar k\u00f6y\u00fcm\u00fczde 11 tane, G\u00fcnyeli\u2019de 4 tane, G\u00fczeloluk&#8217;ta okul \u00e7at\u0131s\u0131 birka\u00e7 tane kamu binas\u0131yla 16 tane ev ya da bina yerle bir oldu. Biz belediye olarak tabi d\u00fcn AFAD&#8217;la k\u00f6ylerimizi gezdik. Erdemli Belediyesi olarak k\u00f6ylerimizde olan afetin yaralar\u0131n\u0131 sarmak ad\u0131na insanlar\u0131m\u0131z\u0131n kar\u015f\u0131s\u0131nday\u0131z. Belediye imk\u00e2nlar\u0131m\u0131z\u0131 zorlayarak insanlar\u0131m\u0131z en iyi \u015fekilde, en g\u00fczel \u015fekilde hayatlar\u0131n\u0131 idame ettirmelerini sa\u011flayaca\u011f\u0131z. Belediyemizin g\u00fc\u00e7l\u00fc bir yap\u0131s\u0131 var. Ve o g\u00fc\u00e7l\u00fc yap\u0131 vatanda\u015flar\u0131m\u0131z\u0131n yaras\u0131n\u0131 sarma kabiliyetine haiz. Burada can zayiat\u0131n\u0131n olmamas\u0131 ciddi bir kazan\u0131m, ciddi bir sevin\u00e7. \u00c7ok \u015f\u00fck\u00fcr onca afete ra\u011fmen insanlar\u0131m\u0131z\u0131n canlar\u0131na bir \u015fey gelmedi, mallar\u0131na zarar da \u0130n\u015fallah devletimizin g\u00fc\u00e7l\u00fc yap\u0131s\u0131 en g\u00fczel \u015fekilde en iyi \u015fekilde kar\u015f\u0131layacakt\u0131r&#8221; diye konu\u015ftu.<\/p>\n<p>Erdemli Belediyesi Vatanda\u015f\u0131n Yan\u0131nda<\/p>\n<p> \u00c7at\u0131lar\u0131 y\u0131k\u0131lan,  seralar\u0131 ve \u00fcr\u00fcnleri zarar g\u00f6ren \u00e7ift\u00e7ilerin imdad\u0131na yeti\u015fen Erdemli Belediyesi ekipleri,  halk\u0131n b\u00fct\u00fcn ihtiya\u00e7lar\u0131n\u0131 kar\u015f\u0131layabilmek i\u00e7in Fen i\u015fleri M\u00fcd\u00fcrl\u00fc\u011f\u00fc ekipleri bir taraftan hasar tespit \u00e7al\u0131\u015fmalar\u0131n\u0131 tamamlarken di\u011fer bir taraftan ise Sosyal Yard\u0131m \u0130\u015fleri M\u00fcd\u00fcrl\u00fc\u011f\u00fc vatanda\u015flara g\u0131da yard\u0131m\u0131nda bulunuyor.<\/p>\n<p>Akp\u0131nar Yaylas\u0131&#8217;nda evi tamamen y\u0131k\u0131lan bir vatanda\u015f g\u00f6zya\u015flar\u0131na bo\u011fuldu. \u201cKel oldum a\u011flaya a\u011flaya, a\u011flamayay\u0131m dedim ama dayanamad\u0131m i\u015fte, evim y\u0131k\u0131ld\u0131 b\u00f6yle f\u0131rt\u0131nadan y\u0131k\u0131lm\u0131\u015f yavrum b\u00f6yle gece y\u0131k\u0131lm\u0131\u015f evim, ne bileyim hortum gibi bir \u015fey olmu\u015f, beton dire\u011fi nereye g\u00f6t\u00fcrm\u00fc\u015f bak\u0131n\u201d diye konu\u015ftu.<\/p>\n<p>Evi tamamen y\u0131k\u0131lan bir vatanda\u015f \u201d\u015euradan u\u00e7unca benim evin \u00fczerine g\u00f6\u00e7m\u00fc\u015f t\u00fcm \u015feylerim k\u0131r\u0131k e\u015fyalar\u0131m\u0131 k\u0131r\u0131k \u00e7ok zarar\u0131m var \u00e7ok Allah bundan k\u00f6t\u00fc etmesin\u201d diye konu\u015ftu.<\/p>\n<p>Evinin \u00e7at\u0131s\u0131 u\u00e7an bir vatanda\u015f ise \u201cYel alm\u0131\u015f att\u0131r\u0131vermi\u015f, o \u00e7ocuklar\u0131m\u0131n kan emekleri, Yenmez Havva derdim gelinime gelinimin emekleri heba oldu\u201d diye konu\u015ftu.<\/p>\n","protected":false},"excerpt":{"rendered":"<p>Mersin\u2019in Erdemli \u0130l\u00e7esi\u2019nde \u00f6nceki g\u00fcn ak\u015fam 75 km\/s h\u0131zla esen r\u00fczg\u00e2r ve f\u0131rt\u0131na evlerin \u00e7at\u0131lar\u0131n\u0131 u\u00e7urdu, seralara a\u011f\u0131r zararlar verdi. F\u0131rt\u0131nan\u0131n hemen ard\u0131ndan olay yerine giden Erdemli Belediye Ba\u015fkan\u0131 M\u00fckerrem &hellip; <a href=\"https:\/\/akdenizolaygazetesi.com\/?p=11308\" class=\"more-link\">Devam\u0131n\u0131 Oku&#8230;<\/a><\/p>\n","protected":false},"author":2,"featured_media":11309,"comment_status":"open","ping_status":"open","sticky":false,"template":"","format":"standard","meta":[],"categories":[34,1,2,3,5],"tags":[],"_links":{"self":[{"href":"https:\/\/akdenizolaygazetesi.com\/index.php?rest_route=\/wp\/v2\/posts\/11308"}],"collection":[{"href":"https:\/\/akdenizolaygazetesi.com\/index.php?rest_route=\/wp\/v2\/posts"}],"about":[{"href":"https:\/\/akdenizolaygazetesi.com\/index.php?rest_route=\/wp\/v2\/types\/post"}],"author":[{"embeddable":true,"href":"https:\/\/akdenizolaygazetesi.com\/index.php?rest_route=\/wp\/v2\/users\/2"}],"replies":[{"embeddable":true,"href":"https:\/\/akdenizolaygazetesi.com\/index.php?rest_route=%2Fwp%2Fv2%2Fcomments&post=11308"}],"version-history":[{"count":1,"href":"https:\/\/akdenizolaygazetesi.com\/index.php?rest_route=\/wp\/v2\/posts\/11308\/revisions"}],"predecessor-version":[{"id":11310,"href":"https:\/\/akdenizolaygazetesi.com\/index.php?rest_route=\/wp\/v2\/posts\/11308\/revisions\/11310"}],"wp:featuredmedia":[{"embeddable":true,"href":"https:\/\/akdenizolaygazetesi.com\/index.php?rest_route=\/wp\/v2\/media\/11309"}],"wp:attachment":[{"href":"https:\/\/akdenizolaygazetesi.com\/index.php?rest_route=%2Fwp%2Fv2%2Fmedia&parent=11308"}],"wp:term":[{"taxonomy":"category","embeddable":true,"href":"https:\/\/akdenizolaygazetesi.com\/index.php?rest_route=%2Fwp%2Fv2%2Fcategories&post=11308"},{"taxonomy":"post_tag","embeddable":true,"href":"https:\/\/akdenizolaygazetesi.com\/index.php?rest_route=%2Fwp%2Fv2%2Ftags&post=11308"}],"curies":[{"name":"wp","href":"https:\/\/api.w.org\/{rel}","templated":true}]}}