{"id":11311,"date":"2021-03-14T14:32:50","date_gmt":"2021-03-14T11:32:50","guid":{"rendered":"http:\/\/akdenizolaygazetesi.com\/?p=11311"},"modified":"2021-03-14T14:32:50","modified_gmt":"2021-03-14T11:32:50","slug":"pandemi-kahramanlarinin-adi-toroslarda-yasayacak","status":"publish","type":"post","link":"https:\/\/akdenizolaygazetesi.com\/?p=11311","title":{"rendered":"PANDEM\u0130 KAHRAMANLARININ ADI TOROSLAR&#8217;DA YA\u015eAYACAK"},"content":{"rendered":"<p>PANDEM\u0130 KAHRAMANLARININ ADI TOROSLAR&#8217;DA YA\u015eAYACAK<\/p>\n<p>&#8220;Toroslar Belediyesi&#8217;nden, Mersin&#8217;de \u0130lk; Sa\u011fl\u0131k Kahramanlar\u0131 An\u0131t Park\u0131&#8221;<\/p>\n<p>Toroslar Belediye Ba\u015fkan\u0131 Ats\u0131z Af\u015f\u0131n Y\u0131lmaz, 14 Mart T\u0131p Bayram\u0131&#8217;nda salg\u0131nla m\u00fccadelede en \u00f6n saflarda yer alan sa\u011fl\u0131k ordusuna, Sa\u011fl\u0131k Kahramanlar\u0131 Park\u0131&#8217;n\u0131 ithaf ederek en anlaml\u0131 hediyeyi verdi.<\/p>\n<p>Ba\u015fkan Y\u0131lmaz; &#8220;Sa\u011fl\u0131k \u00e7al\u0131\u015fanlar\u0131m\u0131z, bu zor s\u00fcre\u00e7te  \u201cYa\u015famak m\u0131, ya\u015fatmak m\u0131?\u201d sorusuna \u2018ya\u015fatmak\u2019 diye cevap verdiler. Ve canlar\u0131 pahas\u0131na var g\u00fc\u00e7leriyle bu m\u00fccadeleyi omuzlad\u0131lar&#8221; dedi.<\/p>\n<p>Toroslar Belediyesi, pandemi d\u00f6neminde fedakarca \u00e7al\u0131\u015fan ve bu u\u011furda ya\u015fam\u0131n\u0131 yitiren sa\u011fl\u0131k \u00e7al\u0131\u015fanlar\u0131n\u0131 anmak amac\u0131yla &#8220;SA\u011eLIK KAHRAMANLARI&#8221; ad\u0131n\u0131 verdi\u011fi an\u0131t park\u0131n a\u00e7\u0131l\u0131\u015f\u0131n\u0131 ger\u00e7ekle\u015ftirdi.<\/p>\n<p>Sayg\u0131 duru\u015fu, \u0130stiklal Mar\u015f\u0131 ve dualar\u0131n okunmas\u0131n\u0131n ard\u0131ndan ba\u015flayan t\u00f6rene; Mersin Valisi Ali \u0130hsan Su, AK Parti Mersin Milletvekili Hac\u0131 \u00d6zkan, MHP Mersin Milletvekilleri Olcay K\u0131lavuz, Baki \u015eim\u015fek,  Mersin \u0130l Jandarma Komutan\u0131 Necip \u00c7ar\u0131kc\u0131o\u011flu, Mersin \u0130l Emniyet M\u00fcd\u00fcr\u00fc Mehmet \u015eahne, Toroslar Kaymakam\u0131 Ahmet Hikmet \u015eahin, Mersin B\u00fcy\u00fck\u015fehir Belediye Ba\u015fkan Vekili G\u00fclcan K\u0131\u015f, Akdeniz Belediye Ba\u015fkan\u0131 M. Mustafa G\u00fcltak, siyasi parti ve  STK temsilcileri, mahalle muhtarlar\u0131, sa\u011fl\u0131k \u00e7al\u0131\u015fanlar\u0131 ile hayat\u0131n\u0131 kaybeden sa\u011fl\u0131k kahramanlar\u0131n\u0131n aileleri kat\u0131ld\u0131.<\/p>\n<p>Korukent Mahallesi, \u015eehir Hastanesi&#8217;nin g\u00fcneyinde bulunan 2 bin metrekare alandaki park\u0131n a\u00e7\u0131l\u0131\u015f\u0131nda duygulu anlar ya\u015fand\u0131.<\/p>\n<p>Mersin&#8217;de Koronavir\u00fcs nedeniyle hayat\u0131n\u0131 kaybeden 19 sa\u011fl\u0131k \u00e7al\u0131\u015fan\u0131n\u0131n kaidelerinin yer ald\u0131\u011f\u0131 park\u0131n a\u00e7\u0131l\u0131\u015f\u0131nda ya\u015fam\u0131n\u0131 yitiren sa\u011fl\u0131k kahramanlar\u0131n\u0131n ailelerine plaket de takdim edildi.<\/p>\n<p>Ba\u015fkan Y\u0131lmaz; &#8220;Bu Park, T\u00fcrkiye\u2019nin Her K\u00f6\u015fesinde G\u00f6rev Yapan T\u00fcm Sa\u011fl\u0131k Kahramanlar\u0131n\u0131nd\u0131r&#8221;<\/p>\n<p>T\u00fcrk Milleti&#8217;nin bug\u00fcne kadar bir\u00e7ok badirenin \u00fcstesinden el birli\u011fiyle geldi\u011fine dikkat \u00e7eken Ba\u015fkan Y\u0131lmaz; &#8220;\u0130nan\u0131yoruz ki b\u00fct\u00fcn d\u00fcnyay\u0131 etkisi alt\u0131na alan bu salg\u0131n\u0131 yine milli birlik ruhuyla en k\u0131sa zamanda atlataca\u011f\u0131z&#8221; dedi.<\/p>\n<p>Vir\u00fcsle sava\u015f\u0131n en \u00f6n cephesinde yer alan sa\u011fl\u0131k \u00e7al\u0131\u015fanlar\u0131n\u0131n hi\u00e7 bir zaman m\u00fccadeleden vazge\u00e7mediklerini belirten Ba\u015fkan Y\u0131lmaz; &#8220;Hepimiz biliyoruz ki, kahramanl\u0131k sadece sava\u015f cephelerinde olmaz. Bizler, sa\u011fl\u0131k \u00e7al\u0131\u015fanlar\u0131m\u0131z\u0131n sab\u0131rla, fedak\u00e2rl\u0131kla verdikleri bu m\u00fccadeleye hep birlikte \u015fahit olduk.  Bu y\u00fczden gece g\u00fcnd\u00fcz demeden m\u00fccadele eden ve bu u\u011furda hayat\u0131n\u0131 kaybeden sa\u011fl\u0131k kahramanlar\u0131m\u0131z\u0131n an\u0131s\u0131n\u0131 ya\u015fatmak i\u00e7in hayata ge\u00e7irdi\u011fimiz Sa\u011fl\u0131k Kahramanlar\u0131 An\u0131t Park\u0131m\u0131z\u0131n a\u00e7\u0131l\u0131\u015f\u0131n\u0131 yapmaktan onur duyuyoruz. Bug\u00fcn gururla ifade etmeliyiz ki, T\u00fcrkiye, bu d\u00f6nemi sa\u011fl\u0131k ba\u015fta olmak \u00fczere her alanda t\u00fcm d\u00fcnyan\u0131n takdirini kazanan bir ba\u015far\u0131yla y\u00f6netmektedir. Ba\u015fta devletimiz, Cumhurba\u015fkanl\u0131\u011f\u0131m\u0131z ve Sa\u011fl\u0131k Bakanl\u0131\u011f\u0131m\u0131z olmak \u00fczere eme\u011fi ge\u00e7en t\u00fcm kurum ve kurulu\u015flar\u0131m\u0131za sizlerin huzurunda te\u015fekk\u00fcr ediyorum. Bu m\u00fccadelede ya\u015fam\u0131n\u0131 yitiren sa\u011fl\u0131k \u00e7al\u0131\u015fanlar\u0131m\u0131za Allah&#8217;tan rahmet, g\u00f6revi ba\u015f\u0131nda olanlara sa\u011fl\u0131kl\u0131 \u00f6m\u00fcrler diliyorum. Toroslar Belediyesi olarak her zaman yan\u0131n\u0131zda olmaya devam edece\u011fiz. Bu an\u0131t park sadece Toroslar\u2019\u0131n de\u011fil, sadece Mersin\u2019in de\u011fil, T\u00fcrkiye\u2019nin her k\u00f6\u015fesinde g\u00f6rev yapan t\u00fcm sa\u011fl\u0131k kahramanlar\u0131n\u0131nd\u0131r. T\u00fcm sa\u011fl\u0131k \u00e7al\u0131\u015fanlar\u0131m\u0131z\u0131n 14 Mart T\u0131p Bayram\u0131&#8217;n\u0131 da kutluyorum&#8221; \u015feklinde konu\u015ftu.<\/p>\n<p>&#8220;T\u00fcm Sa\u011fl\u0131k \u00c7al\u0131\u015fanlar\u0131m\u0131z Ad\u0131na Gururluyuz&#8221;<\/p>\n<p>Akdeniz Belediye Ba\u015fkan\u0131 M. Mustafa G\u00fcltak; &#8220;Bir eczac\u0131 ve belediye ba\u015fkan\u0131 olarak Sa\u011fl\u0131k Kahramanlar\u0131 Park\u0131&#8217;n\u0131n t\u00fcm sa\u011fl\u0131k\u00e7\u0131lara bir nebze olsun moral verece\u011fini d\u00fc\u015f\u00fcn\u00fcyor, b\u00f6yle anlaml\u0131 bir projeyi hayata ge\u00e7irdi\u011fi i\u00e7in Toroslar Belediye Ba\u015fkan\u0131 Ats\u0131z Af\u015f\u0131n Y\u0131lmaz&#8217;a te\u015fekk\u00fcr ediyorum&#8221; dedi.<\/p>\n<p>Sa\u011fl\u0131k \u00e7al\u0131\u015fanlar\u0131na minnettar olduklar\u0131n\u0131 belirten Mersin B\u00fcy\u00fck\u015fehir Belediye Ba\u015fkan Vekili G\u00fclcan K\u0131\u015f ise; &#8220;\u0130yi ki sa\u011fl\u0131k \u00e7al\u0131\u015fanlar\u0131m\u0131z var. \u0130yi ki sa\u011fl\u0131\u011f\u0131m\u0131z\u0131 onlara emanet ediyoruz. Toroslar Belediye Ba\u015fkan\u0131 Say\u0131n Ats\u0131z Af\u015f\u0131n Y\u0131lmaz&#8217;a ve bu park\u0131n yap\u0131m a\u015famas\u0131nda eme\u011fi ge\u00e7en ekibine te\u015fekk\u00fcr ediyorum&#8221; ifadelerini kulland\u0131.<\/p>\n<p>AK Parti Mersin Milletvekili Hac\u0131 \u00d6zkan da Toroslar Belediye Ba\u015fkan\u0131 Ats\u0131z Af\u015f\u0131n Y\u0131lmaz&#8217;\u0131 b\u00f6yle bir projeyi hayata ge\u00e7irdi\u011fi i\u00e7in kutlayarak; &#8220;Sa\u011fl\u0131k \u00e7al\u0131\u015fanlar\u0131m\u0131za emeklerinden dolay\u0131 te\u015fekk\u00fcr ediyor, hayat\u0131n\u0131 kaybedenlere rahmet diliyorum&#8221; diye konu\u015ftu.<\/p>\n<p>MHP Mersin Milletvekili Baki \u015eim\u015fek ise Sa\u011fl\u0131k Kahramanlar\u0131 Park\u0131&#8217;n\u0131 Mersin&#8217;e kazand\u0131ran Ba\u015fkan Y\u0131lmaz&#8217;a te\u015fekk\u00fcr etti.<\/p>\n<p>Covid- 19 nedeniyle hayat\u0131n\u0131 kaybeden sa\u011fl\u0131k kahramanlar\u0131n\u0131n ad\u0131n\u0131n ya\u015fat\u0131laca\u011f\u0131 park ile gururland\u0131klar\u0131n\u0131 ifade eden MHP Mersin Milletvekili Olcay K\u0131lavuz da Ba\u015fkan Y\u0131lmaz&#8217;\u0131 tebrik etti.<\/p>\n<p>Vali Su; &#8220;14 Mart T\u0131p Bayram\u0131 \u00d6ncesi B\u00f6yle Anlaml\u0131 Bir Park&#8217;\u0131n A\u00e7\u0131l\u0131\u015f\u0131nda Bulunmaktan Onur Duydum&#8221;<\/p>\n<p>Mersin Valisi Ali \u0130hsan Su da Sa\u011fl\u0131k Kahramanlar\u0131 Park\u0131&#8217;n\u0131n T\u00fcrkiye&#8217;ye, Mersin&#8217;e ve Toroslar&#8217;a hay\u0131rl\u0131 olmas\u0131n\u0131 dileyerek; &#8220;\u00dclkemiz, Cumhurba\u015fkanl\u0131\u011f\u0131m\u0131z\u0131n liderli\u011finde pandemi s\u00fcrecini en iyi y\u00f6neten \u00fclkelerin ba\u015f\u0131nda geliyor. Toroslar Belediye Ba\u015fkan\u0131m\u0131z\u0131n sa\u011fl\u0131k \u00e7al\u0131\u015fanlar\u0131 i\u00e7in hayata ge\u00e7irdi\u011fi Sa\u011fl\u0131k Kahramanlar\u0131 Park\u0131&#8217;n\u0131n a\u00e7\u0131l\u0131\u015f\u0131n\u0131 yapmaktan onur duyuyoruz. Koronavir\u00fcs nedeniyle ya\u015fam\u0131n\u0131 yitiren sa\u011fl\u0131k kahramanlar\u0131m\u0131z\u0131 unutmayaca\u011f\u0131z&#8221; diye konu\u015ftu.<\/p>\n<p>Konu\u015fmalar\u0131n ard\u0131ndan,  bir kad\u0131n ve bir erkek doktorun an\u0131t\u0131n\u0131n ve kaidelerinin bulundu\u011fu Sa\u011fl\u0131k Kahramanlar\u0131 An\u0131t Park\u0131&#8217;n\u0131n a\u00e7\u0131l\u0131\u015f\u0131, protokol \u00fcyeleri ile birlikte yap\u0131ld\u0131.<\/p>\n<p>Hayat\u0131n\u0131 Kaybeden Sa\u011fl\u0131k \u00c7al\u0131\u015fanlar\u0131n\u0131n Aileleri, Ba\u015fkan Y\u0131lmaz&#8217;a Te\u015fekk\u00fcr Etti<\/p>\n<p>Koronavir\u00fcs nedeniyle hayat\u0131n\u0131 kaybeden sa\u011fl\u0131k \u00e7al\u0131\u015fanlar\u0131n\u0131n aileleri de park\u0131n a\u00e7\u0131l\u0131\u015f\u0131nda duygu ve d\u00fc\u015f\u00fcncelerini payla\u015farak b\u00f6yle anlaml\u0131 bir projeyi hayata ge\u00e7irdi\u011fi i\u00e7in Toroslar Belediye Ba\u015fkan\u0131 Ats\u0131z Af\u015f\u0131n Y\u0131lmaz&#8217;a minnet duyduklar\u0131n\u0131 s\u00f6yledi.<\/p>\n","protected":false},"excerpt":{"rendered":"<p>PANDEM\u0130 KAHRAMANLARININ ADI TOROSLAR&#8217;DA YA\u015eAYACAK &#8220;Toroslar Belediyesi&#8217;nden, Mersin&#8217;de \u0130lk; Sa\u011fl\u0131k Kahramanlar\u0131 An\u0131t Park\u0131&#8221; Toroslar Belediye Ba\u015fkan\u0131 Ats\u0131z Af\u015f\u0131n Y\u0131lmaz, 14 Mart T\u0131p Bayram\u0131&#8217;nda salg\u0131nla m\u00fccadelede en \u00f6n saflarda yer alan &hellip; <a href=\"https:\/\/akdenizolaygazetesi.com\/?p=11311\" class=\"more-link\">Devam\u0131n\u0131 Oku&#8230;<\/a><\/p>\n","protected":false},"author":2,"featured_media":11312,"comment_status":"open","ping_status":"open","sticky":false,"template":"","format":"standard","meta":[],"categories":[34,1,2,3,5],"tags":[],"_links":{"self":[{"href":"https:\/\/akdenizolaygazetesi.com\/index.php?rest_route=\/wp\/v2\/posts\/11311"}],"collection":[{"href":"https:\/\/akdenizolaygazetesi.com\/index.php?rest_route=\/wp\/v2\/posts"}],"about":[{"href":"https:\/\/akdenizolaygazetesi.com\/index.php?rest_route=\/wp\/v2\/types\/post"}],"author":[{"embeddable":true,"href":"https:\/\/akdenizolaygazetesi.com\/index.php?rest_route=\/wp\/v2\/users\/2"}],"replies":[{"embeddable":true,"href":"https:\/\/akdenizolaygazetesi.com\/index.php?rest_route=%2Fwp%2Fv2%2Fcomments&post=11311"}],"version-history":[{"count":1,"href":"https:\/\/akdenizolaygazetesi.com\/index.php?rest_route=\/wp\/v2\/posts\/11311\/revisions"}],"predecessor-version":[{"id":11313,"href":"https:\/\/akdenizolaygazetesi.com\/index.php?rest_route=\/wp\/v2\/posts\/11311\/revisions\/11313"}],"wp:featuredmedia":[{"embeddable":true,"href":"https:\/\/akdenizolaygazetesi.com\/index.php?rest_route=\/wp\/v2\/media\/11312"}],"wp:attachment":[{"href":"https:\/\/akdenizolaygazetesi.com\/index.php?rest_route=%2Fwp%2Fv2%2Fmedia&parent=11311"}],"wp:term":[{"taxonomy":"category","embeddable":true,"href":"https:\/\/akdenizolaygazetesi.com\/index.php?rest_route=%2Fwp%2Fv2%2Fcategories&post=11311"},{"taxonomy":"post_tag","embeddable":true,"href":"https:\/\/akdenizolaygazetesi.com\/index.php?rest_route=%2Fwp%2Fv2%2Ftags&post=11311"}],"curies":[{"name":"wp","href":"https:\/\/api.w.org\/{rel}","templated":true}]}}