{"id":11314,"date":"2021-03-14T14:35:53","date_gmt":"2021-03-14T11:35:53","guid":{"rendered":"http:\/\/akdenizolaygazetesi.com\/?p=11314"},"modified":"2021-03-14T14:35:53","modified_gmt":"2021-03-14T11:35:53","slug":"mersin-buyuksehirin-konserinde-bu-defa-doktorlar-sahnede","status":"publish","type":"post","link":"https:\/\/akdenizolaygazetesi.com\/?p=11314","title":{"rendered":"MERS\u0130N B\u00dcY\u00dcK\u015eEH\u0130R\u2019\u0130N KONSER\u0130NDE BU DEFA DOKTORLAR SAHNEDE"},"content":{"rendered":"<p>Mersin B\u00fcy\u00fck\u015fehir Belediyesi, 14 Mart T\u0131p Bayram\u0131 i\u00e7in sa\u011fl\u0131k emek\u00e7ilerinin sahne ald\u0131\u011f\u0131 \u201c\u0130yili\u011fe \u015eark\u0131lar Konseri\u201d d\u00fczenledi. Mersin Tabip Odas\u0131 Doktorlar Korosu\u2019nun s\u00f6yledi\u011fi \u015fark\u0131lar, bug\u00fcn saat 20.00\u2019de B\u00fcy\u00fck\u015fehir\u2019in sosyal medya hesaplar\u0131nda yay\u0131nlanacak.<\/p>\n<p>Hekimler s\u00fcreci, 14 Mart\u2019\u0131 ve d\u00fczenlenen konseri de\u011ferlendirdi. Mersin Tabip Odas\u0131 Ba\u015fkan\u0131 Dr. Mehmet Antmen, \u201cB\u00fcy\u00fck\u015fehir Belediyesi salg\u0131n s\u00fcrecinde bize \u00e7ok ciddi katk\u0131lar sundu. B\u00f6yle g\u00fczel bir konserin B\u00fcy\u00fck\u015fehir Belediyesi taraf\u0131ndan organize edilmesi bizim a\u00e7\u0131m\u0131zdan \u00e7ok \u00f6nemli bir \u015fey\u201d dedi.<\/p>\n<p>MERS\u0130N\/ (FOTO\u011eRAFLI-G\u00d6R\u00dcNT\u00dcL\u00dc)<\/p>\n<p>Mersin B\u00fcy\u00fck\u015fehir Belediyesi K\u00fclt\u00fcr ve Sosyal \u0130\u015fler Dairesi, 14 Mart T\u0131p Bayram\u0131 i\u00e7in sosyal medyada yay\u0131nlanacak bir konser d\u00fczenledi. \u201c\u0130yili\u011fe \u015eark\u0131lar Konseri\u201dnde Mersin Tabip Odas\u0131 Doktorlar Korosu sahne ald\u0131. Konser, 14 Mart Pazar g\u00fcn\u00fc (bug\u00fcn) saat 20.00\u2019de B\u00fcy\u00fck\u015fehir Belediyesi\u2019nin sosyal medya hesaplar\u0131nda yay\u0131nlanacak. Hekimler, 14 Mart\u2019la, konserle ve s\u00fcre\u00e7le ilgili g\u00f6r\u00fc\u015flerini dile getirdi.<\/p>\n<p>\u201cBu zorlu g\u00fcnleri birlikte atlataca\u011f\u0131m\u0131za inanc\u0131m\u0131z sonsuz\u201d<\/p>\n<p>B\u00fcy\u00fck\u015fehir Belediyesi Engelliler ve Sa\u011fl\u0131k Hizmetleri Dairesi Ba\u015fkan\u0131 Dr. H\u00fclya Atila, sa\u011fl\u0131k \u00e7al\u0131\u015fanlar\u0131 ve hekimlerin canlar\u0131n\u0131 hi\u00e7e sayarak insanlara hizmet etti\u011fine dikkat \u00e7ekti. 14 Mart\u2019la ilgili mesajlar\u0131n\u0131 da payla\u015fan Dr. Atila, \u015funlar\u0131 s\u00f6yledi:<\/p>\n<p>\u201cSa\u011fl\u0131k \u00e7al\u0131\u015fanlar\u0131m\u0131z ve doktorlar\u0131m\u0131z bu s\u00fcre\u00e7te ger\u00e7ekten fedak\u00e2rca \u00e7al\u0131\u015ft\u0131lar. Pandemi s\u00fcrecinin ba\u015f\u0131ndan beri en \u00e7ok yorulan ve y\u0131pranan da onlar oldu. Gece g\u00fcnd\u00fcz demeden, var\u0131n\u0131 yo\u011funu ortaya koyarak, hayatlar\u0131n\u0131 ve ailelerini hi\u00e7e sayarak \u00e7\u0131kt\u0131klar\u0131 bu zorlu yolda t\u00fcm sa\u011fl\u0131k \u00e7al\u0131\u015fanlar\u0131m\u0131z\u0131 Mersin B\u00fcy\u00fck\u015fehir Belediye Ba\u015fkan\u0131m\u0131z Say\u0131n Vahap Se\u00e7er\u2019in \u00f6nc\u00fcl\u00fc\u011f\u00fcnde destekliyoruz. Bu zorlu g\u00fcnleri birlikte atlataca\u011f\u0131m\u0131za inanc\u0131m\u0131z sonsuz. T\u00fcm doktorlar\u0131m\u0131z\u0131n ve sa\u011fl\u0131k \u00e7al\u0131\u015fanlar\u0131m\u0131z\u0131n 14 Mart T\u0131p Bayram\u0131\u2019n\u0131 kutluyorum.\u201d<\/p>\n<p>\u201c10-15 aras\u0131 doktor arkada\u015f\u0131m\u0131z konserde g\u00f6rev ald\u0131\u201d<\/p>\n<p>Mersin Tabip Odas\u0131 Ba\u015fkan\u0131 Dr. Mehmet Antmen, B\u00fcy\u00fck\u015fehir Belediyesi\u2019nin organize etti\u011fi 14 Mart T\u0131p Bayram\u0131 konseriyle ilgili olarak, \u201c14 Mart bizim a\u00e7\u0131m\u0131zdan \u00e7ok \u00f6nemli bir hafta. T\u0131p Haftas\u0131 olarak an\u0131yoruz. \u00d6zellikle bu d\u00f6nem Covid-19 nedeniyle yitirdi\u011fimiz sa\u011fl\u0131k \u00e7al\u0131\u015fanlar\u0131n\u0131n anmas\u0131n\u0131 yap\u0131yoruz burada. Bu a\u00e7\u0131dan da b\u00f6yle g\u00fczel bir konserin B\u00fcy\u00fck\u015fehir Belediyesi taraf\u0131ndan organize edilmesi bizim a\u00e7\u0131m\u0131zdan \u00e7ok \u00f6nemli bir \u015fey. Bizde de m\u00fczikle u\u011fra\u015fan 10-15 doktor arkada\u015f\u0131m\u0131z var. Onlar da bu konserde g\u00f6rev ald\u0131lar. Bu a\u00e7\u0131dan \u00e7ok olumlu bir \u015fey olarak de\u011ferlendiriyoruz\u201d ifadelerini kulland\u0131.<\/p>\n<p>\u201cB\u00fcy\u00fck\u015fehir Belediyesi salg\u0131n s\u00fcrecinde bize \u00e7ok ciddi katk\u0131lar sundu\u201d<\/p>\n<p>B\u00fcy\u00fck\u015fehir Belediyesi ba\u015fta olmak \u00fczere salg\u0131n s\u00fcrecinde bir\u00e7ok belediyenin deste\u011fiyle kar\u015f\u0131la\u015ft\u0131klar\u0131n\u0131 da s\u00f6zlerine ekleyen Dr. Antmen, \u201cB\u00fcy\u00fck\u015fehir Belediyesi salg\u0131n s\u00fcrecinde bize \u00e7ok ciddi katk\u0131lar sundu. \u00d6\u011flen ASM\u2019lerin yemekleriyle ilgili, ASM\u2019lerin dezenfeksiyonu konusunda, ula\u015f\u0131m konusunda. \u00d6zellikle de konaklama konusunda. Macit \u00d6zcan Tesisleri\u2019ni ayarlad\u0131lar. Bu a\u00e7\u0131dan biz \u00e7ok ciddi bir katk\u0131 sundu\u011funu d\u00fc\u015f\u00fcn\u00fcyoruz B\u00fcy\u00fck\u015fehir Belediyesi\u2019nin\u201d dedi.<\/p>\n<p>\u201cBu 14 Mart\u2019\u0131 pandeminin g\u00f6lgesinde an\u0131yoruz ve kutluyoruz\u201d<\/p>\n<p>Dr. Antmen, 14 Mart\u2019\u0131 bu sene buruk ge\u00e7irdiklerini belirterek, \u201cBiz bu 14 Mart\u2019\u0131 ne yaz\u0131k ki pandeminin g\u00f6lgesinde an\u0131yoruz ve kutluyoruz. \u00d6zellikle Mersin\u2019de kaybetti\u011fimiz 20 sa\u011fl\u0131k \u00e7al\u0131\u015fan\u0131 var. Bunun 9\u2019u hekim. Bu a\u00e7\u0131dan e\u011flence boyutunu yapmadan kutlayaca\u011f\u0131z, anaca\u011f\u0131z bu 14 Mart\u2019\u0131. Sa\u011fl\u0131k \u00e7al\u0131\u015fanlar\u0131 bu s\u00fcre\u00e7 i\u00e7erisinde \u00e7ok b\u00fcy\u00fck \u00f6zveriyle \u00e7al\u0131\u015ft\u0131. Hem sa\u011fl\u0131k \u00e7al\u0131\u015fanlar\u0131n\u0131n hem t\u00fcm hekimlerin 14 Mart T\u0131p Haftas\u0131\u2019n\u0131 kutluyorum\u201d diye konu\u015ftu.<\/p>\n<p>\u201cMeslekta\u015flar\u0131m\u0131z\u0131 ve Mersin halk\u0131n\u0131 stresten uzakla\u015ft\u0131racaksak \u00e7ok mutlu olaca\u011f\u0131z\u201d<\/p>\n<p>B\u00fcy\u00fck\u015fehir\u2019in \u201c\u0130yili\u011fe \u015eark\u0131lar\u201d konserinde sahneye \u00e7\u0131kan Toroslar Halkkent Mahallesi Aile Sa\u011fl\u0131\u011f\u0131 Merkezi\u2019nde g\u00f6revli Aile Hekimi Reyhan G\u00fcl Balo\u011flu, salg\u0131n nedeniyle daha zor bir s\u00fcre\u00e7 ge\u00e7irdiklerini belirtti. T\u0131p Bayram\u0131\u2019n\u0131 daha g\u00fczel \u015fartlarda kutlamak istediklerini ifade eden Balo\u011flu, \u201cA\u00e7\u0131k ortamda birka\u00e7 arkada\u015f bir araya gelip \u00e7al\u0131p s\u00f6ylemeye ba\u015flam\u0131\u015ft\u0131k. Sonra B\u00fcy\u00fck\u015fehir bize \u2018bizim i\u00e7in de s\u00f6yler misiniz, b\u00fct\u00fcn doktorlar i\u00e7in bir \u015fey yapal\u0131m\u2019 dedi, \u00e7ok ho\u015fumuza gitti. M\u00fczik, sanat stres atmak i\u00e7in birebir. Biz stres atarken, k\u00fc\u00e7\u00fck bir konserle meslekta\u015flar\u0131m\u0131z\u0131 hatta Mersin halk\u0131n\u0131 da stresten uzakla\u015ft\u0131racaksak \u00e7ok mutlu olaca\u011f\u0131z\u201d dedi.<\/p>\n<p>\u201cPandemi s\u00fcrecinde belediyelerle \u00e7ok iyi ili\u015fki kurduk\u201d<\/p>\n<p>Mersin \u015eehir Hastanesi Nefroloji Uzman\u0131 Jini G\u00fcne\u015f de belediyelerin salg\u0131n s\u00fcrecinde ciddi desteklerini g\u00f6rd\u00fcklerini belirterek, \u201cPandemi s\u00fcrecinde belediyelerle kurdu\u011fumuz ili\u015fkinin sa\u011fl\u0131k \u00e7al\u0131\u015fanlar\u0131 olarak \u00e7ok iyi oldu\u011funu d\u00fc\u015f\u00fcn\u00fcyorum. Bir\u00e7o\u011fumuzun bar\u0131nma sorunu olmu\u015ftu ve belediyeler ger\u00e7ekten burada yard\u0131m\u0131m\u0131za ko\u015ftu. B\u00fct\u00fcn sa\u011fl\u0131k emek\u00e7ileri i\u00e7in kalabilece\u011fimiz alanlar a\u00e7t\u0131 ve yemek deste\u011fi verdi. Bu, bu s\u00fcre\u00e7te \u00e7ok motive ediciydi, kayg\u0131lar\u0131m\u0131z\u0131 azaltm\u0131\u015ft\u0131. O y\u00fczden \u00f6zel bir te\u015fekk\u00fcr\u00fc de bor\u00e7 biliyorum\u201d dedi.<\/p>\n<p>B\u00fcy\u00fck\u015fehir Belediyesi\u2019nin T\u0131p Bayram\u0131 dolay\u0131s\u0131yla d\u00fczenledi\u011fi etkinli\u011fin de anlaml\u0131 oldu\u011funa dikkat \u00e7eken G\u00fcne\u015f, \u201c\u00c7ok heyecan verici, hi\u00e7birimizin sahne deneyimi yok. Zaman zaman haddimizi a\u015f\u0131yor muyuz diye de d\u00fc\u015f\u00fcn\u00fcyoruz ama bir par\u00e7a e\u011flenmeye biraz da asl\u0131nda moralimizi iyi tutmak i\u00e7in birtak\u0131m ara\u00e7lar\u0131m\u0131z oldu\u011funu g\u00f6stermeye de ihtiyac\u0131m\u0131z var gibi geliyor. B\u00fcy\u00fck\u015fehir Belediyesi\u2019nin de bu ad\u0131m\u0131n\u0131 asl\u0131nda hem bize ivme verici hem de motive edici buluyorum. \u00c7\u00fcnk\u00fc incelikli bir durum. Neredeyse b\u00fct\u00fcn toplumun pandemiye odakland\u0131\u011f\u0131 ve sa\u011fl\u0131k \u00e7al\u0131\u015fanlar\u0131n\u0131n eme\u011finin g\u00f6r\u00fcn\u00fcr oldu\u011funu hissedemedi\u011fimiz bir noktada \u00e7ok incelikli bir dayan\u0131\u015fma oldu\u201d diye konu\u015ftu.<\/p>\n<p>\u201cM\u00fczi\u011fin tedavi edici etkisinden faydalan\u0131yoruz\u201d<\/p>\n<p>Mersin \u015eehir Hastanesi\u2019nde Farmakoloji Uzman\u0131 Mehtap Pekta\u015f ise ya\u015fad\u0131klar\u0131 s\u00fcre\u00e7ten ve m\u00fczikle olan ba\u011flar\u0131ndan \u015fu s\u00f6zlerle bahsetti:<\/p>\n<p>\u201cEn yak\u0131n i\u015f arkada\u015flar\u0131m\u0131z\u0131 kaybettik maalesef. Tabi hem arkada\u015f\u0131 kaybetme hem de \u00f6l\u00fcm korkusu gibi ciddi kayg\u0131lar ge\u00e7iriyoruz. Tabi biz bu rehabilitasyonu asl\u0131nda m\u00fczikle yap\u0131yoruz. Kendi grubumuz, arkada\u015f grubumuzun i\u00e7inde, evlerde olmayacak \u015fekilde, bah\u00e7elerde bulu\u015fup m\u00fcmk\u00fcn oldu\u011fu kadar sosyal mesafeyi koruyarak, yine maskelerimizi takarak enstr\u00fcman \u00e7alan arkada\u015flara e\u015flik ediyoruz. Bu bizi ger\u00e7ekten rehabilite ediyor, tedavi ediyor. Pandemi s\u00fcrecinden bir nebze de olsa uzakla\u015fmam\u0131z\u0131 sa\u011fl\u0131yor. M\u00fczi\u011fin tedavi edici etkisinden faydalan\u0131yoruz.\u201d<\/p>\n<p>\u201cB\u00fcy\u00fck\u015fehir Belediyesi ve di\u011fer belediyeler en ba\u015f\u0131ndan beri sa\u011fl\u0131k emek\u00e7ilerini desteklediler\u201d<\/p>\n<p>Yeni\u015fehir Mehmet Adnan \u00d6z\u00e7elik Aile Sa\u011fl\u0131\u011f\u0131 Merkezi\u2019nde g\u00f6revli Aile Hekimi Mahir Balo\u011flu da salg\u0131n s\u00fcrecinde belediyelerin sundu\u011fu deste\u011fe dikkat \u00e7ekerek, \u201cMersin\u2019de olmak bizim i\u00e7in bu anlamda bir \u015fans. \u00c7\u00fcnk\u00fc B\u00fcy\u00fck\u015fehir Belediyesi ve di\u011fer belediyeler ba\u015ftan beri sa\u011fl\u0131k emek\u00e7ilerini desteklediler. Bu konser i\u00e7in de bizi arad\u0131lar. Biz de birka\u00e7 g\u00fcnl\u00fck bir \u00e7al\u0131\u015fmayla bir araya geldik. Tabi onlar bizi d\u00fc\u015f\u00fcnm\u00fc\u015f, b\u00f6yle bir \u015fey teklif etmi\u015flerse yok demek olmazd\u0131, biz de geldik\u201d ifadelerine yer verdi.<\/p>\n<p>Kendisine iyi gelen \u015feylerden birisinin de m\u00fczik oldu\u011funu vurgulayan Balo\u011flu, \u201cHastan\u0131n iyile\u015fmesi bizi iyile\u015ftiren \u015feylerin ba\u015f\u0131nda geliyor. \u00c7\u00fcnk\u00fc verdi\u011finiz eme\u011fin kar\u015f\u0131l\u0131\u011f\u0131n\u0131 al\u0131yorsunuz. Bu beni iyile\u015ftiriyor. Onun d\u0131\u015f\u0131nda dostlar\u0131m, m\u00fczik, ailem iyile\u015ftiriyor. \u0130\u00e7inde ya\u015fad\u0131\u011f\u0131m\u0131z toplum ne kadar iyi olursa biz de onun bir par\u00e7as\u0131 olarak iyiye gidiyoruz. Ama toplum tabi s\u0131k\u0131nt\u0131 ya\u015fad\u0131\u011f\u0131 zaman biz de ayn\u0131 s\u0131k\u0131nt\u0131y\u0131 belki de kat kat ya\u015f\u0131yoruz\u201d diye konu\u015ftu.<\/p>\n","protected":false},"excerpt":{"rendered":"<p>Mersin B\u00fcy\u00fck\u015fehir Belediyesi, 14 Mart T\u0131p Bayram\u0131 i\u00e7in sa\u011fl\u0131k emek\u00e7ilerinin sahne ald\u0131\u011f\u0131 \u201c\u0130yili\u011fe \u015eark\u0131lar Konseri\u201d d\u00fczenledi. Mersin Tabip Odas\u0131 Doktorlar Korosu\u2019nun s\u00f6yledi\u011fi \u015fark\u0131lar, bug\u00fcn saat 20.00\u2019de B\u00fcy\u00fck\u015fehir\u2019in sosyal medya hesaplar\u0131nda &hellip; <a href=\"https:\/\/akdenizolaygazetesi.com\/?p=11314\" class=\"more-link\">Devam\u0131n\u0131 Oku&#8230;<\/a><\/p>\n","protected":false},"author":2,"featured_media":11315,"comment_status":"open","ping_status":"open","sticky":false,"template":"","format":"standard","meta":[],"categories":[34,1,2,3,5],"tags":[],"_links":{"self":[{"href":"https:\/\/akdenizolaygazetesi.com\/index.php?rest_route=\/wp\/v2\/posts\/11314"}],"collection":[{"href":"https:\/\/akdenizolaygazetesi.com\/index.php?rest_route=\/wp\/v2\/posts"}],"about":[{"href":"https:\/\/akdenizolaygazetesi.com\/index.php?rest_route=\/wp\/v2\/types\/post"}],"author":[{"embeddable":true,"href":"https:\/\/akdenizolaygazetesi.com\/index.php?rest_route=\/wp\/v2\/users\/2"}],"replies":[{"embeddable":true,"href":"https:\/\/akdenizolaygazetesi.com\/index.php?rest_route=%2Fwp%2Fv2%2Fcomments&post=11314"}],"version-history":[{"count":1,"href":"https:\/\/akdenizolaygazetesi.com\/index.php?rest_route=\/wp\/v2\/posts\/11314\/revisions"}],"predecessor-version":[{"id":11316,"href":"https:\/\/akdenizolaygazetesi.com\/index.php?rest_route=\/wp\/v2\/posts\/11314\/revisions\/11316"}],"wp:featuredmedia":[{"embeddable":true,"href":"https:\/\/akdenizolaygazetesi.com\/index.php?rest_route=\/wp\/v2\/media\/11315"}],"wp:attachment":[{"href":"https:\/\/akdenizolaygazetesi.com\/index.php?rest_route=%2Fwp%2Fv2%2Fmedia&parent=11314"}],"wp:term":[{"taxonomy":"category","embeddable":true,"href":"https:\/\/akdenizolaygazetesi.com\/index.php?rest_route=%2Fwp%2Fv2%2Fcategories&post=11314"},{"taxonomy":"post_tag","embeddable":true,"href":"https:\/\/akdenizolaygazetesi.com\/index.php?rest_route=%2Fwp%2Fv2%2Ftags&post=11314"}],"curies":[{"name":"wp","href":"https:\/\/api.w.org\/{rel}","templated":true}]}}