{"id":11317,"date":"2021-03-14T14:39:05","date_gmt":"2021-03-14T11:39:05","guid":{"rendered":"http:\/\/akdenizolaygazetesi.com\/?p=11317"},"modified":"2021-03-14T14:39:05","modified_gmt":"2021-03-14T11:39:05","slug":"turk-universiteli-kadinlar-derneginden-baskan-secere-ziyaret","status":"publish","type":"post","link":"https:\/\/akdenizolaygazetesi.com\/?p=11317","title":{"rendered":"T\u00dcRK \u00dcN\u0130VERS\u0130TEL\u0130 KADINLAR DERNE\u011e\u0130\u2019NDEN BA\u015eKAN SE\u00c7ER\u2019E Z\u0130YARET"},"content":{"rendered":"<p>T\u00fcrk \u00dcniversiteli Kad\u0131nlar Derne\u011fi Mersin \u015eubesi temsilcileri, 8 Mart D\u00fcnya Kad\u0131nlar G\u00fcn\u00fc kapsam\u0131nda Ba\u015fkan Se\u00e7er\u2019i ziyaret ederek, kad\u0131n odakl\u0131 \u00e7al\u0131\u015fmalar\u0131ndan dolay\u0131 te\u015fekk\u00fcr etti. Ba\u015fkan Se\u00e7er, bir\u00e7ok alanda kad\u0131n\u0131 \u00f6nceleyen bir anlay\u0131\u015fla hareket ettiklerini belirterek, \u201cEkonomik olarak kad\u0131n\u0131n \u00f6zg\u00fcr olmas\u0131 \u00e7ok \u00f6nemli. Yani \u00e7ok ba\u011flay\u0131c\u0131 bir \u015fey. Kad\u0131n, ekonomik olarak \u00f6zg\u00fcr oldu mu di\u011fer konular\u0131n\u0131 daha farkl\u0131 bir bak\u0131\u015f a\u00e7\u0131s\u0131yla, bir \u00f6zg\u00fcrl\u00fck ruhuyla, bir psikolojik rahatl\u0131kla a\u015fabiliyor\u201d dedi.<\/p>\n<p>Mersin\u2019de kad\u0131n\u0131 \u00f6nceleyen \u00e7al\u0131\u015fmalar\u0131n kendilerini mutlu etti\u011fini dile getiren T\u00dcKD Mersin \u015eube Ba\u015fkan\u0131 \u015eerife Ar\u0131c\u0131 Y\u0131ld\u0131z, \u201cBu kentte bizim, sizin gibi ba\u015fkanlar\u0131m\u0131z var. Kad\u0131n kimli\u011fini tan\u0131yan, varl\u0131\u011f\u0131n\u0131 tan\u0131yan ve \u00f6ne \u00e7\u0131karan. B\u00f6yle bir kentte \u00e7al\u0131\u015fmak bizim i\u00e7in \u00e7ok zor de\u011fil a\u00e7\u0131k\u00e7as\u0131. Sizlerin deste\u011fi var arkam\u0131zda\u201d ifadelerini kulland\u0131.<\/p>\n<p>MERS\u0130N (FOTO\u011eRAFLI-G\u00d6R\u00dcNT\u00dcL\u00dc)<\/p>\n<p>Mersin B\u00fcy\u00fck\u015fehir Belediye Ba\u015fkan\u0131 Vahap Se\u00e7er, kad\u0131n istihdam\u0131 ba\u015fta olmak \u00fczere kad\u0131na sosyal ve ekonomik a\u00e7\u0131dan sundu\u011fu desteklerden dolay\u0131 takdir toplamaya devam ediyor. T\u00fcrk \u00dcniversiteli Kad\u0131nlar Derne\u011fi (T\u00dcKD) Mersin \u015eubesi temsilcileri, 8 Mart D\u00fcnya Kad\u0131nlar G\u00fcn\u00fc kapsam\u0131nda kad\u0131n odakl\u0131 \u00e7al\u0131\u015fmalar\u0131ndan dolay\u0131 Ba\u015fkan Se\u00e7er\u2019i makam\u0131nda ziyaret etti. Mersin\u2019de B\u00fcy\u00fck\u015fehir Belediyesi taraf\u0131ndan hayata ge\u00e7irilen projeler ve sunulan destekler ile kad\u0131n eme\u011finin daha da g\u00f6r\u00fcn\u00fcr hale geldi\u011fini belirten dernek temsilcileri, Ba\u015fkan Se\u00e7er\u2019e te\u015fekk\u00fcrlerini iletti.<\/p>\n<p>\u201cBu kentte sizin gibi kad\u0131n kimli\u011fini \u00f6ne \u00e7\u0131karan Ba\u015fkanlar\u0131m\u0131z var\u201d<\/p>\n<p>Ziyaret heyetinde \u015eube Ba\u015fkan\u0131 \u015eerife Ar\u0131c\u0131 Y\u0131ld\u0131z, Y\u00f6netim Kurulu \u00dcyeleri Deniz \u015eehito\u011flu, Fato\u015f Y\u00fcksel Ak\u0131n, Sevda Faydaver, Nil Sezer, G\u00fclseyran Keskin Aslan, Nuray Tanc\u0131l ve G\u00fclsen \u0130kiz yer ald\u0131. T\u00dcKD olarak Mersin\u2019de y\u00fcr\u00fctt\u00fckleri \u00e7al\u0131\u015fmalar hakk\u0131nda bilgiler veren Mersin \u015eube Ba\u015fkan\u0131 \u015eerife Ar\u0131c\u0131 Y\u0131ld\u0131z, \u201cBu kentte bizim, sizin gibi ba\u015fkanlar\u0131m\u0131z var. Kad\u0131n kimli\u011fini, varl\u0131\u011f\u0131n\u0131 tan\u0131yan ve \u00f6ne \u00e7\u0131karan. \u0130stihdam\u0131 ile kad\u0131na y\u00f6nelik hizmetleriyle kad\u0131na sahip \u00e7\u0131kan, belediye y\u00f6netiminde y\u00f6netici olarak onu de\u011ferlendiren. O nedenle size te\u015fekk\u00fcrlerimizi iletiyoruz. B\u00f6yle bir kentte \u00e7al\u0131\u015fmak bizim i\u00e7in \u00e7ok zor de\u011fil a\u00e7\u0131k\u00e7as\u0131. Sizlerin deste\u011fi var arkam\u0131zda\u201d dedi.<\/p>\n<p>\u201cKad\u0131n odakl\u0131 \u00e7al\u0131\u015fmalar\u0131m\u0131zda olumlu geri d\u00f6n\u00fc\u015fler almak bizi memnun ediyor\u201d<\/p>\n<p>T\u00dcKD Ba\u015fkan\u0131 ve Y\u00f6netim Kurulu \u00fcyelerinin ziyaretlerinden dolay\u0131 memnuniyet duydu\u011funu ifade eden Ba\u015fkan Se\u00e7er, \u201c\u00d6ncelikle \u015fahs\u0131ma, belediyedeki y\u00f6netim anlay\u0131\u015f\u0131m\u0131za g\u00f6sterdi\u011finiz olumlu tepki nedeniyle te\u015fekk\u00fcr ediyorum. De\u011ferlendirmeleriniz bizleri memnun ediyor. A\u00e7\u0131k\u00e7as\u0131 g\u00fc\u00e7 veriyor. \u00c7\u00fcnk\u00fc biz burada bir misyon \u00fcstlenerek oturmu\u015f y\u00f6neticileriz. Sorumlulu\u011fumuz var. Kente dair ne varsa her alanda \u00e7al\u0131\u015fma g\u00f6revimiz var. Bunlar g\u00f6revdir bir anlamda ve bir zorunluluktur. Burada yapt\u0131\u011f\u0131m\u0131z i\u015flerin, i\u015flemlerin, uygulad\u0131\u011f\u0131m\u0131z politikalar\u0131n olumlu sonu\u00e7lanmas\u0131 bizi memnun ediyor ve \u015fevkimizi art\u0131r\u0131yor. \u00c7\u00fcnk\u00fc do\u011fru i\u015f yap\u0131yoruz diyoruz. Daha \u00e7ok \u00e7al\u0131\u015fma iste\u011fi oluyor. Kad\u0131n ve kad\u0131na d\u00f6n\u00fck sorunlarda da ger\u00e7ekten sizin s\u00f6yledi\u011finiz gibi olumlu geri d\u00f6n\u00fc\u015fler al\u0131yoruz ve bu bizi ziyadesiyle memnun ediyor\u201d diye konu\u015ftu.<\/p>\n<p>\u201cKad\u0131na y\u00f6nelik \u00e7ok belirgin bir pozitif ayr\u0131mc\u0131l\u0131k uyguluyoruz\u201d<\/p>\n<p>Ba\u015fkan Se\u00e7er, kad\u0131n ve \u00e7ocuklara y\u00f6nelik \u00f6nemli \u00e7al\u0131\u015fmalar yapt\u0131klar\u0131n\u0131 belirterek, \u201cBelediye b\u00fcnyesinde, \u00f6rne\u011fin \u00e7al\u0131\u015fma hayat\u0131nda, \u00e7ok net, \u00e7ok belirgin bir pozitif ayr\u0131mc\u0131l\u0131k uyguluyoruz. Hem b\u00fcrokraside hem alanda \u00e7al\u0131\u015fan hangi stat\u00fcde olursa olsun \u00e7al\u0131\u015fanlar\u0131m\u0131zda bunu da g\u00f6zlemliyorsunuz. \u00d6zellikle \u00f6nem verdi\u011fim konular\u0131n ba\u015f\u0131nda; topluma d\u00f6n\u00fck i\u015flerde, yani vatanda\u015fla y\u00fcz y\u00fcze oldu\u011fumuz i\u015flerde kad\u0131nlar\u0131 tercih ediyoruz. Sokakta, parkta, \u00e7evre d\u00fczeninde, hatta m\u00fcmk\u00fcnse zab\u0131ta al\u0131mlar\u0131nda dahi. Yeter ki gelsinler, onlar zab\u0131ta olsun, onlar sokakta o \u00fcniforma ile g\u00f6r\u00fcns\u00fcnler. \u00c7\u00fcnk\u00fc hakikaten toplumda \u00e7ok farkl\u0131, olumlu bir alg\u0131 yarat\u0131yor. \u0130\u015fte otob\u00fcs kullanan kad\u0131nlar; muazzam bir \u015fey. Daha kibar, daha g\u00f6rsel olarak da \u015f\u0131k, nazik g\u00f6r\u00fcnt\u00fcleri kentin havas\u0131n\u0131 etkiliyor. Bunu g\u00f6rmemek m\u00fcmk\u00fcn de\u011fil. Bunu da \u00e7o\u011faltabiliriz. Burada \u00fcst kademede de m\u00fcmk\u00fcn oldu\u011funca e\u015fitler aras\u0131nda tercihimiz kad\u0131nlar taraf\u0131nda oluyor. Tabi ki liyakat esas\u201d dedi.<\/p>\n<p>\u201cEkonomik olarak kad\u0131n\u0131n \u00f6zg\u00fcr olmas\u0131 \u00e7ok \u00f6nemli\u201d<\/p>\n<p>\u0130mzalad\u0131klar\u0131 toplu i\u015f s\u00f6zle\u015fmesi \u00e7er\u00e7evesinde kad\u0131na \u015fiddet uygulayan \u00e7al\u0131\u015fanla yollar\u0131n\u0131 ay\u0131rd\u0131klar\u0131n\u0131 vurgulayan Se\u00e7er, \u015fu ifadeleri kulland\u0131:<\/p>\n<p>\u201cBu da \u00f6nemli bir \u00e7al\u0131\u015fma diye d\u00fc\u015f\u00fcn\u00fcyorum. Yine Kad\u0131n Dairemiz\u2019in b\u00fcnyesinde \u00e7ok farkl\u0131 faaliyet alanlar\u0131m\u0131z var. Kad\u0131nlar\u0131 misafir etti\u011fimiz Kad\u0131n Konuk Evi\u2019nden onlara sundu\u011fumuz psikolojik, hukuki ya da farkl\u0131 alanlardaki ya\u015fad\u0131klar\u0131 sorunlarla ilgili deste\u011fe kadar bir\u00e7ok alanda yanlar\u0131nda oluyoruz. \u00d6zellikle ekonomik olarak kad\u0131n\u0131n \u00f6zg\u00fcr olmas\u0131 \u00e7ok \u00f6nemli. Yani \u00e7ok ba\u011flay\u0131c\u0131 bir \u015fey. Kad\u0131n ekonomik olarak \u00f6zg\u00fcr oldu mu di\u011fer konular\u0131n\u0131 daha farkl\u0131 bir bak\u0131\u015f a\u00e7\u0131s\u0131yla, bir \u00f6zg\u00fcrl\u00fck ruhuyla, bir psikolojik rahatl\u0131kla a\u015fabiliyor. Ama bir yere ba\u011f\u0131ml\u0131 oldu\u011fu zaman, ekonomik ba\u011f\u0131ml\u0131l\u0131\u011f\u0131 oldu\u011fu zaman di\u011fer sorunlar\u0131n\u0131 \u00e7\u00f6zmede de s\u0131k\u0131nt\u0131 ya\u015f\u0131yor. Yani di\u011fer kararlar\u0131n\u0131 al\u0131rken o hep aya\u011f\u0131n\u0131n alt\u0131nda bir ba\u011f olarak oluyor. Buna da \u00e7ok \u00f6nem veriyoruz. Mersin\u2019de faaliyet g\u00f6steren t\u00fcm kad\u0131n kooperatifleri bizim i\u00e7in de\u011ferli. Hepsiyle de temaslar\u0131m\u0131z var, desteklerimiz s\u00fcr\u00fcyor. \u0130stiyoruz ki kad\u0131n eme\u011fi ekonomik de\u011fere d\u00f6n\u00fc\u015fs\u00fcn; ki Mersin de \u00e7ok bereketli bir yap\u0131 bu konuda. Mersin\u2019in kad\u0131n\u0131 da ger\u00e7ekten \u00e7ok \u00e7al\u0131\u015fkan. \u0130n\u015fallah \u00e7ok daha g\u00fczel i\u015fler yapar\u0131z. Sizler de \u00f6nemli i\u015fler yap\u0131yorsunuz. Sizin gibi ayn\u0131 felsefede, k\u00fclt\u00fcrde hareket eden di\u011fer STK\u2019lar, kad\u0131n \u00f6zelinde spesifik olarak \u00e7al\u0131\u015fan ya da genel anlamda kurulmu\u015f olan sivil toplum \u00f6rg\u00fctlerinin yine kad\u0131nlarla ilgili \u00e7al\u0131\u015fmalar\u0131 ya da meslek \u00f6rg\u00fctleri ile elimizden geldi\u011fince i\u015fbirli\u011fi yap\u0131yoruz.\u201d<\/p>\n","protected":false},"excerpt":{"rendered":"<p>T\u00fcrk \u00dcniversiteli Kad\u0131nlar Derne\u011fi Mersin \u015eubesi temsilcileri, 8 Mart D\u00fcnya Kad\u0131nlar G\u00fcn\u00fc kapsam\u0131nda Ba\u015fkan Se\u00e7er\u2019i ziyaret ederek, kad\u0131n odakl\u0131 \u00e7al\u0131\u015fmalar\u0131ndan dolay\u0131 te\u015fekk\u00fcr etti. Ba\u015fkan Se\u00e7er, bir\u00e7ok alanda kad\u0131n\u0131 \u00f6nceleyen bir &hellip; <a href=\"https:\/\/akdenizolaygazetesi.com\/?p=11317\" class=\"more-link\">Devam\u0131n\u0131 Oku&#8230;<\/a><\/p>\n","protected":false},"author":2,"featured_media":11318,"comment_status":"open","ping_status":"open","sticky":false,"template":"","format":"standard","meta":[],"categories":[34,1,2,3,5],"tags":[],"_links":{"self":[{"href":"https:\/\/akdenizolaygazetesi.com\/index.php?rest_route=\/wp\/v2\/posts\/11317"}],"collection":[{"href":"https:\/\/akdenizolaygazetesi.com\/index.php?rest_route=\/wp\/v2\/posts"}],"about":[{"href":"https:\/\/akdenizolaygazetesi.com\/index.php?rest_route=\/wp\/v2\/types\/post"}],"author":[{"embeddable":true,"href":"https:\/\/akdenizolaygazetesi.com\/index.php?rest_route=\/wp\/v2\/users\/2"}],"replies":[{"embeddable":true,"href":"https:\/\/akdenizolaygazetesi.com\/index.php?rest_route=%2Fwp%2Fv2%2Fcomments&post=11317"}],"version-history":[{"count":1,"href":"https:\/\/akdenizolaygazetesi.com\/index.php?rest_route=\/wp\/v2\/posts\/11317\/revisions"}],"predecessor-version":[{"id":11319,"href":"https:\/\/akdenizolaygazetesi.com\/index.php?rest_route=\/wp\/v2\/posts\/11317\/revisions\/11319"}],"wp:featuredmedia":[{"embeddable":true,"href":"https:\/\/akdenizolaygazetesi.com\/index.php?rest_route=\/wp\/v2\/media\/11318"}],"wp:attachment":[{"href":"https:\/\/akdenizolaygazetesi.com\/index.php?rest_route=%2Fwp%2Fv2%2Fmedia&parent=11317"}],"wp:term":[{"taxonomy":"category","embeddable":true,"href":"https:\/\/akdenizolaygazetesi.com\/index.php?rest_route=%2Fwp%2Fv2%2Fcategories&post=11317"},{"taxonomy":"post_tag","embeddable":true,"href":"https:\/\/akdenizolaygazetesi.com\/index.php?rest_route=%2Fwp%2Fv2%2Ftags&post=11317"}],"curies":[{"name":"wp","href":"https:\/\/api.w.org\/{rel}","templated":true}]}}