{"id":1132,"date":"2020-11-04T18:21:43","date_gmt":"2020-11-04T15:21:43","guid":{"rendered":"http:\/\/mersinekonomipolitikagazetesi.com\/?p=1132"},"modified":"2020-11-04T18:21:43","modified_gmt":"2020-11-04T15:21:43","slug":"engellilerden-gorkemli-defile","status":"publish","type":"post","link":"https:\/\/akdenizolaygazetesi.com\/?p=1132","title":{"rendered":"Engellilerden g\u00f6rkemli defile"},"content":{"rendered":"<p>Mersin B\u00fcy\u00fck\u015fehir Belediyesi taraf\u0131ndan Engelliler Haftas\u0131 dolay\u0131s\u0131yla d\u00fczenlenen etkinlikte, engelli bireyler &#8216;Engelsiz Podyum&#8217; defilesi ger\u00e7ekle\u015ftirdi.<\/p>\n<p>Forum Al\u0131\u015fveri\u015f Merkezi Sanat\u00e7\u0131lar Meydan\u0131nda, B\u00fcy\u00fck\u015fehir Belediyesi Bando Tak\u0131m\u0131n\u0131n konseri ile ba\u015flayan &#8216;Engelsiz Podyum&#8217; etkinli\u011finde, \u00d6zel \u0130lgi Rehabilitasyon Merkezi \u00f6\u011frencileri jimnastik g\u00f6sterilerini sergilerken, Metin U\u011fur Sar\u0131kaya \u00d6zel E\u011fitim ve Rehabilitasyon Merkezi \u00f6\u011frencileri damat halay\u0131 ve harmandal\u0131 performanslar\u0131 ile izleyenlere keyifli dakikalar ya\u015fatt\u0131lar.<br \/>\nYunus Emre \u0130\u015fitme Engelliler Okulu Halk oyunlar\u0131 ekibi g\u00f6sterdi\u011fi performans ile b\u00fcy\u00fck alk\u0131\u015f ald\u0131. Performanslar\u0131 sonras\u0131 &#8216;M\u00fczi\u011fi be\u011fendiniz mi? Biz m\u00fczi\u011fi duymad\u0131k&#8217; yaz\u0131l\u0131 afi\u015flerle selamlama yapan \u00f6\u011frenciler, vatanda\u015flara duygusal anlar ya\u015fatt\u0131lar.<br \/>\n\u0130\u015fitme, g\u00f6rme, bedensel ve zihinsel engelli gen\u00e7ler y\u00f6resel ve Osmanl\u0131 d\u00f6nemini yans\u0131tan k\u0131yafetlerle izleyenlerin kar\u015f\u0131s\u0131na \u00e7\u0131kt\u0131. Toplam 36 k\u0131yafetin yer ald\u0131\u011f\u0131 defilede, engelli gen\u00e7ler izleyenlerin be\u011fenisini kazand\u0131. Asker k\u0131yafeti giyen engelli bireylerin heyecan\u0131 y\u00fczlerinden okunurken, aileleri duygusal anlar ya\u015fayarak g\u00f6zya\u015flar\u0131na engel olamad\u0131.<br \/>\nAnemon dans grubunun zumba g\u00f6sterisi ile devam eden etkinlikte, vatanda\u015flar alk\u0131\u015flarla engelli bireylere destek oldular. Zumba g\u00f6sterisini d\u00fczenleyen gruba Mersin B\u00fcy\u00fck\u015fehir Belediyesi Engelliler Dairesi Ba\u015fkan\u0131 Hasan Celal Ta\u015f taraf\u0131ndan plaket verildi.<br \/>\nEtkinlik boyunca a\u00e7\u0131lan stantlarda el sanatlar\u0131 sergisi yer al\u0131rken, minik \u00e7ocuklar i\u00e7in de el izi panosu olu\u015fturularak \u00e7ocuklar\u0131n parmak boyas\u0131 yaparak e\u011flenmesi sa\u011fland\u0131. Stantlarda yer alan uzmanlar taraf\u0131ndan g\u00f6rme, i\u015fitme, ve zihinsel engelli bireylerin kulland\u0131\u011f\u0131 medikal malzeme ve cihazlar hakk\u0131nda, engelli haklar\u0131 ve yasal mevzuat konular\u0131nda bilgilendirmeler yap\u0131ld\u0131.<br \/>\nDefilenin sonunda Mersin B\u00fcy\u00fck\u015fehir Belediyesi Genel Sekreter Yard\u0131mc\u0131s\u0131 Mustafa Kemal \u00c7okako\u011flu taraf\u0131ndan engelli gen\u00e7lere \u00f6d\u00fclleri verildi.<\/p>\n","protected":false},"excerpt":{"rendered":"<p>Mersin B\u00fcy\u00fck\u015fehir Belediyesi taraf\u0131ndan Engelliler Haftas\u0131 dolay\u0131s\u0131yla d\u00fczenlenen etkinlikte, engelli bireyler &#8216;Engelsiz Podyum&#8217; defilesi ger\u00e7ekle\u015ftirdi. Forum Al\u0131\u015fveri\u015f Merkezi Sanat\u00e7\u0131lar Meydan\u0131nda, B\u00fcy\u00fck\u015fehir Belediyesi Bando Tak\u0131m\u0131n\u0131n konseri ile ba\u015flayan &#8216;Engelsiz Podyum&#8217; etkinli\u011finde, &hellip; <a href=\"https:\/\/akdenizolaygazetesi.com\/?p=1132\" class=\"more-link\">Devam\u0131n\u0131 Oku&#8230;<\/a><\/p>\n","protected":false},"author":1,"featured_media":0,"comment_status":"open","ping_status":"open","sticky":false,"template":"","format":"standard","meta":[],"categories":[],"tags":[],"_links":{"self":[{"href":"https:\/\/akdenizolaygazetesi.com\/index.php?rest_route=\/wp\/v2\/posts\/1132"}],"collection":[{"href":"https:\/\/akdenizolaygazetesi.com\/index.php?rest_route=\/wp\/v2\/posts"}],"about":[{"href":"https:\/\/akdenizolaygazetesi.com\/index.php?rest_route=\/wp\/v2\/types\/post"}],"author":[{"embeddable":true,"href":"https:\/\/akdenizolaygazetesi.com\/index.php?rest_route=\/wp\/v2\/users\/1"}],"replies":[{"embeddable":true,"href":"https:\/\/akdenizolaygazetesi.com\/index.php?rest_route=%2Fwp%2Fv2%2Fcomments&post=1132"}],"version-history":[{"count":0,"href":"https:\/\/akdenizolaygazetesi.com\/index.php?rest_route=\/wp\/v2\/posts\/1132\/revisions"}],"wp:attachment":[{"href":"https:\/\/akdenizolaygazetesi.com\/index.php?rest_route=%2Fwp%2Fv2%2Fmedia&parent=1132"}],"wp:term":[{"taxonomy":"category","embeddable":true,"href":"https:\/\/akdenizolaygazetesi.com\/index.php?rest_route=%2Fwp%2Fv2%2Fcategories&post=1132"},{"taxonomy":"post_tag","embeddable":true,"href":"https:\/\/akdenizolaygazetesi.com\/index.php?rest_route=%2Fwp%2Fv2%2Ftags&post=1132"}],"curies":[{"name":"wp","href":"https:\/\/api.w.org\/{rel}","templated":true}]}}