{"id":11320,"date":"2021-03-14T14:41:08","date_gmt":"2021-03-14T11:41:08","guid":{"rendered":"http:\/\/akdenizolaygazetesi.com\/?p=11320"},"modified":"2021-03-14T14:41:08","modified_gmt":"2021-03-14T11:41:08","slug":"buyuksehir-belediye-baskan-vekili-gulcan-kis-saglik-kahramanlari-parkinin-acilis-torenine-katildi","status":"publish","type":"post","link":"https:\/\/akdenizolaygazetesi.com\/?p=11320","title":{"rendered":"B\u00dcY\u00dcK\u015eEH\u0130R BELED\u0130YE BA\u015eKAN VEK\u0130L\u0130 G\u00dcLCAN KI\u015e, \u201cSA\u011eLIK KAHRAMANLARI PARKI\u201dNIN A\u00c7ILI\u015e T\u00d6REN\u0130NE KATILDI"},"content":{"rendered":"<p>Mersin B\u00fcy\u00fck\u015fehir Belediye Ba\u015fkan Vekili G\u00fclcan K\u0131\u015f, Toroslar Belediyesi taraf\u0131ndan yap\u0131lan \u2018Sa\u011fl\u0131k Kahramanlar\u0131 Park\u0131\u2019n\u0131n a\u00e7\u0131l\u0131\u015f t\u00f6renine kat\u0131larak, \u201cBu parkta b\u00fcy\u00fcyecek olan \u00e7ocuklar\u0131m\u0131z, y\u0131llar sonra t\u00fcm insanl\u0131\u011f\u0131 tehdit eden bu amans\u0131z salg\u0131na kar\u015f\u0131 m\u00fccadele eden kahramanlar\u0131m\u0131z\u0131 daima \u015f\u00fckran ile hat\u0131rlayacak\u201d dedi.<\/p>\n<p>MERS\u0130N\/ (FOTO\u011eRAFLI-G\u00d6R\u00dcNT\u00dcL\u00dc)<\/p>\n<p>Mersin B\u00fcy\u00fck\u015fehir Belediye Ba\u015fkan Vekili G\u00fclcan K\u0131\u015f, Toroslar \u0130l\u00e7esi Korukent Mahallesi\u2019nde Toroslar Belediyesi taraf\u0131ndan 14 Mart T\u0131p Bayram\u0131\u2019ndan bir g\u00fcn \u00f6nce a\u00e7\u0131lan \u2018Sa\u011fl\u0131k Kahramanlar\u0131 Park\u0131 i\u00e7in d\u00fczenlenen t\u00f6renine kat\u0131ld\u0131.<\/p>\n<p>T\u00f6rene B\u00fcy\u00fck\u015fehir Belediye Ba\u015fkan Vekili G\u00fclcan K\u0131\u015f\u2019\u0131n yan\u0131 s\u0131ra Mersin Valisi Ali \u0130hsan Su, AK Parti Mersin Milletvekili Hac\u0131 \u00d6zkan, MHP Mersin Milletvekilleri Baki \u015eim\u015fek ile Olcay K\u0131lavuz, Toroslar Kaymakam\u0131 Ahmet Hikmet \u015eahin, Mersin \u0130l Emniyet M\u00fcd\u00fcr\u00fc Mehmet \u015eahne, Toroslar Belediye Ba\u015fkan\u0131 Ats\u0131z Af\u015f\u0131n Y\u0131lmaz, Akdeniz Belediye Ba\u015fkan\u0131 Mustafa Muhammet G\u00fcltak, Kuzey K\u0131br\u0131s T\u00fcrk Cumhuriyeti (KKTC) Mersin Ba\u015fkonsolosu Zalihe Mendeli,  siyasi parti ve sivil toplum kurulu\u015fu temsilcileri, sa\u011fl\u0131k \u00e7al\u0131\u015fanlar\u0131 ve ya\u015fam\u0131n\u0131 yitiren sa\u011fl\u0131k \u00e7al\u0131\u015fanlar\u0131n\u0131n aileleri kat\u0131ld\u0131.<\/p>\n<p>Ba\u015fkan Vekili K\u0131\u015f: \u201cBurada \u00f6zel ve anlaml\u0131 bir birlikteli\u011fi ger\u00e7ekle\u015ftiriyoruz\u201d<\/p>\n<p>B\u00fcy\u00fck\u015fehir Belediye Ba\u015fkan Vekili G\u00fclcan K\u0131\u015f, a\u00e7\u0131l\u0131\u015fta yapt\u0131\u011f\u0131 konu\u015fmas\u0131nda sa\u011fl\u0131k \u00e7al\u0131\u015fanlar\u0131n\u0131n \u00fcst\u00fcn bir fedak\u00e2rl\u0131k g\u00f6sterdiklerini belirtti. K\u0131\u015f, \u015funlar\u0131 s\u00f6yledi:<\/p>\n<p>\u201cBug\u00fcn burada, sadece bir park a\u00e7\u0131l\u0131\u015f\u0131 yapm\u0131yoruz. \u00c7ok \u00f6zel ve \u00e7ok anlaml\u0131 bir birlikteli\u011fi ger\u00e7ekle\u015ftiriyoruz asl\u0131nda. Hepimizin bildi\u011fi gibi yakla\u015f\u0131k bir y\u0131ld\u0131r bu pandemi s\u00fcrecinin de en \u00f6n\u00fcnde, canlar\u0131 pahas\u0131na m\u00fccadele eden sa\u011fl\u0131k \u00e7al\u0131\u015fanlar\u0131m\u0131z, 24 saat esas\u0131yla \u00e7al\u0131\u015ft\u0131lar. Hala da \u00e7al\u0131\u015f\u0131yorlar. Bir ki\u015fiyi daha kaybetmemek u\u011fruna gece g\u00fcnd\u00fcz demeden ailelerini, \u00e7ocuklar\u0131n\u0131 dahi g\u00f6rmeden; \u00e7ok \u00fcst\u00fcn bir fedak\u00e2rl\u0131k g\u00f6sterdiler; Hala da g\u00f6steriyorlar. \u0130yi ki onlar var diyorum! \u0130yi ki sa\u011fl\u0131\u011f\u0131m\u0131z\u0131 onlara emanet ediyoruz. Onlara \u00e7ok ama \u00e7ok \u015fey bor\u00e7luyuz!\u201d<\/p>\n<p>\u201cSa\u011fl\u0131k \u00e7al\u0131\u015fanlar\u0131m\u0131z\u0131n ailelerine te\u015fekk\u00fcr ediyorum\u201d<\/p>\n<p>G\u00fclcan K\u0131\u015f, salg\u0131n s\u00fcrecinde T\u00fcrkiye genelinde yakla\u015f\u0131k 385 sa\u011fl\u0131k \u00e7al\u0131\u015fan\u0131n\u0131n ya\u015fam\u0131n\u0131 kaybetti\u011fini belirtti. Mersin\u2019de de 9\u2019u doktor olmak \u00fczere 19 sa\u011fl\u0131k \u00e7al\u0131\u015fan\u0131n\u0131n \u015fehit oldu\u011funu vurgulayan K\u0131\u015f, \u201cBa\u015fkalar\u0131 ya\u015fas\u0131n diye, kendi hayatlar\u0131n\u0131 feda edecek kadar \u00f6zverili olan sa\u011fl\u0131k \u00e7al\u0131\u015fanlar\u0131m\u0131z\u0131n ailelerine de sizlerin huzurunda te\u015fekk\u00fcr etmek istiyorum. Onlara m\u00fcte\u015fekkiriz!\u201d diye konu\u015ftu.<\/p>\n<p>\u201cSa\u011fl\u0131k \u00e7al\u0131\u015fanlar\u0131 i\u00e7in ne yapsak, ne s\u00f6ylesek eksik kalacak\u201d<\/p>\n<p>Toroslar Belediyesi\u2019nin a\u00e7\u0131l\u0131\u015f\u0131n\u0131 yapt\u0131\u011f\u0131 parkla sa\u011fl\u0131k kahramanlar\u0131n\u0131 \u00f6l\u00fcms\u00fczle\u015ftirmek ad\u0131na \u00f6nemli bir ad\u0131m att\u0131\u011f\u0131n\u0131 belirten K\u0131\u015f, \u201cAsl\u0131nda bu s\u0131radan bir park de\u011fil. Bu parkta b\u00fcy\u00fcyecek olan \u00e7ocuklar\u0131m\u0131z, y\u0131llar sonra t\u00fcm insanl\u0131\u011f\u0131 tehdit eden bu amans\u0131z salg\u0131na kar\u015f\u0131 m\u00fccadele eden kahramanlar\u0131m\u0131z\u0131 daima \u015f\u00fckran ile hat\u0131rlayacak. Bizler, her zaman oldu\u011fu gibi onlardan da deste\u011fimizi asla esirgemeyece\u011fiz. Sa\u011fl\u0131k \u00e7al\u0131\u015fanlar\u0131 i\u00e7in ne yapsak, ne s\u00f6ylesek eksik kalacak bunu \u00e7ok iyi biliyorum. Bu vesileyle Toroslar Belediye Ba\u015fkan\u0131m\u0131z Say\u0131n Ats\u0131z Af\u015f\u0131n Y\u0131lmaz Beyefendi\u2019ye ve bu park\u0131n yap\u0131m\u0131nda eme\u011fi ge\u00e7en Toroslar Belediyesi\u2019ne huzurlar\u0131n\u0131zda te\u015fekk\u00fcr ediyorum\u201d ifadelerine yer verdi.<\/p>\n<p>\u201cSa\u011fl\u0131k \u00e7al\u0131\u015fanlar\u0131m\u0131z\u0131n ve k\u0131ymetli ailelerinin yan\u0131nda olmay\u0131 s\u00fcrd\u00fcrece\u011fiz\u201d<\/p>\n<p>S\u00f6zlerini bitirirken insanl\u0131k u\u011fruna isimlerini y\u00fcreklere ve tarihe yazd\u0131ran sa\u011fl\u0131k kahramanlar\u0131na Allah\u2019tan rahmet dileyen K\u0131\u015f, \u201cB\u00fcy\u00fck\u015fehir Belediye Ba\u015fkan\u0131m\u0131z Say\u0131n Vahap Se\u00e7er\u2019in \u00f6nc\u00fcl\u00fc\u011f\u00fcnde, vatanda\u015flar\u0131m\u0131z\u0131n oldu\u011fu gibi; sa\u011fl\u0131k \u00e7al\u0131\u015fanlar\u0131m\u0131z\u0131n ve k\u0131ymetli ailelerinin de daima yan\u0131nda olmay\u0131 s\u00fcrd\u00fcrece\u011fimizi belirtiyor, hepinizi en i\u00e7ten duygular\u0131mla selaml\u0131yorum\u201d dedi.<\/p>\n<p>Park\u0131n ve parkta yer alan Sa\u011fl\u0131k \u00c7al\u0131\u015fanlar\u0131 An\u0131t\u0131\u2019n\u0131n a\u00e7\u0131l\u0131\u015f\u0131n\u0131n ard\u0131ndan sa\u011fl\u0131k kahramanlar\u0131n\u0131n ailelerine plaket takdim edildi.<\/p>\n","protected":false},"excerpt":{"rendered":"<p>Mersin B\u00fcy\u00fck\u015fehir Belediye Ba\u015fkan Vekili G\u00fclcan K\u0131\u015f, Toroslar Belediyesi taraf\u0131ndan yap\u0131lan \u2018Sa\u011fl\u0131k Kahramanlar\u0131 Park\u0131\u2019n\u0131n a\u00e7\u0131l\u0131\u015f t\u00f6renine kat\u0131larak, \u201cBu parkta b\u00fcy\u00fcyecek olan \u00e7ocuklar\u0131m\u0131z, y\u0131llar sonra t\u00fcm insanl\u0131\u011f\u0131 tehdit eden bu amans\u0131z &hellip; <a href=\"https:\/\/akdenizolaygazetesi.com\/?p=11320\" class=\"more-link\">Devam\u0131n\u0131 Oku&#8230;<\/a><\/p>\n","protected":false},"author":2,"featured_media":11321,"comment_status":"open","ping_status":"open","sticky":false,"template":"","format":"standard","meta":[],"categories":[34,1,2,3,5],"tags":[],"_links":{"self":[{"href":"https:\/\/akdenizolaygazetesi.com\/index.php?rest_route=\/wp\/v2\/posts\/11320"}],"collection":[{"href":"https:\/\/akdenizolaygazetesi.com\/index.php?rest_route=\/wp\/v2\/posts"}],"about":[{"href":"https:\/\/akdenizolaygazetesi.com\/index.php?rest_route=\/wp\/v2\/types\/post"}],"author":[{"embeddable":true,"href":"https:\/\/akdenizolaygazetesi.com\/index.php?rest_route=\/wp\/v2\/users\/2"}],"replies":[{"embeddable":true,"href":"https:\/\/akdenizolaygazetesi.com\/index.php?rest_route=%2Fwp%2Fv2%2Fcomments&post=11320"}],"version-history":[{"count":1,"href":"https:\/\/akdenizolaygazetesi.com\/index.php?rest_route=\/wp\/v2\/posts\/11320\/revisions"}],"predecessor-version":[{"id":11322,"href":"https:\/\/akdenizolaygazetesi.com\/index.php?rest_route=\/wp\/v2\/posts\/11320\/revisions\/11322"}],"wp:featuredmedia":[{"embeddable":true,"href":"https:\/\/akdenizolaygazetesi.com\/index.php?rest_route=\/wp\/v2\/media\/11321"}],"wp:attachment":[{"href":"https:\/\/akdenizolaygazetesi.com\/index.php?rest_route=%2Fwp%2Fv2%2Fmedia&parent=11320"}],"wp:term":[{"taxonomy":"category","embeddable":true,"href":"https:\/\/akdenizolaygazetesi.com\/index.php?rest_route=%2Fwp%2Fv2%2Fcategories&post=11320"},{"taxonomy":"post_tag","embeddable":true,"href":"https:\/\/akdenizolaygazetesi.com\/index.php?rest_route=%2Fwp%2Fv2%2Ftags&post=11320"}],"curies":[{"name":"wp","href":"https:\/\/api.w.org\/{rel}","templated":true}]}}