{"id":11326,"date":"2021-03-14T14:45:34","date_gmt":"2021-03-14T11:45:34","guid":{"rendered":"http:\/\/akdenizolaygazetesi.com\/?p=11326"},"modified":"2021-03-14T14:45:34","modified_gmt":"2021-03-14T11:45:34","slug":"mersin-buyuksehirden-saglik-calisanlarina-14-mart-surprizi","status":"publish","type":"post","link":"https:\/\/akdenizolaygazetesi.com\/?p=11326","title":{"rendered":"MERS\u0130N B\u00dcY\u00dcK\u015eEH\u0130R\u2019DEN SA\u011eLIK \u00c7ALI\u015eANLARINA 14 MART S\u00dcRPR\u0130Z\u0130"},"content":{"rendered":"<p>Mersin B\u00fcy\u00fck\u015fehir Belediyesi, sa\u011fl\u0131k \u00e7al\u0131\u015fanlar\u0131n\u0131n 14 Mart T\u0131p Bayram\u0131\u2019n\u0131 \u00e7i\u00e7ek ve \u00e7ikolatalarla kutlad\u0131. Devlet hastanelerinin acil servislerini ziyaret eden B\u00fcy\u00fck\u015fehir\u2019in doktor ve hem\u015fireleri, meslekta\u015flar\u0131na anlaml\u0131 bir s\u00fcrpriz yapt\u0131. Engelliler ve Sa\u011fl\u0131k Hizmetleri Dairesi Halk Sa\u011fl\u0131\u011f\u0131 ve Denetim \u015eube M\u00fcd\u00fcr\u00fc Uzm. Dr. Bahar G\u00fclcay \u00c7at Bak\u0131r, \u201cY\u0131llarca co\u015fkuyla kutlad\u0131\u011f\u0131m\u0131z bug\u00fcn\u00fc bu sene buruk kutlamak durumunda kald\u0131k\u201d dedi.<\/p>\n<p>MERS\u0130N\/ (FOTO\u011eRAFLI-G\u00d6R\u00dcNT\u00dcL\u00dc)<\/p>\n<p>Mersin B\u00fcy\u00fck\u015fehir Belediyesi Engelliler ve Sa\u011fl\u0131k Hizmetleri Dairesi, 14 Mart T\u0131p Bayram\u0131\u2019nda anlaml\u0131 bir s\u00fcrprize imza att\u0131. B\u00fcy\u00fck\u015fehir\u2019in doktor ve hem\u015fireleri, devlet hastanelerinin acil servislerini ziyaret ederek meslekta\u015flar\u0131na \u00e7i\u00e7ek ve \u00e7ikolata hediye etti. Sa\u011fl\u0131k \u00e7al\u0131\u015fanlar\u0131, ya\u015fan\u0131lan zorlu d\u00f6nemde bu tarz bir s\u00fcrprizin y\u00fczlerini g\u00fcld\u00fcrd\u00fc\u011f\u00fcn\u00fc s\u00f6yledi.<\/p>\n<p>Acil servislerdeki sa\u011fl\u0131k \u00e7al\u0131\u015fanlar\u0131n\u0131 ziyaret ettiler<\/p>\n<p>Bu y\u0131l pazar g\u00fcn\u00fcne denk gelen 14 Mart T\u0131p Bayram\u0131\u2019nda doktorlar ve sa\u011fl\u0131k \u00e7al\u0131\u015fanlar\u0131 g\u00f6revinin ba\u015f\u0131ndayd\u0131. B\u00fcy\u00fck\u015fehir Belediyesi\u2019nin doktor ve hem\u015fireleri, sabah\u0131n erken saatlerinde Mersin \u00dcniversitesi T\u0131p Fak\u00fcltesi Hastanesi, Toros Devlet Hastanesi ve Mersin \u015eehir Hastanesi\u2019nin acil servislerini ziyaret ederek, meslekta\u015flar\u0131n\u0131n T\u0131p Bayram\u0131\u2019n\u0131 kutlad\u0131.<\/p>\n<p>\u201cBug\u00fcn\u00fc bu sene buruk kutlamak durumunda kald\u0131k\u201d<\/p>\n<p>Engelliler ve Sa\u011fl\u0131k Hizmetleri Dairesi\u2019nde g\u00f6revli Halk Sa\u011fl\u0131\u011f\u0131 ve Denetim \u015eube M\u00fcd\u00fcr\u00fc Uzman Doktor Bahar G\u00fclcay \u00c7at Bak\u0131r, \u201cY\u0131llarca co\u015fkuyla kutlad\u0131\u011f\u0131m\u0131z bug\u00fcn\u00fc bu sene buruk kutlamak durumunda kald\u0131k. Yo\u011fun \u00e7al\u0131\u015fma \u015fartlar\u0131 her zaman hayat\u0131m\u0131z\u0131n par\u00e7as\u0131yd\u0131 ancak bu sene \u00e7ok can kayb\u0131m\u0131z oldu. \u00c7ok meslekta\u015f\u0131m\u0131z vir\u00fcse yenik d\u00fc\u015ft\u00fc. Hi\u00e7bir ko\u015fulda elimizi b\u0131rakmayan ve bu m\u00fccadelenin ba\u015fkahraman\u0131 olan sa\u011fl\u0131k camiam\u0131z\u0131n 14 Mart T\u0131p Bayram\u0131\u2019n\u0131 Belediye Ba\u015fkan\u0131m\u0131z Say\u0131n Vahap Se\u00e7er ad\u0131na Mersin B\u00fcy\u00fck\u015fehir Belediyesi olarak kutluyoruz. Pandemide hayat\u0131n\u0131 kaybeden t\u00fcm sa\u011fl\u0131k \u00e7al\u0131\u015fanlar\u0131n\u0131 da minnetle an\u0131yoruz\u201d dedi.<\/p>\n<p>\u201cHat\u0131rlanmak \u00e7ok g\u00fczel bir \u015fey\u201d<\/p>\n<p>Mersin \u015eehir Hastanesi acil servis doktorlar\u0131ndan Ersin \u00d6z de B\u00fcy\u00fck\u015fehir ekiplerinin s\u00fcrprizinden duydu\u011fu mutlulu\u011fu, \u201cBu g\u00fczel g\u00fcn\u00fcm\u00fczde yan\u0131m\u0131zda sizleri g\u00f6rmek bizi mutlu etti a\u00e7\u0131k\u00e7as\u0131. Bu zor g\u00fcnlerimizde biz her zaman \u00f6n saflarda sava\u015fmaya devam edece\u011fiz. Ama hat\u0131rlanmak \u00e7ok g\u00fczel bir \u015fey. Sizlere ve Ba\u015fkan\u0131m\u0131z\u2019a \u00e7ok te\u015fekk\u00fcr ediyoruz\u201d s\u00f6zleriyle ifade etti.<\/p>\n","protected":false},"excerpt":{"rendered":"<p>Mersin B\u00fcy\u00fck\u015fehir Belediyesi, sa\u011fl\u0131k \u00e7al\u0131\u015fanlar\u0131n\u0131n 14 Mart T\u0131p Bayram\u0131\u2019n\u0131 \u00e7i\u00e7ek ve \u00e7ikolatalarla kutlad\u0131. Devlet hastanelerinin acil servislerini ziyaret eden B\u00fcy\u00fck\u015fehir\u2019in doktor ve hem\u015fireleri, meslekta\u015flar\u0131na anlaml\u0131 bir s\u00fcrpriz yapt\u0131. Engelliler ve &hellip; <a href=\"https:\/\/akdenizolaygazetesi.com\/?p=11326\" class=\"more-link\">Devam\u0131n\u0131 Oku&#8230;<\/a><\/p>\n","protected":false},"author":2,"featured_media":11327,"comment_status":"open","ping_status":"open","sticky":false,"template":"","format":"standard","meta":[],"categories":[34,1,2,3,5],"tags":[],"_links":{"self":[{"href":"https:\/\/akdenizolaygazetesi.com\/index.php?rest_route=\/wp\/v2\/posts\/11326"}],"collection":[{"href":"https:\/\/akdenizolaygazetesi.com\/index.php?rest_route=\/wp\/v2\/posts"}],"about":[{"href":"https:\/\/akdenizolaygazetesi.com\/index.php?rest_route=\/wp\/v2\/types\/post"}],"author":[{"embeddable":true,"href":"https:\/\/akdenizolaygazetesi.com\/index.php?rest_route=\/wp\/v2\/users\/2"}],"replies":[{"embeddable":true,"href":"https:\/\/akdenizolaygazetesi.com\/index.php?rest_route=%2Fwp%2Fv2%2Fcomments&post=11326"}],"version-history":[{"count":1,"href":"https:\/\/akdenizolaygazetesi.com\/index.php?rest_route=\/wp\/v2\/posts\/11326\/revisions"}],"predecessor-version":[{"id":11328,"href":"https:\/\/akdenizolaygazetesi.com\/index.php?rest_route=\/wp\/v2\/posts\/11326\/revisions\/11328"}],"wp:featuredmedia":[{"embeddable":true,"href":"https:\/\/akdenizolaygazetesi.com\/index.php?rest_route=\/wp\/v2\/media\/11327"}],"wp:attachment":[{"href":"https:\/\/akdenizolaygazetesi.com\/index.php?rest_route=%2Fwp%2Fv2%2Fmedia&parent=11326"}],"wp:term":[{"taxonomy":"category","embeddable":true,"href":"https:\/\/akdenizolaygazetesi.com\/index.php?rest_route=%2Fwp%2Fv2%2Fcategories&post=11326"},{"taxonomy":"post_tag","embeddable":true,"href":"https:\/\/akdenizolaygazetesi.com\/index.php?rest_route=%2Fwp%2Fv2%2Ftags&post=11326"}],"curies":[{"name":"wp","href":"https:\/\/api.w.org\/{rel}","templated":true}]}}