{"id":11329,"date":"2021-03-15T12:44:43","date_gmt":"2021-03-15T09:44:43","guid":{"rendered":"http:\/\/akdenizolaygazetesi.com\/?p=11329"},"modified":"2021-03-15T12:44:43","modified_gmt":"2021-03-15T09:44:43","slug":"tarsus-genclik-kampi-duatepeden-cocuklari-agirladi","status":"publish","type":"post","link":"https:\/\/akdenizolaygazetesi.com\/?p=11329","title":{"rendered":"TARSUS GEN\u00c7L\u0130K KAMPI, DUATEPE\u2019DEN \u00c7OCUKLARI A\u011eIRLADI"},"content":{"rendered":"<p>B\u00fcy\u00fck\u015fehir Belediyesi Kad\u0131n ve Aile Hizmetleri Dairesi\u2019ne ba\u011fl\u0131 olan Tarsus Gen\u00e7lik Kamp\u0131, farkl\u0131 kesimlerden \u00e7ocuklar\u0131 a\u011f\u0131rlamaya devam ediyor. Yemye\u015fil alanlar\u0131, do\u011fal g\u00fczellikleri, oyun gruplar\u0131 ve e\u015fsiz manzaras\u0131yla Gen\u00e7lik Kamp\u0131\u2019n\u0131n yeni misafirleri Tarsus Duatepe Mahallesi \u00e7ocuklar\u0131 oldu. Anneleri de yanlar\u0131nda olan ve B\u00fcy\u00fck\u015fehir Belediyesi\u2019nin toplu ta\u015f\u0131ma ara\u00e7lar\u0131yla mahallelerinden al\u0131nan \u00e7ocuklar, Gen\u00e7lik Kamp\u0131\u2019nda bol bol oyun oynad\u0131.<\/p>\n<p>MERS\u0130N (FOTO\u011eRAFLI\/G\u00d6R\u00dcNT\u00dcL\u00dc)<\/p>\n<p>Mersin B\u00fcy\u00fck\u015fehir Belediyesi, \u00f6zellikle pandemi d\u00f6neminde uygulamaya konulan k\u0131s\u0131tlamalar nedeniyle s\u0131k\u0131nt\u0131 ya\u015fayan \u00e7ocuklar\u0131n ve gen\u00e7lerin stres atabilmesi i\u00e7in etkinliklerine devam ediyor. \u00c7ocuklar ve gen\u00e7ler, Kad\u0131n ve Aile Hizmetleri Dairesi\u2019ne ba\u011fl\u0131 olan Tarsus Gen\u00e7lik Kamp\u0131\u2019na b\u00fcy\u00fck ilgi g\u00f6steriyor. Yemye\u015fil alanlar\u0131, do\u011fal g\u00fczellikleri, oyun gruplar\u0131 ve e\u015fsiz manzaras\u0131yla Gen\u00e7lik Kamp\u0131\u2019n\u0131n yeni misafirleri Tarsus Duatepe Mahallesi \u00e7ocuklar\u0131 oldu.<\/p>\n<p>Survivor parkurunda yar\u0131\u015ft\u0131lar, y\u00fcr\u00fcy\u00fc\u015f ile do\u011fan\u0131n tad\u0131n\u0131 \u00e7\u0131kard\u0131lar<\/p>\n<p>Etkinli\u011fe anneleri birlikte kat\u0131lan \u00e7ocuklar, B\u00fcy\u00fck\u015fehir Belediyesi\u2019nin toplu ta\u015f\u0131ma ara\u00e7lar\u0131yla mahallerinden al\u0131nd\u0131. Gen\u00e7lik Kamp\u0131\u2019na getirilen \u00e7ocuklar bol bol oyunlar oynay\u0131p, g\u00f6n\u00fcllerince e\u011flenme \u015fans\u0131 buldu.  Mersin B\u00fcy\u00fck\u015fehir Belediyesi \u0130mar A.\u015e. Genel M\u00fcd\u00fcr\u00fc Ali Uyan\u2019\u0131n da kat\u0131l\u0131m g\u00f6sterdi\u011fi etkinlikte \u00e7ocuklar, survivor parkurlar\u0131nda yar\u0131\u015f\u0131rken, d\u00fczenlenen do\u011fa y\u00fcr\u00fcy\u00fc\u015f\u00fc ile g\u00f6n\u00fcllerince e\u011flendi. B\u00fcy\u00fck\u015fehir spor hocalar\u0131n\u0131n yak\u0131ndan ilgilendi\u011fi \u00e7ocuklar, ikram edilen yemekleri yedikten sonra Gen\u00e7lik Kamp\u0131\u2019n\u0131 da gezdi.<\/p>\n<p>\u201cBuradaki \u00e7ocuklara katk\u0131da bulunuluyor\u201d<\/p>\n<p>Muhtarl\u0131k hizmet binas\u0131na a\u00e7t\u0131\u011f\u0131 okuma salonuyla \u00e7ocuklara okuma al\u0131\u015fkanl\u0131\u011f\u0131 kazand\u0131rma ad\u0131na b\u00fcy\u00fck \u00e7aba harcayan Muhtar Kemal Arslan, \u201c\u00c7ocuklar\u0131, k\u00fclt\u00fcrel etkinliklerle yeti\u015ftirmeye \u00e7al\u0131\u015f\u0131yoruz. Bir okuma salonu a\u00e7t\u0131m Duatepe Mahallesi Muhtar\u0131 olarak. G\u00f6n\u00fcll\u00fc \u00f6\u011fretmenlerimiz var. \u00c7ocuklar\u0131m\u0131z\u0131 a\u00e7\u0131k alana \u00e7\u0131karmak, sosyal ve k\u00fclt\u00fcrel faaliyette bulunmak i\u00e7in bu etkinli\u011fi yapt\u0131k. Bize yard\u0131mc\u0131 olan Mersin B\u00fcy\u00fck\u015fehir Belediyesi ve Say\u0131n Vahap Se\u00e7er\u2019e \u00e7ok \u00e7ok te\u015fekk\u00fcr ediyorum. Mersin\u2019e katk\u0131da bulundu\u011fu kadar, buradaki \u00e7ocuklara da katk\u0131da bulunuyor, hizmet sunuyor. Allah raz\u0131 olsun\u201d dedi.<\/p>\n<p>\u201cBizlere sunduklar\u0131 desteklerden dolay\u0131 inan\u0131lmaz derecede m\u00fcte\u015fekkiriz\u201d<\/p>\n<p>Mahalle sakinlerinden olan ve \u00e7ocuklar\u0131n k\u00fclt\u00fcrel faaliyetlere kat\u0131lmas\u0131 konusunda g\u00f6n\u00fcll\u00fc \u00e7al\u0131\u015fmalar y\u00fcr\u00fcten e\u011fitimci Evrim Kurtulu\u015f ise \u201cBiz yakla\u015f\u0131k 2 y\u0131ld\u0131r mahallemizde 10 tane etkinli\u011fe imza att\u0131k. En son s\u00fcre\u00e7te bir tane k\u00fct\u00fcphane a\u00e7t\u0131k kendi imkanlar\u0131m\u0131zla. Bu k\u00fct\u00fcphaneyi a\u00e7t\u0131k ama pandemiden dolay\u0131 i\u00e7erisini kullanma \u015fans\u0131 olmad\u0131. Biz dedik ki okumak i\u00e7in d\u00f6rt tane duvara veya bir \u00e7at\u0131ya gerek yok. A\u00e7\u0131k alanda her cuma 14.00 ile 15.00 aras\u0131nda okuma etkinli\u011fi d\u00fczenliyoruz. Sonra dedik ki biraz daha e\u011flensinler \u00e7ocuklar. Tarsus Gen\u00e7lik Kamp\u0131\u2019n\u0131n bu imk\u00e2n\u0131ndan yararland\u0131k. Biz kocaman bir aileyiz Duatepe\u2019de. B\u00fcy\u00fck\u015fehir Belediyemizin bizlere sunduklar\u0131 desteklerden dolay\u0131 inan\u0131lmaz derecede m\u00fcte\u015fekkiriz\u201d diye konu\u015ftu.<\/p>\n<p>\u201c\u00c7ocuklar\u0131m\u0131z\u0131n bu tesislerden yararlanmas\u0131ndan \u00e7ok mutluyuz\u201d<\/p>\n<p>D\u00fczenlenen etkinliklere g\u00f6n\u00fcll\u00fc anne olarak kat\u0131lan Song\u00fcl Geris, \u201cB\u00fcy\u00fck\u015fehir Belediye Ba\u015fkan\u0131m\u0131z Say\u0131n Vahap Se\u00e7er, o kadar g\u00fczel bir tesis haz\u0131rlam\u0131\u015f ki, biz \u00e7ocuklar\u0131m\u0131z\u0131n bu tesislerden yararlanmas\u0131ndan \u00e7ok mutluyuz\u201d dedi.<\/p>\n<p>G\u00f6n\u00fcll\u00fc anne Asuman G\u00fcng\u00f6r de \u201cPandemi d\u00f6neminde hemen hemen bir y\u0131ld\u0131r bu \u00e7ocuklar evdeydi. Hi\u00e7bir \u015fekilde do\u011fru d\u00fcr\u00fcst bir etkinlik yapamad\u0131lar. Ben de elimden geldi\u011fince \u00e7ocuklar\u0131n yan\u0131nda olmaya \u00e7al\u0131\u015f\u0131yorum\u201d diye konu\u015ftu.<\/p>\n<p>\u201c\u0130mk\u00e2n\u0131 olan, olmayan her \u00e7ocu\u011fa sa\u011fland\u0131\u011f\u0131 i\u00e7in \u00e7ok ayr\u0131 bir g\u00fczelli\u011fi var\u201d<\/p>\n<p>\u0130lk kez Gen\u00e7lik Kamp\u0131\u2019n\u0131 ziyaret etti\u011fini kaydeden Sema Bodursoy da \u201c\u0130lk defa geliyorum, \u00e7ok g\u00fczel bir ortam. \u00c7ok fazla s\u00f6ylenecek \u015fey yok. \u00c7ocuklar\u0131n y\u00fcz\u00fcndeki o ifadeyi g\u00f6rmek yeterli oluyor. \u0130mk\u00e2n\u0131 olan, olmayan her \u00e7ocu\u011fa sa\u011fland\u0131\u011f\u0131 i\u00e7in \u00e7ok ayr\u0131 bir g\u00fczelli\u011fi var zaten\u201d ifadelerini kulland\u0131.<\/p>\n<p>Mahalle sakinlerinden Ceyda Leblebici de yap\u0131lan etkinlikten dolay\u0131 Ba\u015fkan Se\u00e7er\u2019e te\u015fekk\u00fcr ederken, \u201cSay\u0131n B\u00fcy\u00fck\u015fehir Belediye Ba\u015fkan\u0131m\u0131z Vahap Se\u00e7er\u2019in b\u00f6yle bir alan\u0131 yarat\u0131p; \u00e7ocuklara e\u015fsiz do\u011fa g\u00fczelli\u011fiyle birlikte, oyun alanlar\u0131yla, personeliyle verdi\u011fi hizmetle hep yan\u0131m\u0131zda oldu\u011fu i\u00e7in \u00e7ok te\u015fekk\u00fcr ediyorum\u201d dedi.<\/p>\n","protected":false},"excerpt":{"rendered":"<p>B\u00fcy\u00fck\u015fehir Belediyesi Kad\u0131n ve Aile Hizmetleri Dairesi\u2019ne ba\u011fl\u0131 olan Tarsus Gen\u00e7lik Kamp\u0131, farkl\u0131 kesimlerden \u00e7ocuklar\u0131 a\u011f\u0131rlamaya devam ediyor. Yemye\u015fil alanlar\u0131, do\u011fal g\u00fczellikleri, oyun gruplar\u0131 ve e\u015fsiz manzaras\u0131yla Gen\u00e7lik Kamp\u0131\u2019n\u0131n yeni &hellip; <a href=\"https:\/\/akdenizolaygazetesi.com\/?p=11329\" class=\"more-link\">Devam\u0131n\u0131 Oku&#8230;<\/a><\/p>\n","protected":false},"author":2,"featured_media":11330,"comment_status":"open","ping_status":"open","sticky":false,"template":"","format":"standard","meta":[],"categories":[34,1,2,3,5],"tags":[],"_links":{"self":[{"href":"https:\/\/akdenizolaygazetesi.com\/index.php?rest_route=\/wp\/v2\/posts\/11329"}],"collection":[{"href":"https:\/\/akdenizolaygazetesi.com\/index.php?rest_route=\/wp\/v2\/posts"}],"about":[{"href":"https:\/\/akdenizolaygazetesi.com\/index.php?rest_route=\/wp\/v2\/types\/post"}],"author":[{"embeddable":true,"href":"https:\/\/akdenizolaygazetesi.com\/index.php?rest_route=\/wp\/v2\/users\/2"}],"replies":[{"embeddable":true,"href":"https:\/\/akdenizolaygazetesi.com\/index.php?rest_route=%2Fwp%2Fv2%2Fcomments&post=11329"}],"version-history":[{"count":1,"href":"https:\/\/akdenizolaygazetesi.com\/index.php?rest_route=\/wp\/v2\/posts\/11329\/revisions"}],"predecessor-version":[{"id":11331,"href":"https:\/\/akdenizolaygazetesi.com\/index.php?rest_route=\/wp\/v2\/posts\/11329\/revisions\/11331"}],"wp:featuredmedia":[{"embeddable":true,"href":"https:\/\/akdenizolaygazetesi.com\/index.php?rest_route=\/wp\/v2\/media\/11330"}],"wp:attachment":[{"href":"https:\/\/akdenizolaygazetesi.com\/index.php?rest_route=%2Fwp%2Fv2%2Fmedia&parent=11329"}],"wp:term":[{"taxonomy":"category","embeddable":true,"href":"https:\/\/akdenizolaygazetesi.com\/index.php?rest_route=%2Fwp%2Fv2%2Fcategories&post=11329"},{"taxonomy":"post_tag","embeddable":true,"href":"https:\/\/akdenizolaygazetesi.com\/index.php?rest_route=%2Fwp%2Fv2%2Ftags&post=11329"}],"curies":[{"name":"wp","href":"https:\/\/api.w.org\/{rel}","templated":true}]}}