{"id":11332,"date":"2021-03-15T12:46:54","date_gmt":"2021-03-15T09:46:54","guid":{"rendered":"http:\/\/akdenizolaygazetesi.com\/?p=11332"},"modified":"2021-03-15T12:46:54","modified_gmt":"2021-03-15T09:46:54","slug":"buyuksehir-kadin-hentbol-takimi-mucadeleye-hazir","status":"publish","type":"post","link":"https:\/\/akdenizolaygazetesi.com\/?p=11332","title":{"rendered":"B\u00dcY\u00dcK\u015eEH\u0130R KADIN HENTBOL TAKIMI M\u00dcCADELEYE HAZIR"},"content":{"rendered":"<p>Spora ve sporcuya her f\u0131rsatta destek veren Mersin B\u00fcy\u00fck\u015fehir Belediye Ba\u015fkan\u0131 Vahap Se\u00e7er\u2019in \u00f6nc\u00fcl\u00fc\u011f\u00fcnde kurulan Kad\u0131n Hentbol Tak\u0131m\u0131, 2. ligde f\u0131rt\u0131nalar estirmeye haz\u0131rlan\u0131yor. Mersin B\u00fcy\u00fck\u015fehir Belediyesi GSK Kad\u0131n Hentbol Tak\u0131m\u0131 Antren\u00f6r\u00fc Ozan Kaya, \u201cBiz yakla\u015f\u0131k 6 ayd\u0131r bu lige haz\u0131rlan\u0131yoruz. Nama\u011flup \u015fampiyon olmay\u0131 hedefliyoruz\u201d dedi.<\/p>\n<p>MERS\u0130N(FOTO\u011eRAFLI-G\u00d6R\u00dcNT\u00dcL\u00dc)<\/p>\n<p>Mersin B\u00fcy\u00fck\u015fehir Belediyesi b\u00fcnyesindeki spor kul\u00fcpleri antrenmanlar\u0131na tam gaz devam ediyor. B\u00fcy\u00fck\u015fehir Belediyesi Gen\u00e7lik ve Spor Kul\u00fcb\u00fc Kad\u0131n Hentbol Tak\u0131m\u0131, pandemi nedeniyle deplasmanl\u0131 lig yerine gruplar halinde yap\u0131lacak 2. lige soluksuz haz\u0131rlan\u0131yor.<\/p>\n<p>B\u00fcy\u00fck\u015fehir Kad\u0131n Hentbol Tak\u0131m\u0131, 2. ligde B grubunda yer al\u0131yor. 18-20 Mart aras\u0131nda oynanacak 2. lig 1. tur ma\u00e7lar\u0131 \u00f6ncesinde antrenmanlar\u0131na devam eden tak\u0131m, bir \u00fcst lige \u00e7\u0131kmak i\u00e7in \u00e7al\u0131\u015fmalar\u0131n\u0131 ara vermeden s\u00fcrd\u00fcr\u00fcyor. Tak\u0131m\u0131n yer alaca\u011f\u0131 2. tur ma\u00e7lar\u0131 ise 9-11 Nisan\u2019da oynanacak.<\/p>\n<p>\u201cNama\u011flup \u015fampiyon olmay\u0131 hedefliyoruz\u201d<\/p>\n<p>B\u00fcy\u00fck\u015fehir Belediyesi GSK Kad\u0131n Hentbol Tak\u0131m\u0131 Antren\u00f6r\u00fc Ozan Kaya, uzun s\u00fcredir haz\u0131rl\u0131klar\u0131n\u0131 s\u00fcrd\u00fcrd\u00fcklerini ifade ederek, \u201cBu y\u0131l pandemi nedeniyle federasyonumuz 2. ligi deplasmanl\u0131 lig yerine gruplar halinde oynatmaya karar verdi. Biz yakla\u015f\u0131k 6 ayd\u0131r bu lige haz\u0131rlan\u0131yoruz. Hedefimiz \u015fampiyonluk. Bizim d\u0131\u015f\u0131m\u0131zda 7 tane daha tak\u0131mla m\u00fccadele edece\u011fiz. Nama\u011flup \u015fampiyon olmay\u0131 hedefliyoruz\u201d dedi.<\/p>\n<p>Antrenmanlar haftan\u0131n 5 g\u00fcn\u00fc yap\u0131l\u0131yor<\/p>\n<p>Lige s\u0131k\u0131 bir \u015fekilde haz\u0131rland\u0131klar\u0131n\u0131 ancak pandemi nedeniyle antrenmanlar\u0131n s\u0131kl\u0131\u011f\u0131n\u0131n de\u011fi\u015fti\u011fini vurgulayan Kaya,  \u201cAntrenmanlar\u0131m\u0131z\u0131 \u00e7ok s\u0131kl\u0131kla yapam\u0131yoruz. Ama yakla\u015f\u0131k son iki ayd\u0131r haz\u0131rl\u0131k d\u00f6nemimiz \u00e7ok iyi gidiyor. Bu arada haz\u0131rl\u0131klar\u0131m\u0131z\u0131 Tarsus Gen\u00e7lik Kamp\u0131\u2019nda kamp \u015feklinde ve Mersin B\u00fcy\u00fck\u015fehir Belediyesi spor salonunda antrenman \u015feklinde haftan\u0131n be\u015f g\u00fcn\u00fc yap\u0131yoruz\u201d diye konu\u015ftu.<\/p>\n<p>\u201c\u00c7ok iyi haz\u0131rland\u0131k birincilikle bitirece\u011fiz\u201d<\/p>\n<p>Kad\u0131n Hentbol Tak\u0131m\u0131 Kaptan\u0131 Yaren \u0130pek K\u00f6le, lige \u00e7ok iyi bir \u015fekilde haz\u0131rland\u0131klar\u0131n\u0131 belirterek, hedeflerinin \u015fampiyonluk oldu\u011funu s\u00f6yledi. K\u00f6le, \u201cBiz yakla\u015f\u0131k 6 ayd\u0131r bu lige haz\u0131rlan\u0131yoruz tak\u0131m arkada\u015flar\u0131mla beraber. Elimizden geleni yapaca\u011f\u0131z. Bu ligi nama\u011flup bitirip \u015fampiyon olaca\u011f\u0131z. Bizlere desteklerinden dolay\u0131 Vahap Se\u00e7er\u2019e te\u015fekk\u00fcr ederiz. \u00c7ok iyi haz\u0131rland\u0131k birincilikle bitirece\u011fiz\u201d ifadelerini kulland\u0131.<\/p>\n","protected":false},"excerpt":{"rendered":"<p>Spora ve sporcuya her f\u0131rsatta destek veren Mersin B\u00fcy\u00fck\u015fehir Belediye Ba\u015fkan\u0131 Vahap Se\u00e7er\u2019in \u00f6nc\u00fcl\u00fc\u011f\u00fcnde kurulan Kad\u0131n Hentbol Tak\u0131m\u0131, 2. ligde f\u0131rt\u0131nalar estirmeye haz\u0131rlan\u0131yor. Mersin B\u00fcy\u00fck\u015fehir Belediyesi GSK Kad\u0131n Hentbol Tak\u0131m\u0131 &hellip; <a href=\"https:\/\/akdenizolaygazetesi.com\/?p=11332\" class=\"more-link\">Devam\u0131n\u0131 Oku&#8230;<\/a><\/p>\n","protected":false},"author":2,"featured_media":11333,"comment_status":"open","ping_status":"open","sticky":false,"template":"","format":"standard","meta":[],"categories":[34,1,2,3,5],"tags":[],"_links":{"self":[{"href":"https:\/\/akdenizolaygazetesi.com\/index.php?rest_route=\/wp\/v2\/posts\/11332"}],"collection":[{"href":"https:\/\/akdenizolaygazetesi.com\/index.php?rest_route=\/wp\/v2\/posts"}],"about":[{"href":"https:\/\/akdenizolaygazetesi.com\/index.php?rest_route=\/wp\/v2\/types\/post"}],"author":[{"embeddable":true,"href":"https:\/\/akdenizolaygazetesi.com\/index.php?rest_route=\/wp\/v2\/users\/2"}],"replies":[{"embeddable":true,"href":"https:\/\/akdenizolaygazetesi.com\/index.php?rest_route=%2Fwp%2Fv2%2Fcomments&post=11332"}],"version-history":[{"count":1,"href":"https:\/\/akdenizolaygazetesi.com\/index.php?rest_route=\/wp\/v2\/posts\/11332\/revisions"}],"predecessor-version":[{"id":11334,"href":"https:\/\/akdenizolaygazetesi.com\/index.php?rest_route=\/wp\/v2\/posts\/11332\/revisions\/11334"}],"wp:featuredmedia":[{"embeddable":true,"href":"https:\/\/akdenizolaygazetesi.com\/index.php?rest_route=\/wp\/v2\/media\/11333"}],"wp:attachment":[{"href":"https:\/\/akdenizolaygazetesi.com\/index.php?rest_route=%2Fwp%2Fv2%2Fmedia&parent=11332"}],"wp:term":[{"taxonomy":"category","embeddable":true,"href":"https:\/\/akdenizolaygazetesi.com\/index.php?rest_route=%2Fwp%2Fv2%2Fcategories&post=11332"},{"taxonomy":"post_tag","embeddable":true,"href":"https:\/\/akdenizolaygazetesi.com\/index.php?rest_route=%2Fwp%2Fv2%2Ftags&post=11332"}],"curies":[{"name":"wp","href":"https:\/\/api.w.org\/{rel}","templated":true}]}}