{"id":11339,"date":"2021-03-15T20:18:30","date_gmt":"2021-03-15T17:18:30","guid":{"rendered":"http:\/\/akdenizolaygazetesi.com\/?p=11339"},"modified":"2021-03-15T20:18:30","modified_gmt":"2021-03-15T17:18:30","slug":"ozgurluk-mahallesi-9-bin-metrekare-alana-sahip-bir-park-kazaniyor","status":"publish","type":"post","link":"https:\/\/akdenizolaygazetesi.com\/?p=11339","title":{"rendered":"\u00d6ZG\u00dcRL\u00dcK MAHALLES\u0130 9 B\u0130N METREKARE ALANA SAH\u0130P B\u0130R PARK KAZANIYOR"},"content":{"rendered":"<p>\u00d6zg\u00fcrl\u00fck Mahallesi\u2019ne, i\u00e7erisinde mini futbol ve basketbol spor sahalar\u0131, fitness aletleri, bisiklet yolu, \u00e7ocuk oyun gruplar\u0131, mescit ve kamelyalar\u0131n yer alaca\u011f\u0131, 9 bin metrekare b\u00fcy\u00fckl\u00fc\u011f\u00fcnde bir park yap\u0131lacak.<\/p>\n<p>Akdeniz Belediyesi; il\u00e7ede ki\u015fi ba\u015f\u0131na d\u00fc\u015fen ye\u015fil alan miktar\u0131n\u0131 artt\u0131rman\u0131n yan\u0131 s\u0131ra, park say\u0131s\u0131n\u0131 da y\u00fckseltmek amac\u0131yla \u00e7al\u0131\u015f\u0131yor ve proje geli\u015ftiriyor. Akdeniz\u2019e bir\u00e7ok park kazand\u0131ran, mevcut parklar\u0131n tamam\u0131n\u0131 elden ge\u00e7irip yenileyen Akdeniz Belediyesi, Erzurum B\u00fcy\u00fck\u015fehir Belediye Ba\u015fkan\u0131 Mehmet Sekmen\u2019in deste\u011fiyle, bu kez \u00d6zg\u00fcrl\u00fck Mahallesi\u2019ne devasa bir park ve ye\u015fil alan kazand\u0131r\u0131yor.<\/p>\n<p>Ba\u015fkan G\u00fcltak, park yap\u0131lacak arazide incelemelerde bulundu<\/p>\n<p>Akdeniz Belediye Ba\u015fkan\u0131 M. Mustafa G\u00fcltak, hafta sonu mahalleyi ziyaret ederek, park\u0131n yap\u0131laca\u011f\u0131 alanda ve mahallede incelemelerde bulundu. Ziyarete; AK Parti Milletvekili Hac\u0131 \u00d6zkan, AK Parti \u0130l Ba\u015fkan\u0131 Cesim Ercik, Akdeniz \u0130l\u00e7e Ba\u015fkan\u0131 Emin Gen\u00e7 ve Mezitli \u0130l\u00e7e Ba\u015fkan\u0131 Zafer Uslu ile \u00d6zg\u00fcrl\u00fck Mahalle Muhtar\u0131 \u00d6mer Erguvan da kat\u0131ld\u0131. Ziyarette Ba\u015fkan G\u00fcltak, mahalle sakinleriyle sohbet etti, dertlerini ve g\u00f6r\u00fc\u015flerini dinledi.<\/p>\n<p>\u201c\u00d6zg\u00fcrl\u00fck Mahallemiz, \u00e7ok g\u00fczel bir park kazanacak\u201d<\/p>\n<p>Ba\u015fkan G\u00fcltak, Erzurum B\u00fcy\u00fck\u015fehir Belediye Ba\u015fkan\u0131 Mehmet Sekmen taraf\u0131ndan \u00d6zg\u00fcrl\u00fck Mahallesi\u2019ne kazand\u0131r\u0131lacak olan 9 bin metrekare alan \u00fczerinde kurulacak olan park\u0131n i\u00e7erisinde, mini futbol ve basketbol sahalar\u0131, fitness aletleri, oyun gruplar\u0131, kamelyalar, mescit ve lavabolar\u0131n yer alaca\u011f\u0131 bilgisini verdi. Ba\u015fkan G\u00fcltak; \u00d6zg\u00fcrl\u00fck Mahallesi\u2019ne yap\u0131lan ilk taziye evinin oldu\u011fu b\u00f6lgede, Devlet Demiryollar\u0131\u2019na (DDY) ait araziyi kiralad\u0131klar\u0131n\u0131 hat\u0131rlatarak; \u201c\u00d6zg\u00fcrl\u00fck Mahallemize g\u00fczel ve b\u00fcy\u00fck bir park kazand\u0131raca\u011f\u0131z. Erzurum B\u00fcy\u00fck\u015fehir Belediye Ba\u015fkan\u0131m\u0131z Say\u0131n Mehmet Sekmen, bizleri ziyaretinde araziyi de yerinde g\u00f6rm\u00fc\u015f ve bize s\u00f6z vermi\u015fti. Park\u0131m\u0131zda, vatanda\u015flar\u0131m\u0131z\u0131n \u00e7ay, kahve i\u00e7ip sohbet edebilece\u011fi; \u00e7ocuklar ve gen\u00e7lerimizin bisiklet s\u00fcrebilece\u011fi alanlar olacak. Modern, fonksiyonel, spor yap\u0131labilecek park\u0131m\u0131z\u0131, y\u0131lsonuna kadar tamamlamay\u0131 hedefliyoruz. Bu park\u0131 il\u00e7emize ve vatanda\u015flar\u0131m\u0131za kazand\u0131ran Erzurum B\u00fcy\u00fck\u015fehir Belediye Ba\u015fkan\u0131m\u0131z Say\u0131n Mehmet Sekmen&#8217;e, buradan selamlar\u0131m\u0131 iletiyor, Akdeniz sakinleri ad\u0131na bir kez daha te\u015fekk\u00fcrlerimi sunuyorum\u201d \u015feklinde konu\u015ftu.<\/p>\n","protected":false},"excerpt":{"rendered":"<p>\u00d6zg\u00fcrl\u00fck Mahallesi\u2019ne, i\u00e7erisinde mini futbol ve basketbol spor sahalar\u0131, fitness aletleri, bisiklet yolu, \u00e7ocuk oyun gruplar\u0131, mescit ve kamelyalar\u0131n yer alaca\u011f\u0131, 9 bin metrekare b\u00fcy\u00fckl\u00fc\u011f\u00fcnde bir park yap\u0131lacak. Akdeniz Belediyesi; &hellip; <a href=\"https:\/\/akdenizolaygazetesi.com\/?p=11339\" class=\"more-link\">Devam\u0131n\u0131 Oku&#8230;<\/a><\/p>\n","protected":false},"author":2,"featured_media":11340,"comment_status":"open","ping_status":"open","sticky":false,"template":"","format":"standard","meta":[],"categories":[34,1,2,3,5],"tags":[],"_links":{"self":[{"href":"https:\/\/akdenizolaygazetesi.com\/index.php?rest_route=\/wp\/v2\/posts\/11339"}],"collection":[{"href":"https:\/\/akdenizolaygazetesi.com\/index.php?rest_route=\/wp\/v2\/posts"}],"about":[{"href":"https:\/\/akdenizolaygazetesi.com\/index.php?rest_route=\/wp\/v2\/types\/post"}],"author":[{"embeddable":true,"href":"https:\/\/akdenizolaygazetesi.com\/index.php?rest_route=\/wp\/v2\/users\/2"}],"replies":[{"embeddable":true,"href":"https:\/\/akdenizolaygazetesi.com\/index.php?rest_route=%2Fwp%2Fv2%2Fcomments&post=11339"}],"version-history":[{"count":1,"href":"https:\/\/akdenizolaygazetesi.com\/index.php?rest_route=\/wp\/v2\/posts\/11339\/revisions"}],"predecessor-version":[{"id":11341,"href":"https:\/\/akdenizolaygazetesi.com\/index.php?rest_route=\/wp\/v2\/posts\/11339\/revisions\/11341"}],"wp:featuredmedia":[{"embeddable":true,"href":"https:\/\/akdenizolaygazetesi.com\/index.php?rest_route=\/wp\/v2\/media\/11340"}],"wp:attachment":[{"href":"https:\/\/akdenizolaygazetesi.com\/index.php?rest_route=%2Fwp%2Fv2%2Fmedia&parent=11339"}],"wp:term":[{"taxonomy":"category","embeddable":true,"href":"https:\/\/akdenizolaygazetesi.com\/index.php?rest_route=%2Fwp%2Fv2%2Fcategories&post=11339"},{"taxonomy":"post_tag","embeddable":true,"href":"https:\/\/akdenizolaygazetesi.com\/index.php?rest_route=%2Fwp%2Fv2%2Ftags&post=11339"}],"curies":[{"name":"wp","href":"https:\/\/api.w.org\/{rel}","templated":true}]}}