{"id":1134,"date":"2020-11-04T18:21:43","date_gmt":"2020-11-04T15:21:43","guid":{"rendered":"http:\/\/mersinekonomipolitikagazetesi.com\/?p=1134"},"modified":"2020-11-04T18:21:43","modified_gmt":"2020-11-04T15:21:43","slug":"mersinde-306-bin-adet-endustriyel-fidan-toprakla-bulustu","status":"publish","type":"post","link":"https:\/\/akdenizolaygazetesi.com\/?p=1134","title":{"rendered":"Mersin\u2019de 306 bin adet end\u00fcstriyel fidan toprakla bulu\u015ftu"},"content":{"rendered":"<p>Orman ve Su \u0130\u015fleri Bakanl\u0131\u011f\u0131 Orman Genel M\u00fcd\u00fcrl\u00fc\u011f\u00fc (OGM), Mersin\u2019de 306 bin adet end\u00fcstriyel fidan\u0131 toprakla bulu\u015fturdu. Fidanlar ile hem orman varl\u0131\u011f\u0131 korunacak hem de sanayinin ihtiya\u00e7lar\u0131 kar\u015f\u0131lanacak.<\/p>\n<p>Mersin\u2019in Kuzucu ve Doruklu mevkilerinde bin 790 dekarl\u0131k sahada yap\u0131lan ot alma, \u00e7apa ve teras onar\u0131m\u0131 \u00e7al\u0131\u015fmalar\u0131n\u0131n ard\u0131ndan 306 bin adet k\u0131z\u0131l\u00e7am fidan\u0131 dikildi. Orman ve Su \u0130\u015fleri Bakanl\u0131\u011f\u0131\u2019ndan yap\u0131lan yaz\u0131l\u0131 a\u00e7\u0131klamada, end\u00fcstriyel ama\u00e7l\u0131 yap\u0131lan dikimlere orman k\u00f6yl\u00fcs\u00fcn\u00fcn de kat\u0131ld\u0131\u011f\u0131 ve istihdam sa\u011flanarak, y\u00f6re insan\u0131na ek gelir kap\u0131s\u0131 olu\u015fturuldu\u011fu belirtildi.<br \/>\nOrman ve Su \u0130\u015fleri Bakan\u0131 Veysel Ero\u011flu, \u00e7al\u0131\u015fmalar\u0131 yak\u0131ndan takip etti\u011fini ifade ederek, \u201cSanayideki odun ihtiyac\u0131n\u0131 kar\u015f\u0131layarak, milli gelire ek katk\u0131 yap\u0131yoruz ve bunu yaparken asli orman varl\u0131klar\u0131m\u0131z\u0131n korunmas\u0131n\u0131 temin ediyoruz. Bu faydalar\u0131n yan\u0131 s\u0131ra istihdam ve yat\u0131r\u0131m olanaklar\u0131yla vatanda\u015flar\u0131m\u0131za yeni gelir kap\u0131lar\u0131 da a\u00e7\u0131yoruz. Bakanl\u0131\u011f\u0131m\u0131z\u0131n politikalar\u0131 \u00e7er\u00e7evesinde b\u00f6ylece k\u0131rsal kalk\u0131nma lokomotifine bir halka daha ekledik\u201d dedi.<\/p>\n","protected":false},"excerpt":{"rendered":"<p>Orman ve Su \u0130\u015fleri Bakanl\u0131\u011f\u0131 Orman Genel M\u00fcd\u00fcrl\u00fc\u011f\u00fc (OGM), Mersin\u2019de 306 bin adet end\u00fcstriyel fidan\u0131 toprakla bulu\u015fturdu. Fidanlar ile hem orman varl\u0131\u011f\u0131 korunacak hem de sanayinin ihtiya\u00e7lar\u0131 kar\u015f\u0131lanacak. Mersin\u2019in Kuzucu &hellip; <a href=\"https:\/\/akdenizolaygazetesi.com\/?p=1134\" class=\"more-link\">Devam\u0131n\u0131 Oku&#8230;<\/a><\/p>\n","protected":false},"author":1,"featured_media":0,"comment_status":"open","ping_status":"open","sticky":false,"template":"","format":"standard","meta":[],"categories":[],"tags":[],"_links":{"self":[{"href":"https:\/\/akdenizolaygazetesi.com\/index.php?rest_route=\/wp\/v2\/posts\/1134"}],"collection":[{"href":"https:\/\/akdenizolaygazetesi.com\/index.php?rest_route=\/wp\/v2\/posts"}],"about":[{"href":"https:\/\/akdenizolaygazetesi.com\/index.php?rest_route=\/wp\/v2\/types\/post"}],"author":[{"embeddable":true,"href":"https:\/\/akdenizolaygazetesi.com\/index.php?rest_route=\/wp\/v2\/users\/1"}],"replies":[{"embeddable":true,"href":"https:\/\/akdenizolaygazetesi.com\/index.php?rest_route=%2Fwp%2Fv2%2Fcomments&post=1134"}],"version-history":[{"count":0,"href":"https:\/\/akdenizolaygazetesi.com\/index.php?rest_route=\/wp\/v2\/posts\/1134\/revisions"}],"wp:attachment":[{"href":"https:\/\/akdenizolaygazetesi.com\/index.php?rest_route=%2Fwp%2Fv2%2Fmedia&parent=1134"}],"wp:term":[{"taxonomy":"category","embeddable":true,"href":"https:\/\/akdenizolaygazetesi.com\/index.php?rest_route=%2Fwp%2Fv2%2Fcategories&post=1134"},{"taxonomy":"post_tag","embeddable":true,"href":"https:\/\/akdenizolaygazetesi.com\/index.php?rest_route=%2Fwp%2Fv2%2Ftags&post=1134"}],"curies":[{"name":"wp","href":"https:\/\/api.w.org\/{rel}","templated":true}]}}