{"id":1136,"date":"2020-11-04T18:21:43","date_gmt":"2020-11-04T15:21:43","guid":{"rendered":"http:\/\/mersinekonomipolitikagazetesi.com\/?p=1136"},"modified":"2020-11-04T18:21:43","modified_gmt":"2020-11-04T15:21:43","slug":"engelliler-piknik-yapti-balik-tuttu","status":"publish","type":"post","link":"https:\/\/akdenizolaygazetesi.com\/?p=1136","title":{"rendered":"Engelliler piknik yapt\u0131, bal\u0131k tuttu"},"content":{"rendered":"<p>Mersin\u2019in Tarsus il\u00e7esinde engelliler, hafta sonu aileleriyle birlikte keyifli bir g\u00fcn ge\u00e7irdiler.<\/p>\n<p>Tarsus Belediyesi\u2019nin Tarsus Sportif Olta Bal\u0131k\u00e7\u0131l\u0131\u011f\u0131 Derne\u011fi (TASOBDER) ve engelli derneklerinin katk\u0131 ve kat\u0131l\u0131m\u0131yla Ak\u00e7akocal\u0131 Mahallesi g\u00f6l kenar\u0131nda bu y\u0131l ikincisini d\u00fczenledi\u011fi \u2018Engelliler Bal\u0131k Tutma ve Piknik\u2019 etkinli\u011finde engelliler g\u00f6n\u00fcllerince e\u011flendiler.<br \/>\nTarsus Belediye Ba\u015fkan\u0131 \u015eevket Can ve e\u015fi \u00d6znur Kara Can\u2019\u0131n da kat\u0131ld\u0131\u011f\u0131 etkinlikte, engelliler, g\u00f6l kenar\u0131nda piknik yapt\u0131lar, bal\u0131k tuttular.<br \/>\nEngelli vatanda\u015flar\u0131 hi\u00e7 ak\u0131llar\u0131ndan \u00e7\u0131karmad\u0131klar\u0131n\u0131 belirten Ba\u015fkan Can, \u201cBiz engelli vatanda\u015flar\u0131m\u0131z\u0131 hi\u00e7bir i\u015fimizde, projemizde akl\u0131m\u0131zdan \u00e7\u0131karm\u0131yoruz. Tarsus\u2019ta ya\u015fayan her vatanda\u015f gibi her projeyi kullanmak, istifade etmek onlar\u0131nda hakk\u0131. Bu g\u00fczel g\u00fcnde hep birlikte onlarla ho\u015f\u00e7a bir vakit ge\u00e7irdik ve e\u011flendik. Farkl\u0131l\u0131\u011f\u0131m\u0131z fiziksel durumumuz de\u011fildir. Farkl\u0131l\u0131\u011f\u0131m\u0131z ne kadar g\u00fczel insan olup olamamakla ilgilidir. Engelli vatanda\u015flar\u0131m\u0131zla hep elele olaca\u011f\u0131z ve onlar\u0131n her t\u00fcrl\u00fc s\u0131k\u0131nt\u0131lar\u0131nda, problemlerinde birlikte olup engelleri birlikte a\u015faca\u011f\u0131z\u201d dedi.<br \/>\nYakla\u015f\u0131k 300 ki\u015finin kat\u0131l\u0131m\u0131yla ger\u00e7ekle\u015ftirilen organizasyonda engelliler kendilerine da\u011f\u0131t\u0131lan oltalarla bal\u0131k yakalamaya \u00e7al\u0131\u015ft\u0131, yemekler yedi, halaylar \u00e7ekti ve oyunlar oynad\u0131.<\/p>\n","protected":false},"excerpt":{"rendered":"<p>Mersin\u2019in Tarsus il\u00e7esinde engelliler, hafta sonu aileleriyle birlikte keyifli bir g\u00fcn ge\u00e7irdiler. Tarsus Belediyesi\u2019nin Tarsus Sportif Olta Bal\u0131k\u00e7\u0131l\u0131\u011f\u0131 Derne\u011fi (TASOBDER) ve engelli derneklerinin katk\u0131 ve kat\u0131l\u0131m\u0131yla Ak\u00e7akocal\u0131 Mahallesi g\u00f6l kenar\u0131nda &hellip; <a href=\"https:\/\/akdenizolaygazetesi.com\/?p=1136\" class=\"more-link\">Devam\u0131n\u0131 Oku&#8230;<\/a><\/p>\n","protected":false},"author":1,"featured_media":0,"comment_status":"open","ping_status":"open","sticky":false,"template":"","format":"standard","meta":[],"categories":[],"tags":[],"_links":{"self":[{"href":"https:\/\/akdenizolaygazetesi.com\/index.php?rest_route=\/wp\/v2\/posts\/1136"}],"collection":[{"href":"https:\/\/akdenizolaygazetesi.com\/index.php?rest_route=\/wp\/v2\/posts"}],"about":[{"href":"https:\/\/akdenizolaygazetesi.com\/index.php?rest_route=\/wp\/v2\/types\/post"}],"author":[{"embeddable":true,"href":"https:\/\/akdenizolaygazetesi.com\/index.php?rest_route=\/wp\/v2\/users\/1"}],"replies":[{"embeddable":true,"href":"https:\/\/akdenizolaygazetesi.com\/index.php?rest_route=%2Fwp%2Fv2%2Fcomments&post=1136"}],"version-history":[{"count":0,"href":"https:\/\/akdenizolaygazetesi.com\/index.php?rest_route=\/wp\/v2\/posts\/1136\/revisions"}],"wp:attachment":[{"href":"https:\/\/akdenizolaygazetesi.com\/index.php?rest_route=%2Fwp%2Fv2%2Fmedia&parent=1136"}],"wp:term":[{"taxonomy":"category","embeddable":true,"href":"https:\/\/akdenizolaygazetesi.com\/index.php?rest_route=%2Fwp%2Fv2%2Fcategories&post=1136"},{"taxonomy":"post_tag","embeddable":true,"href":"https:\/\/akdenizolaygazetesi.com\/index.php?rest_route=%2Fwp%2Fv2%2Ftags&post=1136"}],"curies":[{"name":"wp","href":"https:\/\/api.w.org\/{rel}","templated":true}]}}