{"id":11369,"date":"2021-03-17T17:17:15","date_gmt":"2021-03-17T14:17:15","guid":{"rendered":"http:\/\/akdenizolaygazetesi.com\/?p=11369"},"modified":"2021-03-17T17:17:15","modified_gmt":"2021-03-17T14:17:15","slug":"erdemlide-genel-denetimler-sorunsuz-suruyor","status":"publish","type":"post","link":"https:\/\/akdenizolaygazetesi.com\/?p=11369","title":{"rendered":"ERDEML\u0130DE GENEL DENET\u0130MLER, SORUNSUZ S\u00dcR\u00dcYOR"},"content":{"rendered":"<p>T\u00fcrkiye genelinde 300 bin personelin kat\u0131ld\u0131\u011f\u0131 denetimlere, Erdemli Belediyesi ekipleri destek verdi.<\/p>\n<p>Kabine Toplant\u0131s\u0131nda al\u0131nan kararlar neticesinde kald\u0131r\u0131lan k\u0131s\u0131tlamalar ile pandemi s\u00fcrecinde kurallara uyulup uyulmad\u0131\u011f\u0131 noktas\u0131nda 81 ilde ger\u00e7ekle\u015ftirilen genel denetimlere, Erdemli Belediyesi de kat\u0131ld\u0131.<\/p>\n<p>Erdemli Belediyesi Zab\u0131ta M\u00fcd\u00fcrl\u00fc\u011f\u00fc, pandemi dolay\u0131s\u0131 ile 81 ilde ger\u00e7ekle\u015ftirilen denetimlere kat\u0131larak, il\u00e7e genelindeki vatanda\u015flar\u0131 ziyaret etti.<\/p>\n<p>Ba\u015fkan Tollu, \u201cVatanda\u015flar\u0131m\u0131z\u0131n Sa\u011fl\u0131\u011f\u0131, Hassas Noktam\u0131z\u201d<\/p>\n<p>K\u0131s\u0131tlamalar\u0131n kald\u0131r\u0131lmas\u0131 sonras\u0131nda ger\u00e7ekle\u015ftirilen denetimlere destek veren Erdemli Belediye Ba\u015fkan\u0131 M\u00fckerrem Tollu, vatanda\u015flara sosyal mesafe, maske kullan\u0131m\u0131 ve hijyen kurallar\u0131 hususunda uyar\u0131larda bulundu. Denetimlerin sorunsuz olarak s\u00fcrd\u00fc\u011f\u00fcn\u00fc belirten Belediye Ba\u015fkan\u0131 M\u00fckerrem Tollu, vatanda\u015flar\u0131n huzurunu bozan ve sa\u011fl\u0131\u011f\u0131n\u0131 riske atan faaliyetlere izin vermeyeceklerinin alt\u0131n\u0131 \u00e7izdi. Ba\u015fkan Tollu, \u201cMalumunuz \u0130\u00e7i\u015fleri Bakanl\u0131\u011f\u0131m\u0131z\u0131n yay\u0131nlad\u0131\u011f\u0131 talimat \u00fczerine, il\u00e7enin t\u00fcm g\u00f6revlileri, yetkilileri denetim yap\u0131yor. Zaten bizim arkada\u015flar\u0131m\u0131z salg\u0131n\u0131n ba\u015flad\u0131\u011f\u0131 ilk g\u00fcnden itibaren, ciddi manada denetimlerini yapmaktayd\u0131lar. \u015euan da Bakanl\u0131\u011f\u0131m\u0131z\u0131n talimat\u0131 do\u011frultusunda, bizde bu emir kapsam\u0131nda, zaten zaman zaman geldi\u011fimiz ve fikir teatisinde bulundu\u011fumuz insanlar\u0131m\u0131zla birlikte, denetim yapmaya gayret ediyoruz. Erdemli\u2019de sa\u011fl\u0131\u011f\u0131n korunmas\u0131 ad\u0131na, \u00f6zellikle bu bula\u015f\u0131c\u0131 hastal\u0131ktan insanlar\u0131m\u0131z\u0131n bertaraf edilmesi ad\u0131na siz de\u011ferli bas\u0131n mensuplar\u0131m\u0131zla, belediye g\u00f6revlilerimizle birlikte denetim yap\u0131yoruz. Vatanda\u015flar\u0131m\u0131z\u0131n sa\u011fl\u0131\u011f\u0131, hassas noktam\u0131z. \u00dczerinde durdu\u011fumuz \u00fc\u00e7 konu var malumunuz; hijyen, sosyal mesafe ve maske. Bu konuda, \u00fcreticiyi ve t\u00fcketiciyi ayd\u0131nlatmak i\u00e7in denetim yap\u0131yoruz. \u0130n\u015fallah bu belay\u0131 bu illetti, Erdemlimizin en az hasarla atlatmas\u0131n\u0131n gayreti i\u00e7erisindeyiz\u201d diye konu\u015ftu.<\/p>\n","protected":false},"excerpt":{"rendered":"<p>T\u00fcrkiye genelinde 300 bin personelin kat\u0131ld\u0131\u011f\u0131 denetimlere, Erdemli Belediyesi ekipleri destek verdi. Kabine Toplant\u0131s\u0131nda al\u0131nan kararlar neticesinde kald\u0131r\u0131lan k\u0131s\u0131tlamalar ile pandemi s\u00fcrecinde kurallara uyulup uyulmad\u0131\u011f\u0131 noktas\u0131nda 81 ilde ger\u00e7ekle\u015ftirilen genel &hellip; <a href=\"https:\/\/akdenizolaygazetesi.com\/?p=11369\" class=\"more-link\">Devam\u0131n\u0131 Oku&#8230;<\/a><\/p>\n","protected":false},"author":2,"featured_media":11370,"comment_status":"open","ping_status":"open","sticky":false,"template":"","format":"standard","meta":[],"categories":[34,1,2,3,5,9],"tags":[],"_links":{"self":[{"href":"https:\/\/akdenizolaygazetesi.com\/index.php?rest_route=\/wp\/v2\/posts\/11369"}],"collection":[{"href":"https:\/\/akdenizolaygazetesi.com\/index.php?rest_route=\/wp\/v2\/posts"}],"about":[{"href":"https:\/\/akdenizolaygazetesi.com\/index.php?rest_route=\/wp\/v2\/types\/post"}],"author":[{"embeddable":true,"href":"https:\/\/akdenizolaygazetesi.com\/index.php?rest_route=\/wp\/v2\/users\/2"}],"replies":[{"embeddable":true,"href":"https:\/\/akdenizolaygazetesi.com\/index.php?rest_route=%2Fwp%2Fv2%2Fcomments&post=11369"}],"version-history":[{"count":1,"href":"https:\/\/akdenizolaygazetesi.com\/index.php?rest_route=\/wp\/v2\/posts\/11369\/revisions"}],"predecessor-version":[{"id":11371,"href":"https:\/\/akdenizolaygazetesi.com\/index.php?rest_route=\/wp\/v2\/posts\/11369\/revisions\/11371"}],"wp:featuredmedia":[{"embeddable":true,"href":"https:\/\/akdenizolaygazetesi.com\/index.php?rest_route=\/wp\/v2\/media\/11370"}],"wp:attachment":[{"href":"https:\/\/akdenizolaygazetesi.com\/index.php?rest_route=%2Fwp%2Fv2%2Fmedia&parent=11369"}],"wp:term":[{"taxonomy":"category","embeddable":true,"href":"https:\/\/akdenizolaygazetesi.com\/index.php?rest_route=%2Fwp%2Fv2%2Fcategories&post=11369"},{"taxonomy":"post_tag","embeddable":true,"href":"https:\/\/akdenizolaygazetesi.com\/index.php?rest_route=%2Fwp%2Fv2%2Ftags&post=11369"}],"curies":[{"name":"wp","href":"https:\/\/api.w.org\/{rel}","templated":true}]}}