{"id":11375,"date":"2021-03-17T17:24:39","date_gmt":"2021-03-17T14:24:39","guid":{"rendered":"http:\/\/akdenizolaygazetesi.com\/?p=11375"},"modified":"2021-03-17T17:24:39","modified_gmt":"2021-03-17T14:24:39","slug":"baskan-gultak-canakkale-zaferi-mesaji","status":"publish","type":"post","link":"https:\/\/akdenizolaygazetesi.com\/?p=11375","title":{"rendered":"BA\u015eKAN G\u00dcLTAK \u00c7ANAKKALE ZAFER\u0130 MESAJI"},"content":{"rendered":"<p>Akdeniz Belediye Ba\u015fkan\u0131 M. Mustafa G\u00fcltak, \u201c\u00c7anakkale Zaferi\u2019nin 106&#8217;nc\u0131 Y\u0131ld\u00f6n\u00fcm\u00fc ve \u015eehitler Anma G\u00fcn\u00fc\u201d dolay\u0131s\u0131yla bir mesaj yay\u0131mlad\u0131.<\/p>\n<p>\u00c7anakkale Zaferi\u2019nin, d\u00fc\u015fmana kar\u015f\u0131 emsali g\u00f6r\u00fclmemi\u015f bir kahramanl\u0131k destan\u0131 oldu\u011funa vurgu yapan Ba\u015fkan G\u00fcltak; \u201cY\u00fcce T\u00fcrk milleti bu u\u011furda binlerce \u015fehit vererek kusursuz bir zafer elde etmi\u015f, d\u00fcnya tarihinin ak\u0131\u015f\u0131n\u0131 da de\u011fi\u015ftirmi\u015ftir. \u00c7anakkale\u2019de muazzam bir g\u00fc\u00e7 ve ba\u015far\u0131ya ula\u015fan bu kudretli ruh bizlere, T\u00fcrk milletinin bile\u011fini b\u00fckecek hi\u00e7 bir g\u00fcc\u00fcn olmad\u0131\u011f\u0131n\u0131 da bir kez daha g\u00f6stermi\u015ftir. Milletimiz her daim g\u00fcc\u00fcn\u00fc birlik ve beraberlikten alm\u0131\u015ft\u0131r. \u00c7anakkale Zaferimiz de ortaya konulan bu sars\u0131lmaz vatan sevgisinin en b\u00fcy\u00fck \u00f6rne\u011fidir&#8221; ifadelerini kulland\u0131.<\/p>\n<p>Ba\u015fkan G\u00fcltak, &#8220;Gazi Mustafa Kemal Atat\u00fcrk&#8217;\u00fcn &#8216;\u00c7anakkale Zaferi, T\u00fcrk askerinin ruh kudretini g\u00f6steren \u015fayan\u0131 hayret ve tebrik bir misaldir. Emin olmal\u0131s\u0131n\u0131z ki, \u00c7anakkale Muharebelerini kazand\u0131ran bu y\u00fcksek ruhtur&#8217; ifadesi ile bizlere vatan topra\u011f\u0131, bayra\u011f\u0131, \u00f6zg\u00fcrl\u00fc\u011f\u00fc, h\u00fcrriyet ve istikbali d\u00fc\u015fman tehdidine u\u011frad\u0131\u011f\u0131nda, her t\u00fcrl\u00fc yoklu\u011fa ra\u011fmen, fedak\u00e2r ve aziz milletimizin \u015fehit olmay\u0131 g\u00f6ze alarak neleri ba\u015farabilece\u011finin, imk\u00e2ns\u0131z\u0131 m\u00fcmk\u00fcn k\u0131labilece\u011finin dost-d\u00fc\u015fman b\u00fct\u00fcn d\u00fcnyaya ispat\u0131 a\u00e7\u0131k\u00e7a ortaya koymu\u015ftur&#8221; dedi.<\/p>\n<p>&#8220;Aziz \u015fehitlerimiz ve gazilerimizin, kanlar\u0131 ve canlar\u0131 pahas\u0131na koruduklar\u0131 vatan topraklar\u0131; d\u00fcn oldu\u011fu gibi bundan sonra da fedak\u00e2r ve cefak\u00e2r milletimiz taraf\u0131ndan kutsal bir emanet olarak korunacakt\u0131r&#8221; diyen Ba\u015fkan Mustafa G\u00fcltak, &#8220;Bu duygu ve d\u00fc\u015f\u00fcncelerle; 18 Mart \u00c7anakkale Zaferi\u2019nin 106&#8217;nc\u0131 y\u0131ld\u00f6n\u00fcm\u00fcn\u00fc kutluyor, Gazi Mustafa Kemal Atat\u00fcrk ve silah arkada\u015flar\u0131 ba\u015fta olmak \u00fczere, vatan topra\u011f\u0131 i\u00e7in canlar\u0131n\u0131 feda ederek bu topraklar\u0131 vatan yap\u0131p bizlere miras b\u0131rakan aziz \u015fehitlerimizi rahmetle an\u0131yorum. Ruhlar\u0131 \u015f\u00e2d, mek\u00e2nlar\u0131 cennet olsun in\u015fallah\u201d diye konu\u015ftu.<\/p>\n","protected":false},"excerpt":{"rendered":"<p>Akdeniz Belediye Ba\u015fkan\u0131 M. Mustafa G\u00fcltak, \u201c\u00c7anakkale Zaferi\u2019nin 106&#8217;nc\u0131 Y\u0131ld\u00f6n\u00fcm\u00fc ve \u015eehitler Anma G\u00fcn\u00fc\u201d dolay\u0131s\u0131yla bir mesaj yay\u0131mlad\u0131. \u00c7anakkale Zaferi\u2019nin, d\u00fc\u015fmana kar\u015f\u0131 emsali g\u00f6r\u00fclmemi\u015f bir kahramanl\u0131k destan\u0131 oldu\u011funa vurgu yapan &hellip; <a href=\"https:\/\/akdenizolaygazetesi.com\/?p=11375\" class=\"more-link\">Devam\u0131n\u0131 Oku&#8230;<\/a><\/p>\n","protected":false},"author":2,"featured_media":11377,"comment_status":"open","ping_status":"open","sticky":false,"template":"","format":"standard","meta":[],"categories":[7,34,1,2,3,5,6],"tags":[],"_links":{"self":[{"href":"https:\/\/akdenizolaygazetesi.com\/index.php?rest_route=\/wp\/v2\/posts\/11375"}],"collection":[{"href":"https:\/\/akdenizolaygazetesi.com\/index.php?rest_route=\/wp\/v2\/posts"}],"about":[{"href":"https:\/\/akdenizolaygazetesi.com\/index.php?rest_route=\/wp\/v2\/types\/post"}],"author":[{"embeddable":true,"href":"https:\/\/akdenizolaygazetesi.com\/index.php?rest_route=\/wp\/v2\/users\/2"}],"replies":[{"embeddable":true,"href":"https:\/\/akdenizolaygazetesi.com\/index.php?rest_route=%2Fwp%2Fv2%2Fcomments&post=11375"}],"version-history":[{"count":1,"href":"https:\/\/akdenizolaygazetesi.com\/index.php?rest_route=\/wp\/v2\/posts\/11375\/revisions"}],"predecessor-version":[{"id":11378,"href":"https:\/\/akdenizolaygazetesi.com\/index.php?rest_route=\/wp\/v2\/posts\/11375\/revisions\/11378"}],"wp:featuredmedia":[{"embeddable":true,"href":"https:\/\/akdenizolaygazetesi.com\/index.php?rest_route=\/wp\/v2\/media\/11377"}],"wp:attachment":[{"href":"https:\/\/akdenizolaygazetesi.com\/index.php?rest_route=%2Fwp%2Fv2%2Fmedia&parent=11375"}],"wp:term":[{"taxonomy":"category","embeddable":true,"href":"https:\/\/akdenizolaygazetesi.com\/index.php?rest_route=%2Fwp%2Fv2%2Fcategories&post=11375"},{"taxonomy":"post_tag","embeddable":true,"href":"https:\/\/akdenizolaygazetesi.com\/index.php?rest_route=%2Fwp%2Fv2%2Ftags&post=11375"}],"curies":[{"name":"wp","href":"https:\/\/api.w.org\/{rel}","templated":true}]}}