{"id":11379,"date":"2021-03-17T17:30:04","date_gmt":"2021-03-17T14:30:04","guid":{"rendered":"http:\/\/akdenizolaygazetesi.com\/?p=11379"},"modified":"2021-03-17T17:30:04","modified_gmt":"2021-03-17T14:30:04","slug":"baskan-gultak-iddialara-yanit-verdi","status":"publish","type":"post","link":"https:\/\/akdenizolaygazetesi.com\/?p=11379","title":{"rendered":"BA\u015eKAN G\u00dcLTAK, \u0130DD\u0130ALARA YANIT VERD\u0130"},"content":{"rendered":"<p>Akdeniz Belediye Ba\u015fkan\u0131 M.Mustafa G\u00fcltak taraf\u0131ndan  yap\u0131lan a\u00e7\u0131klama \u015fu \u015fekilde:<\/p>\n<p>&#8221;Bas\u0131na ve Kamuoyuna\u2026<\/p>\n<p>D\u0130SK Genel \u0130\u015f Sendikas\u0131 Mersin \u015eubesi taraf\u0131ndan yap\u0131lan bir a\u00e7\u0131klamada; Akdeniz Belediyesi\u2019nin farkl\u0131 birimlerinde \u00e7al\u0131\u015fan birka\u00e7 personelimizi farkl\u0131 birimlerde g\u00f6revlendirmemiz \u2018mobbing\u2019 olarak nitelendirilmi\u015ftir.<\/p>\n<p>Ayn\u0131 a\u00e7\u0131klaman\u0131n devam\u0131nda, sendikal m\u00fccadeleye kar\u015f\u0131 oldu\u011fumuz, sendika temsilcileri ile sendikal \u00e7al\u0131\u015fmalar\u0131 engellemeye y\u00f6nelik bir tutum i\u00e7erisinde oldu\u011fumuz alg\u0131s\u0131 da yarat\u0131lmaya \u00e7al\u0131\u015f\u0131lm\u0131\u015ft\u0131r.<\/p>\n<p>Sendikan\u0131n a\u00e7\u0131klamas\u0131nda da yer ald\u0131\u011f\u0131 \u00fczere; devlet veya \u00f6zel olsun; her kurumda oldu\u011fu gibi belediyemizde de farkl\u0131 zamanlarda i\u015f\u00e7ilerin unvan ve vas\u0131flar\u0131na g\u00f6re farkl\u0131 g\u00f6revlendirmeler yap\u0131labilmektedir. Bizim \u00f6ncelikli hedef ve amac\u0131m\u0131z, personellerimizi her zaman daha verimli olabilecekleri birim veya alanda g\u00f6revlendirmektir.<\/p>\n<p>\u015eu \u00e7ok a\u00e7\u0131kt\u0131r ki; sendikan\u0131n bu a\u00e7\u0131klamas\u0131n\u0131n, birka\u00e7 g\u00fcn \u00f6nce yap\u0131lan Mersin B\u00fcy\u00fck\u015fehir Belediyesi Meclis toplant\u0131s\u0131nda, i\u015ften \u00e7\u0131karmalar ile ilgili tart\u0131\u015fmalar \u00fczerine olu\u015fan gerginli\u011fin hemen ard\u0131ndan yap\u0131lmas\u0131 \u00e7ok daha manidard\u0131r.<\/p>\n<p>Mersin B\u00fcy\u00fck\u015fehir Belediyesi i\u015f\u00e7ilerinin yetkili sendikas\u0131 da yine D\u0130SK Genel \u0130\u015f\u2019tir. Yerel se\u00e7imlerin \u00fczerinden ge\u00e7en yakla\u015f\u0131k 20 ayl\u0131k s\u00fcre\u00e7te, Mersin B\u015eB\u2019den bin (1000) ila 2 bin 500 aras\u0131nda i\u015f\u00e7inin i\u015finden \u00e7\u0131kar\u0131ld\u0131\u011f\u0131n\u0131 da t\u00fcm Mersin bilmektedir.<\/p>\n<p>Hal b\u00f6yle iken D\u0130SK Genel \u0130\u015f Sendikas\u0131; Mersin B\u00fcy\u00fck\u015fehir Belediyesi\u2019nin, i\u015f\u00e7ilere d\u00f6n\u00fck bu k\u0131y\u0131m\u0131na, y\u00fczlercesinin en uzak b\u00f6lgelere s\u00fcrg\u00fcn edilmesine ve mobbinge u\u011framas\u0131na y\u00f6nelik uygulamalar\u0131na neden sessiz kalm\u0131\u015ft\u0131r?<\/p>\n<p>Akdeniz Belediyesi\u2019nde, g\u00f6reve geldi\u011fimiz g\u00fcnden bu yana sadece bir i\u015f\u00e7iyi i\u015ften \u00e7\u0131kard\u0131\u011f\u0131m\u0131z\u0131; bu konu her g\u00fcndeme geldi\u011finde a\u00e7\u0131klad\u0131k, asla gizlemedik. Bunun sebebini de Mersin kamuoyu bilmektedir. Kendimizi yarg\u0131n\u0131n yerine asla koymad\u0131k. Yarg\u0131 kararlar\u0131na direnmedik, mahkeme karar\u0131 ile d\u00f6nen i\u015f\u00e7ilerimizin de i\u015flerine iadesini ger\u00e7ekle\u015ftirdik.<\/p>\n<p>G\u00f6revi devrald\u0131\u011f\u0131m\u0131zda \u0131srarla s\u00f6yledi\u011fim \u00fczere; \u2018Herkesin farkl\u0131 g\u00f6r\u00fc\u015f ve d\u00fc\u015f\u00fcncesi elbette olabilir. Fakat belediye siyaset yeri de\u011fildir. \u0130\u015f\u00e7inin tek siyaseti ekmek m\u00fccadelesidir. \u0130\u015fimizi yapaca\u011f\u0131z. Siyaseti i\u015fimize kar\u0131\u015ft\u0131rmayaca\u011f\u0131z. G\u00fcler y\u00fcz ve \u00f6zveriyle; halk\u0131m\u0131za, il\u00e7emize ve kentimize hizmet verece\u011fiz\u2019 dedik.<\/p>\n<p>S\u00f6z\u00fcn \u00f6z\u00fc; Mersin B\u00fcy\u00fck\u015fehir Belediyesi\u2019nde, \u2018performans d\u00fc\u015f\u00fckl\u00fc\u011f\u00fc\u2019 gibi yoktan sebeplerle binlerce insan i\u015finden edilmi\u015fken, y\u00fczlercesi de s\u00fcrg\u00fcn ve mobbinge u\u011frarken; D\u0130SK Genel \u0130\u015f Sendikas\u0131\u2019n\u0131n, Akdeniz Belediyesi\u2019ni ve Belediye Ba\u015fkan\u0131 olarak \u015fahs\u0131m\u0131 hedef tahtas\u0131na koymas\u0131 d\u00fc\u015f\u00fcnd\u00fcr\u00fcc\u00fcd\u00fcr, maksatl\u0131d\u0131r.<\/p>\n<p>Her \u015fey g\u00fcn gibi ortada iken; Akdeniz Belediyemize ve \u015fahs\u0131ma y\u00f6nelik bu alg\u0131 olu\u015fturma ve \u00e7aresizce sergilenmek istenen karalama \u00e7abas\u0131n\u0131, de\u011ferli halk\u0131m\u0131z\u0131n takdiri ve de\u011ferlendirmesine b\u0131rak\u0131yorum. Sayg\u0131lar\u0131mla\u2026&#8221;<\/p>\n","protected":false},"excerpt":{"rendered":"<p>Akdeniz Belediye Ba\u015fkan\u0131 M.Mustafa G\u00fcltak taraf\u0131ndan yap\u0131lan a\u00e7\u0131klama \u015fu \u015fekilde: &#8221;Bas\u0131na ve Kamuoyuna\u2026 D\u0130SK Genel \u0130\u015f Sendikas\u0131 Mersin \u015eubesi taraf\u0131ndan yap\u0131lan bir a\u00e7\u0131klamada; Akdeniz Belediyesi\u2019nin farkl\u0131 birimlerinde \u00e7al\u0131\u015fan birka\u00e7 personelimizi &hellip; <a href=\"https:\/\/akdenizolaygazetesi.com\/?p=11379\" class=\"more-link\">Devam\u0131n\u0131 Oku&#8230;<\/a><\/p>\n","protected":false},"author":2,"featured_media":11380,"comment_status":"open","ping_status":"open","sticky":false,"template":"","format":"standard","meta":[],"categories":[34,1,2,3,5,6],"tags":[],"_links":{"self":[{"href":"https:\/\/akdenizolaygazetesi.com\/index.php?rest_route=\/wp\/v2\/posts\/11379"}],"collection":[{"href":"https:\/\/akdenizolaygazetesi.com\/index.php?rest_route=\/wp\/v2\/posts"}],"about":[{"href":"https:\/\/akdenizolaygazetesi.com\/index.php?rest_route=\/wp\/v2\/types\/post"}],"author":[{"embeddable":true,"href":"https:\/\/akdenizolaygazetesi.com\/index.php?rest_route=\/wp\/v2\/users\/2"}],"replies":[{"embeddable":true,"href":"https:\/\/akdenizolaygazetesi.com\/index.php?rest_route=%2Fwp%2Fv2%2Fcomments&post=11379"}],"version-history":[{"count":1,"href":"https:\/\/akdenizolaygazetesi.com\/index.php?rest_route=\/wp\/v2\/posts\/11379\/revisions"}],"predecessor-version":[{"id":11381,"href":"https:\/\/akdenizolaygazetesi.com\/index.php?rest_route=\/wp\/v2\/posts\/11379\/revisions\/11381"}],"wp:featuredmedia":[{"embeddable":true,"href":"https:\/\/akdenizolaygazetesi.com\/index.php?rest_route=\/wp\/v2\/media\/11380"}],"wp:attachment":[{"href":"https:\/\/akdenizolaygazetesi.com\/index.php?rest_route=%2Fwp%2Fv2%2Fmedia&parent=11379"}],"wp:term":[{"taxonomy":"category","embeddable":true,"href":"https:\/\/akdenizolaygazetesi.com\/index.php?rest_route=%2Fwp%2Fv2%2Fcategories&post=11379"},{"taxonomy":"post_tag","embeddable":true,"href":"https:\/\/akdenizolaygazetesi.com\/index.php?rest_route=%2Fwp%2Fv2%2Ftags&post=11379"}],"curies":[{"name":"wp","href":"https:\/\/api.w.org\/{rel}","templated":true}]}}