{"id":1138,"date":"2020-11-04T18:21:43","date_gmt":"2020-11-04T15:21:43","guid":{"rendered":"http:\/\/mersinekonomipolitikagazetesi.com\/?p=1138"},"modified":"2020-11-04T18:21:43","modified_gmt":"2020-11-04T15:21:43","slug":"fatih-erkoc-mersinlileri-costurdu","status":"publish","type":"post","link":"https:\/\/akdenizolaygazetesi.com\/?p=1138","title":{"rendered":"Fatih Erko\u00e7, Mersinlileri co\u015fturdu"},"content":{"rendered":"<p>16. Mersin Uluslararas\u0131 M\u00fczik Festivali kapsam\u0131nda Mezitli Soli Pompeiopolis Antik Kenti\u2019nde sahne alan pop ve caz m\u00fczi\u011fin usta sanat\u00e7\u0131s\u0131 Fatih Erko\u00e7, Mersinlileri co\u015fturdu. S\u00f6yledi\u011fi \u015fark\u0131lar\u0131n yan\u0131 s\u0131ra sempatik tav\u0131rlar\u0131yla da m\u00fczikseverlerden tam not alan Erko\u00e7\u2019un \u015fark\u0131lar\u0131na izleyiciler de e\u015flik etti.<\/p>\n<p>Fatih Erko\u00e7, festival kapsam\u0131nda merkez Mezitli il\u00e7esi Viran\u015fehir Mahallesindeki Soli Pompeiopolis Antik Kenti festival alan\u0131nda Mersinlilerle bulu\u015ftu. M\u00fczikseverler, konser i\u00e7in haz\u0131rlanan platformun yan\u0131 s\u0131ra sahilde ve \u00e7imlerin \u00fczerinde oturarak, Erko\u00e7\u2019u dinledi. T\u00fcrk\u00e7e ve yabanc\u0131 \u015fark\u0131lar seslendirerek yakla\u015f\u0131k 2 saat sahnede kalan Erko\u00e7, ba\u015fta piyano ve yan fl\u00fct olmak \u00fczere \u00e7ald\u0131\u011f\u0131 enstr\u00fcmanlarla da hayranl\u0131k uyand\u0131rd\u0131.<br \/>\nKonseri, CHP Mersin Milletvekili Aytu\u011f At\u0131c\u0131 ile birlikte izleyen Mezitli Belediye Ba\u015fkan\u0131 Ne\u015fet Tarhan, Erko\u00e7\u2019a g\u00fcn\u00fcn an\u0131s\u0131nda bir te\u015fekk\u00fcr plaketi ve \u00fczerinde Soli Pompeiopolis S\u00fctunlar\u0131 resminin yer ald\u0131\u011f\u0131 bir biblo hediye etti.<br \/>\nKendisi i\u00e7in farkl\u0131 ve \u00f6zel bir gece ya\u015fad\u0131\u011f\u0131n\u0131 ifade eden Fatih Erko\u00e7, \u201cBu kadar ayd\u0131n ve sanat\u0131 seven bir toplulukla bir arada olmaktan \u00e7ok mutlu oldum. Belirli bir ya\u015f\u0131n \u00fczerindekiler \u015fark\u0131lar\u0131m\u0131 ancak bilir derken, bir hayli y\u00fcksek oranda gen\u00e7lerin oldu\u011fu izleyicilerin hep bir a\u011f\u0131zdan \u015fark\u0131lar\u0131ma e\u015flik etmesi ayr\u0131ca gurur verici. \u0130nce davran\u0131\u015f\u0131ndan ve bizi yaln\u0131z b\u0131rakmad\u0131\u011f\u0131 i\u00e7in Belediye Ba\u015fkan\u0131m\u0131z Say\u0131n Ne\u015fet Tarhan\u2019a te\u015fekk\u00fcr ediyorum\u201d dedi.<br \/>\nMezitli halk\u0131n\u0131n ayd\u0131n ve sanatsever bir yap\u0131s\u0131n\u0131n oldu\u011funu vurgulayan Tarhan da \u201cFatih Erko\u00e7\u2019u Mezitlimizde a\u011f\u0131rlam\u0131\u015f olmaktan b\u00fcy\u00fck mutluluk duyuyoruz. Mezitli, birbirinden \u00f6nemli sanatsal etkinliklerin pe\u015f pe\u015fe ya\u015fand\u0131\u011f\u0131 bir sanat \u015fehri. 3-4 Haziran tarihleri aras\u0131nda 8. Soli Pompeiopolis G\u00fcne\u015f Festivali\u2019nde yine birbirinden de\u011ferli sanat\u00e7\u0131lar\u0131 a\u011f\u0131rlayaca\u011f\u0131z. T\u00fcm halk\u0131m\u0131z\u0131 d\u00fczenlenen etkinliklere kat\u0131lmaya ve co\u015fkumuza ortak olmaya davet ediyoruz\u201d diye konu\u015ftu.<\/p>\n","protected":false},"excerpt":{"rendered":"<p>16. Mersin Uluslararas\u0131 M\u00fczik Festivali kapsam\u0131nda Mezitli Soli Pompeiopolis Antik Kenti\u2019nde sahne alan pop ve caz m\u00fczi\u011fin usta sanat\u00e7\u0131s\u0131 Fatih Erko\u00e7, Mersinlileri co\u015fturdu. S\u00f6yledi\u011fi \u015fark\u0131lar\u0131n yan\u0131 s\u0131ra sempatik tav\u0131rlar\u0131yla da &hellip; <a href=\"https:\/\/akdenizolaygazetesi.com\/?p=1138\" class=\"more-link\">Devam\u0131n\u0131 Oku&#8230;<\/a><\/p>\n","protected":false},"author":1,"featured_media":0,"comment_status":"open","ping_status":"open","sticky":false,"template":"","format":"standard","meta":[],"categories":[],"tags":[],"_links":{"self":[{"href":"https:\/\/akdenizolaygazetesi.com\/index.php?rest_route=\/wp\/v2\/posts\/1138"}],"collection":[{"href":"https:\/\/akdenizolaygazetesi.com\/index.php?rest_route=\/wp\/v2\/posts"}],"about":[{"href":"https:\/\/akdenizolaygazetesi.com\/index.php?rest_route=\/wp\/v2\/types\/post"}],"author":[{"embeddable":true,"href":"https:\/\/akdenizolaygazetesi.com\/index.php?rest_route=\/wp\/v2\/users\/1"}],"replies":[{"embeddable":true,"href":"https:\/\/akdenizolaygazetesi.com\/index.php?rest_route=%2Fwp%2Fv2%2Fcomments&post=1138"}],"version-history":[{"count":0,"href":"https:\/\/akdenizolaygazetesi.com\/index.php?rest_route=\/wp\/v2\/posts\/1138\/revisions"}],"wp:attachment":[{"href":"https:\/\/akdenizolaygazetesi.com\/index.php?rest_route=%2Fwp%2Fv2%2Fmedia&parent=1138"}],"wp:term":[{"taxonomy":"category","embeddable":true,"href":"https:\/\/akdenizolaygazetesi.com\/index.php?rest_route=%2Fwp%2Fv2%2Fcategories&post=1138"},{"taxonomy":"post_tag","embeddable":true,"href":"https:\/\/akdenizolaygazetesi.com\/index.php?rest_route=%2Fwp%2Fv2%2Ftags&post=1138"}],"curies":[{"name":"wp","href":"https:\/\/api.w.org\/{rel}","templated":true}]}}