{"id":11382,"date":"2021-03-18T15:16:36","date_gmt":"2021-03-18T12:16:36","guid":{"rendered":"http:\/\/akdenizolaygazetesi.com\/?p=11382"},"modified":"2021-03-18T15:16:36","modified_gmt":"2021-03-18T12:16:36","slug":"kadin-mehteranlardan-canakkale-mesaji-unutana-yine-hatirlatiriz","status":"publish","type":"post","link":"https:\/\/akdenizolaygazetesi.com\/?p=11382","title":{"rendered":"Kad\u0131n Mehteranlardan \u00c7anakkale Mesaj\u0131, \u201cUnutana Yine Hat\u0131rlat\u0131r\u0131z\u201d"},"content":{"rendered":"<p>Erdemli Belediyesi Kad\u0131n Mehteran ekibi, \u00c7anakkale Sava\u015f\u0131\u2019n\u0131n 106. Y\u0131l d\u00f6n\u00fcm\u00fcne \u00f6zel klip yay\u0131nlad\u0131. Kad\u0131nlar yay\u0131nlad\u0131\u011f\u0131 klipte, \u201cunutana yine hat\u0131rlat\u0131r\u0131z\u201d mesaj\u0131 verdi.<\/p>\n<p>Kara Fatma, Halime \u00c7avu\u015f, Nezahet Onba\u015f\u0131 ve di\u011fer kad\u0131n kahramanlar\u0131m\u0131z. Tarih boyunca milli m\u00fccadelemizde \u00f6n saflardan hi\u00e7 ayr\u0131lmayan kad\u0131n kahramanlar\u0131m\u0131z, mukaddes de\u011ferlerimizi nesilden nesile aktar\u0131yor. Mersin Erdemli Belediyesi Kad\u0131n Mehteran ekibi, tarihten ald\u0131\u011f\u0131 emaneti ta\u015f\u0131rken, kahramanl\u0131\u011f\u0131 ve yi\u011fitli\u011fi ifade eden Mehteran k\u0131yafetleriyle emanetin kad\u0131nlar\u0131n omuzunda ta\u015f\u0131nd\u0131\u011f\u0131 mesaj\u0131n\u0131 g\u00fcr bir \u015fekilde veriyor.<\/p>\n<p>18 Mart \u00c7anakkale Zaferi\u2019nin 106. Y\u0131l d\u00f6n\u00fcm\u00fcnde, sanat\u00e7\u0131 Esat Kabakl\u0131\u2019n\u0131n deste\u011fiyle, \u2018bu bayrak\u2019 par\u00e7as\u0131n\u0131 ilk olarak seslendiren Erdemli Belediyesi Kad\u0131n Mehteran Ekibi, izleyenleri hayran b\u0131rak\u0131yor.<br \/>\nTarih boyunca kad\u0131nlar\u0131n hep \u00f6n saflarda oldu\u011funa dikkat \u00e7eken Erdemli belediye Ba\u015fkan\u0131 M\u00fckerrem Tollu, bu de\u011ferlerin kad\u0131nlar\u0131n omuzlar\u0131nda ta\u015f\u0131nd\u0131\u011f\u0131n\u0131 vurgulad\u0131. Ba\u015fkan Tollu,\u201cHem \u00c7anakkale\u2019de hem Kurtulu\u015f Sava\u015f\u0131nda s\u0131rt\u0131nda top mermisi ta\u015f\u0131yan, cephede g\u00f6\u011f\u00fcs g\u00f6\u011f\u00fcse \u00e7arp\u0131\u015fan ve \u00fclkeyi kurtaran bizim kad\u0131nlar\u0131m\u0131z. G\u00fcn\u00fcm\u00fczde hem ekonomik anlamda hem de sosyal anlamda, bu \u00fclkeyi muas\u0131r medeniyetler seviyesine ula\u015fmas\u0131 i\u00e7in \u00e7al\u0131\u015fan yine bizim kad\u0131nlar\u0131m\u0131z. \u015eu anda \u00f6zg\u00fcr bir \u00fclkede ya\u015f\u0131yorsak, \u00f6zg\u00fcr bir \u00fclkenin havas\u0131n\u0131 teneff\u00fcs ediyorsak bunu ger\u00e7ekten d\u00fcn e\u015finin yan\u0131nda her alanda \u00e7al\u0131\u015fan, \u00e7arp\u0131\u015fan kad\u0131nlar\u0131m\u0131za bor\u00e7lu oldu\u011fumuzu buradan bir kez daha belirtmek istiyorum. Yine g\u00fcn\u00fcm\u00fczde; ge\u00e7mi\u015fi y\u00e2d etmek ad\u0131na, 18 Mart\u2019\u0131 en g\u00fczel \u015fekilde y\u00e2d etmek ad\u0131na kad\u0131nlar\u0131m\u0131zdan olu\u015fan bir mehter tak\u0131m\u0131m\u0131z\u0131n olmas\u0131, kad\u0131nlar\u0131m\u0131za imkan verildi\u011finde neleri yapabilece\u011finin en g\u00fczel \u00f6rne\u011fini, Erdemli Belediyesi Mehter Tak\u0131m\u0131nda biz g\u00f6r\u00fcyoruz. \u0130\u015fte kad\u0131nlar g\u00fcn\u00fcnde kad\u0131nlar\u0131m\u0131z\u0131n g\u00f6sterdi\u011fi performansla g\u00f6r\u00fcyoruz. Kad\u0131nlar\u0131m\u0131z\u0131n giri\u015fti\u011fi her i\u015fte, ne kadar ba\u015far\u0131l\u0131 olduklar\u0131n\u0131n ger\u00e7ekten hakk\u0131n\u0131 teslim etmek m\u00fcmk\u00fcn de\u011fil. Ben kad\u0131nlar\u0131m\u0131z\u0131 tebrik ediyorum. Kurtulu\u015f Sava\u015f\u0131nda m\u00fccadele eden, Kurtulu\u015f Sava\u015f\u0131nda can\u0131, kan\u0131 pahas\u0131na bu \u00fclkeyi bize emanet eden kad\u0131nlar\u0131m\u0131z\u0131n torunlar\u0131n\u0131n, atalar\u0131na yak\u0131\u015f\u0131r bir \u015fekilde gelece\u011fe umutla bakt\u0131klar\u0131n\u0131, T\u00fcrkiye Cumhuriyeti Devletini en y\u00fckse\u011fe ta\u015f\u0131ma gayreti i\u00e7erisinde olduklar\u0131n\u0131 bilmek, o gayreti g\u00f6rmek, bizi bu \u00fclkenin ayd\u0131nl\u0131k gelece\u011fi ad\u0131na ger\u00e7ekten mutlu ediyor. T\u00fcm kad\u0131nlar\u0131m\u0131z\u0131 tebrik ediyorum. 18 Mart\u2019ta \u00c7anakkale\u2019de topra\u011fa g\u00f6md\u00fc\u011f\u00fcm\u00fcz binlerce \u015fehidimizi sayg\u0131yla, h\u00fcrmetle y\u00e2d ediyor, onlardan devrald\u0131\u011f\u0131m\u0131z bu emaneti daha da g\u00fczele daha da m\u00fckemmele ta\u015f\u0131yaca\u011f\u0131m\u0131za bir kez daha s\u00f6z veriyoruz ve \u00fclkemizin gelece\u011finin, garantide oldu\u011funu da ifade etmek istiyorum\u201d diye konu\u015ftu.<\/p>\n<p>Kad\u0131n Mehteranlar, \u201c\u00c7anakkale Ge\u00e7ilmez\u201d<\/p>\n<p>T\u00fcrkiye\u2019de ki say\u0131l\u0131 kad\u0131n mehteranlar aras\u0131nda yer alan Erdemli Belediyesi Kad\u0131n Mehteran ekibinden ise tek bir ses y\u00fckseliyor, \u201c\u00c7anakkale ge\u00e7ilmez.\u201d<br \/>\n\u0130zleyenleri gururland\u0131ran kad\u0131n mehteranlardan G\u00fclay Erdem, \u201c1918\u2019de nas\u0131l ge\u00e7ilmediyse hi\u00e7bir zaman i\u00e7in \u00c7anakkale Ge\u00e7ilmez, her yer ge\u00e7ilir, \u00c7anakkale Ge\u00e7ilmez. Bu \u00fclkenin Kara Fatmalar\u0131, Nene Hatunlar\u0131 T\u00fcrkiye Cumhuriyetinin arkas\u0131nda bayanlar olduktan sonra \u00c7anakkale Ge\u00e7ilmez\u201d diye konu\u015ftu.<br \/>\nDi\u011fer bir mehteran M\u00fcsl\u00fcme Ko\u00e7, \u201cBiz kad\u0131nlar olarak tarihte nas\u0131l dur denildi\u011finde durmu\u015fsak, yine dur denece\u011fini g\u00f6steriyoruz\u201d diye konu\u015ftu.<br \/>\nDi\u011fer bir mehteran Ay\u015fe Keskin, \u201cBiz kad\u0131nlar olarak, ald\u0131\u011f\u0131m\u0131z emaneti nesilden nesile ta\u015f\u0131yaca\u011f\u0131m\u0131za eminiz, \u00c7anakkale Ge\u00e7ilmez\u201d diye konu\u015ftu.<br \/>\nDi\u011fer bir mehteran Halide Katranl\u0131, \u201cNesilden nesile gelen emaneti bizde ta\u015f\u0131maya \u00e7al\u0131\u015f\u0131yoruz, \u00c7anakkale Ge\u00e7ilmez\u201d diye konu\u015ftu.<\/p>\n","protected":false},"excerpt":{"rendered":"<p>Erdemli Belediyesi Kad\u0131n Mehteran ekibi, \u00c7anakkale Sava\u015f\u0131\u2019n\u0131n 106. Y\u0131l d\u00f6n\u00fcm\u00fcne \u00f6zel klip yay\u0131nlad\u0131. Kad\u0131nlar yay\u0131nlad\u0131\u011f\u0131 klipte, \u201cunutana yine hat\u0131rlat\u0131r\u0131z\u201d mesaj\u0131 verdi. Kara Fatma, Halime \u00c7avu\u015f, Nezahet Onba\u015f\u0131 ve di\u011fer kad\u0131n &hellip; <a href=\"https:\/\/akdenizolaygazetesi.com\/?p=11382\" class=\"more-link\">Devam\u0131n\u0131 Oku&#8230;<\/a><\/p>\n","protected":false},"author":2,"featured_media":11383,"comment_status":"open","ping_status":"open","sticky":false,"template":"","format":"standard","meta":[],"categories":[34,1,2,3,5],"tags":[],"_links":{"self":[{"href":"https:\/\/akdenizolaygazetesi.com\/index.php?rest_route=\/wp\/v2\/posts\/11382"}],"collection":[{"href":"https:\/\/akdenizolaygazetesi.com\/index.php?rest_route=\/wp\/v2\/posts"}],"about":[{"href":"https:\/\/akdenizolaygazetesi.com\/index.php?rest_route=\/wp\/v2\/types\/post"}],"author":[{"embeddable":true,"href":"https:\/\/akdenizolaygazetesi.com\/index.php?rest_route=\/wp\/v2\/users\/2"}],"replies":[{"embeddable":true,"href":"https:\/\/akdenizolaygazetesi.com\/index.php?rest_route=%2Fwp%2Fv2%2Fcomments&post=11382"}],"version-history":[{"count":1,"href":"https:\/\/akdenizolaygazetesi.com\/index.php?rest_route=\/wp\/v2\/posts\/11382\/revisions"}],"predecessor-version":[{"id":11384,"href":"https:\/\/akdenizolaygazetesi.com\/index.php?rest_route=\/wp\/v2\/posts\/11382\/revisions\/11384"}],"wp:featuredmedia":[{"embeddable":true,"href":"https:\/\/akdenizolaygazetesi.com\/index.php?rest_route=\/wp\/v2\/media\/11383"}],"wp:attachment":[{"href":"https:\/\/akdenizolaygazetesi.com\/index.php?rest_route=%2Fwp%2Fv2%2Fmedia&parent=11382"}],"wp:term":[{"taxonomy":"category","embeddable":true,"href":"https:\/\/akdenizolaygazetesi.com\/index.php?rest_route=%2Fwp%2Fv2%2Fcategories&post=11382"},{"taxonomy":"post_tag","embeddable":true,"href":"https:\/\/akdenizolaygazetesi.com\/index.php?rest_route=%2Fwp%2Fv2%2Ftags&post=11382"}],"curies":[{"name":"wp","href":"https:\/\/api.w.org\/{rel}","templated":true}]}}