{"id":11396,"date":"2021-03-18T15:29:49","date_gmt":"2021-03-18T12:29:49","guid":{"rendered":"http:\/\/akdenizolaygazetesi.com\/?p=11396"},"modified":"2021-03-18T15:29:49","modified_gmt":"2021-03-18T12:29:49","slug":"secer-meslek-odalari-ve-dernek-baskanlari-ile-bulustu","status":"publish","type":"post","link":"https:\/\/akdenizolaygazetesi.com\/?p=11396","title":{"rendered":"SE\u00c7ER, MESLEK ODALARI VE DERNEK BA\u015eKANLARI \u0130LE BULU\u015eTU"},"content":{"rendered":"<p>Kent dinamikleri ile bir araya gelmeye devam eden Ba\u015fkan Se\u00e7er, son olarak meslek odalar\u0131n\u0131n ba\u015fkanlar\u0131 ve temsilcileri ile fikir al\u0131\u015fveri\u015finde bulundu. Ba\u015fkan Se\u00e7er, \u201cKentin her noktas\u0131nda tesiri olan insanlar\u0131n birinci a\u011f\u0131zdan g\u00f6r\u00fc\u015flerini almak, bizim de o alanlardaki kararlar\u0131m\u0131z\u0131 daha do\u011fru yap\u0131yor\u201d dedi.<\/p>\n<p>Se\u00e7er, toplumun her kesimi ile bir araya gelmenin \u00f6nemine dikkat \u00e7ekerek, \u201cY\u00f6netimde oldu\u011fum s\u00fcre i\u00e7erisinde, bunu kurumumda geleneksel bir anlay\u0131\u015f haline getirmek istiyorum. Burada toplumun her kesimi ile bir araya gelmek \u00f6nemli\u201d diye konu\u015ftu.<\/p>\n<p>Mersin B\u00fcy\u00fck\u015fehir Belediye Ba\u015fkan\u0131 Vahap Se\u00e7er, kentin dinamikleriyle bir araya gelmeye devam ediyor. Ba\u015fkan Se\u00e7er, son olarak Mersin\u2019de faaliyet g\u00f6steren meslek odalar\u0131 ve dernek ba\u015fkanlar\u0131 ve temsilcileri ile bir araya gelerek, fikir al\u0131\u015fveri\u015finde bulundu.<\/p>\n<p>Mersin B\u00fcy\u00fck\u015fehir Belediyesi Ta\u015f Bina\u2019da ger\u00e7ekle\u015ftirilen toplant\u0131ya; Mersin Baro Ba\u015fkan\u0131 Bilgin Ye\u015filbo\u011faz, Mersin Serbest Muhasebeci Mali M\u00fc\u015favirler Odas\u0131 Ba\u015fkan\u0131 Ersin G\u00f6kg\u00fcn, Akdeniz Ziraat Odas\u0131 Ba\u015fkan\u0131 Musa Y\u0131lmaz, Mersin G\u00fcmr\u00fck M\u00fc\u015favirleri Derne\u011fi Y\u00f6netim Kurulu Ba\u015fkan\u0131 H\u00fcseyin Sar\u0131da\u011f, Mersin Noter Odas\u0131 Ba\u015fkan\u0131 Ahmet Ye\u015filda\u011f, Mersin Tabip Odas\u0131 Ba\u015fkan\u0131 Mehmet Antmen, Mersin Di\u015f Hekimleri Odas\u0131 Ba\u015fkan\u0131 S\u00fcleyman Yald\u0131z, Veteriner Hekimler Odas\u0131 Ba\u015fkan\u0131 Bekta\u015f \u015eenay, 8. B\u00f6lge Mersin Optisyen ve G\u00f6zl\u00fck\u00e7\u00fcler Odas\u0131 Ba\u015fkan\u0131 Serkan Yakan ile Mersin Eczac\u0131 Odas\u0131 Genel Sekreteri Volkan Y\u0131ld\u0131z kat\u0131ld\u0131.<\/p>\n<p>\u201cBu toplant\u0131dan kar\u015f\u0131l\u0131kl\u0131 bir fikirle \u00e7\u0131kal\u0131m\u201d<\/p>\n<p>Ba\u015fkan Se\u00e7er, toplant\u0131y\u0131 uzun zamand\u0131r tasarlad\u0131klar\u0131n\u0131, ancak pandemi nedeniyle s\u00fcrekli ertelemek zorunda kald\u0131klar\u0131n\u0131 ifade ederek, ge\u00e7ti\u011fimiz g\u00fcnlerde Tarsus ve Mersin merkezdeki odalar, borsa temsilcileri ve di\u011fer kurulu\u015flar\u0131n temsilcileriyle bir araya geldiklerini hat\u0131rlatt\u0131.  Kentin beklenti ve gelece\u011fine dair ger\u00e7ekle\u015fen bu toplant\u0131dan da kar\u015f\u0131l\u0131kl\u0131 bir fikirle \u00e7\u0131kmak istediklerini belirten Se\u00e7er, \u201cGer\u00e7ekten insanlar d\u00fc\u015f\u00fcncelerini s\u00f6ylesin, ben d\u00fc\u015f\u00fcncelerimi s\u00f6yleyeyim. Bu toplant\u0131dan kar\u015f\u0131l\u0131kl\u0131 bir fikirle \u00e7\u0131kal\u0131m. \u00c7\u00fcnk\u00fc bizler i\u00e7in ger\u00e7ekten \u00e7ok \u00f6nemli. Y\u00f6netimde \u00e7ok daha rahat kararlar alabiliyorsunuz bir y\u00f6netici olarak. Kentin her noktas\u0131nda tesiri olan bu insanlar\u0131n birinci a\u011f\u0131zdan g\u00f6r\u00fc\u015flerini almak, bizim de o alanlardaki kararlar\u0131m\u0131z\u0131 daha do\u011fru yap\u0131yor. Ekonomi d\u00fcnyas\u0131ndaki insanlar\u0131n o alana bak\u0131\u015f a\u00e7\u0131s\u0131 bizim i\u00e7in \u00f6nemli. Biz de yerel y\u00f6netim olarak, belediye olarak bu konuda de\u011ferlendirmeler yaparken, \u00e7ok daha objektif kriterlerle, parametrelerle bunu yap\u0131yoruz ya da hukuki bir konu ile ilgiliyse Baro\u2019nun ya da Tabipler Odas\u0131\u2019n\u0131n ya da Veterinerler Odas\u0131\u2019n\u0131n&#8230; Bunu art\u0131rabiliriz\u201d diye konu\u015ftu.<\/p>\n<p>\u201cBunu kurumumda geleneksel bir anlay\u0131\u015f haline getirmek istiyorum\u201d<\/p>\n<p>Se\u00e7er, toplumun her kesimi ile bir araya gelmenin \u00f6nemine dikkat \u00e7ekerek, \u201cY\u00f6netimde oldu\u011fum s\u00fcre i\u00e7erisinde, bu g\u00f6revde oldu\u011fum s\u00fcre i\u00e7erisinde bunu kurumumda bir geleneksel anlay\u0131\u015f haline getirmek istiyorum. \u0130l\u00e7elere de gidiyoruz, ziyaretler yap\u0131yoruz, ayn\u0131 uygulamalar\u0131 oralarda da yap\u0131yoruz. \u0130nsanlar da sizi dinledi\u011fi kadar, sizlerle konu\u015fmak, birinci a\u011f\u0131zdan bir \u015feyleri payla\u015fmak istiyor. Belki de en \u00e7ok istedikleri bu. Yani bir tarafta hizmeti eksik yapabiliyorsunuz; onu ho\u015f g\u00f6r\u00fcyor. Ama diyalog kuram\u0131yorsan\u0131z; onu ho\u015f g\u00f6rm\u00fcyor. O a\u00e7\u0131dan \u00f6nemsiyoruz\u201d ifadelerini kulland\u0131.<\/p>\n<p>\u201cBir\u00e7ok arkada\u015f\u0131m\u0131z\u0131n bize bilgi aktaraca\u011f\u0131, bizim de g\u00f6zlemlerimizi aktaraca\u011f\u0131m\u0131z \u00f6nemli konu ba\u015fl\u0131klar\u0131m\u0131z var\u201d<\/p>\n<p>Toplant\u0131da kent g\u00fcndemine dair konu ve ko\u015fullar\u0131 konu\u015facaklar\u0131n\u0131 ifade eden Ba\u015fkan Se\u00e7er, \u015funlar\u0131 s\u00f6yledi:<\/p>\n<p>\u201cBug\u00fcn de g\u00fcndemimize dair, kentin \u015fu anda konu\u015ftu\u011fu konular\u0131, bizim i\u00e7inde bulundu\u011fumuz ko\u015fullar\u0131 ve \u015fartlar\u0131 konu\u015faca\u011f\u0131z. Ge\u00e7ti\u011fimiz g\u00fcn Meclis toplant\u0131m\u0131z vard\u0131. Orada da \u00e7ok \u00f6nemli, kenti ilgilendirecek bir g\u00fcndem maddesi vard\u0131; liman, ki hepinizin de yak\u0131ndan takip etti\u011fi. Yine \u00f6nemli g\u00fcndem maddelerinden bir tanesi, polipropilen tesisi. Bunun yan\u0131nda tabii ki kentin pandemi ile ilgili s\u00fcre\u00e7te hangi noktalardan hangi noktalara evrildi\u011fi, \u015fu anda i\u00e7inde bulundu\u011fumuz ko\u015fullar, ba\u015fta Tabipler Odas\u0131, Eczac\u0131lar Odas\u0131 olmak \u00fczere bir\u00e7ok arkada\u015f\u0131m\u0131z\u0131n bize bilgi aktaraca\u011f\u0131, bizim de buradaki yerel y\u00f6netimler olarak g\u00f6zlemlerimizi aktaraca\u011f\u0131m\u0131z \u00f6nemli konu ba\u015fl\u0131klar\u0131m\u0131z var. Yine bug\u00fcn\u00fcn \u00e7ok \u00f6nemli g\u00fcndem maddesi, \u00f6zellikle hukuk\u00e7ular\u0131 ilgilendiren Dan\u0131\u015ftay&#8217;\u0131n ald\u0131\u011f\u0131 belediye \u015firketleri ile ilgili bir karar var. B\u00fct\u00fcn bunlar\u0131 masaya yat\u0131raca\u011f\u0131z. Ama bunun yan\u0131nda lokal, spesifik bana sorular y\u00f6neltebilirsiniz. Hizmetlerimiz hakk\u0131nda bilgi alabilirsiniz, \u00f6neriler getirebilirsiniz.\u201d<\/p>\n","protected":false},"excerpt":{"rendered":"<p>Kent dinamikleri ile bir araya gelmeye devam eden Ba\u015fkan Se\u00e7er, son olarak meslek odalar\u0131n\u0131n ba\u015fkanlar\u0131 ve temsilcileri ile fikir al\u0131\u015fveri\u015finde bulundu. Ba\u015fkan Se\u00e7er, \u201cKentin her noktas\u0131nda tesiri olan insanlar\u0131n birinci &hellip; <a href=\"https:\/\/akdenizolaygazetesi.com\/?p=11396\" class=\"more-link\">Devam\u0131n\u0131 Oku&#8230;<\/a><\/p>\n","protected":false},"author":2,"featured_media":0,"comment_status":"open","ping_status":"open","sticky":false,"template":"","format":"standard","meta":[],"categories":[34,1,2,3,5,6],"tags":[],"_links":{"self":[{"href":"https:\/\/akdenizolaygazetesi.com\/index.php?rest_route=\/wp\/v2\/posts\/11396"}],"collection":[{"href":"https:\/\/akdenizolaygazetesi.com\/index.php?rest_route=\/wp\/v2\/posts"}],"about":[{"href":"https:\/\/akdenizolaygazetesi.com\/index.php?rest_route=\/wp\/v2\/types\/post"}],"author":[{"embeddable":true,"href":"https:\/\/akdenizolaygazetesi.com\/index.php?rest_route=\/wp\/v2\/users\/2"}],"replies":[{"embeddable":true,"href":"https:\/\/akdenizolaygazetesi.com\/index.php?rest_route=%2Fwp%2Fv2%2Fcomments&post=11396"}],"version-history":[{"count":1,"href":"https:\/\/akdenizolaygazetesi.com\/index.php?rest_route=\/wp\/v2\/posts\/11396\/revisions"}],"predecessor-version":[{"id":11398,"href":"https:\/\/akdenizolaygazetesi.com\/index.php?rest_route=\/wp\/v2\/posts\/11396\/revisions\/11398"}],"wp:attachment":[{"href":"https:\/\/akdenizolaygazetesi.com\/index.php?rest_route=%2Fwp%2Fv2%2Fmedia&parent=11396"}],"wp:term":[{"taxonomy":"category","embeddable":true,"href":"https:\/\/akdenizolaygazetesi.com\/index.php?rest_route=%2Fwp%2Fv2%2Fcategories&post=11396"},{"taxonomy":"post_tag","embeddable":true,"href":"https:\/\/akdenizolaygazetesi.com\/index.php?rest_route=%2Fwp%2Fv2%2Ftags&post=11396"}],"curies":[{"name":"wp","href":"https:\/\/api.w.org\/{rel}","templated":true}]}}