{"id":11403,"date":"2021-03-18T15:57:02","date_gmt":"2021-03-18T12:57:02","guid":{"rendered":"http:\/\/akdenizolaygazetesi.com\/?p=11403"},"modified":"2021-03-18T15:57:02","modified_gmt":"2021-03-18T12:57:02","slug":"baskan-gultak-sehitligi-ziyaret-etti-sehit-ailesi-ile-bir-araya-geldi","status":"publish","type":"post","link":"https:\/\/akdenizolaygazetesi.com\/?p=11403","title":{"rendered":"BA\u015eKAN G\u00dcLTAK \u015eEH\u0130TL\u0130\u011e\u0130 Z\u0130YARET ETT\u0130 \u015eEH\u0130T A\u0130LES\u0130 \u0130LE B\u0130R ARAYA GELD\u0130"},"content":{"rendered":"<p>Ba\u015fkan G\u00fcltak; \u201c18 Mart \u00c7anakkale Zaferi ve \u015eehitleri Anma G\u00fcn\u00fc\u201dn\u00fcn 106\u2019nc\u0131 y\u0131ld\u00f6n\u00fcm\u00fc dolay\u0131s\u0131yla, kent protokol\u00fc ile birlikte Mersin \u015eehitli\u011fi\u2019ni ziyaret etti.<\/p>\n<p>\u015eehitli\u011fe \u00e7elenk sunulmas\u0131 ve okunan dualar\u0131n ard\u0131ndan Ba\u015fkan G\u00fcltak, vatan u\u011fruna topra\u011fa d\u00fc\u015fen \u015eehitlerin mezarlar\u0131n\u0131 tek tek ziyaret ederek karanfil b\u0131rakt\u0131. \u015eehitli\u011fe gelen ailelerle de sohbet eden Ba\u015fkan G\u00fcltak; \u201c\u00c7anakkale\u2019de, her t\u00fcrl\u00fc yoklu\u011fa ra\u011fmen ortaya konan b\u00fcy\u00fck m\u00fccadele ve elde edilen 18 Mart Zaferi; bu \u00fclkede ya\u015fayan T\u00fcrk, K\u00fcrt, Arap, S\u00fcnni veya Alevi, t\u00fcm karde\u015flerin hep birlikte, omuz omuza \u00e7arp\u0131\u015farak \u015fehit oldu\u011fu, vatan topra\u011f\u0131n\u0131n kutsal ve dokunulmaz oldu\u011funu ispatlad\u0131klar\u0131 bir g\u00fcnd\u00fcr.<\/p>\n<p>Bug\u00fcn de PKK, DEA\u015e ve FET\u00d6 gibi ter\u00f6r \u00f6rg\u00fctleri ile m\u00fccadelenin aral\u0131ks\u0131z s\u00fcrd\u00fc\u011f\u00fcn\u00fc kaydeden Ba\u015fkan G\u00fcltak; \u201cBu topraklar\u0131 bize vatan yapan hi\u00e7bir \u015fehidimizin kan\u0131 yerde kalmad\u0131, kalmayacak.<br \/>\nKurucu \u00d6nderimiz Gazi Mustafa Kemal Atat\u00fcrk\u2019\u00fcn kurdu\u011fu Cumhuriyetimizi ya\u015fataca\u011f\u0131z. Kutsallar\u0131m\u0131z olan topra\u011f\u0131m\u0131z, vatan\u0131m\u0131z, bayra\u011f\u0131m\u0131z ve devletimiz i\u00e7in sonuna dek m\u00fccadele edece\u011fiz. Muas\u0131r medeniyetler noktas\u0131na ula\u015fmak i\u00e7in \u00e7ok \u00e7al\u0131\u015faca\u011f\u0131z. Milletimizle, halk\u0131m\u0131zla yan yana ve birlikte olmaya devam ederek, b\u00fct\u00fcn ter\u00f6r \u00f6rg\u00fctlerinin korkulu r\u00fcyas\u0131 haline gelece\u011fiz\u201d ifadelerini kulland\u0131.<\/p>\n<p>33 y\u0131l \u00f6nce \u015eehit olan askerin ailesi ziyaret edildi<\/p>\n<p>Akdeniz Belediye Ba\u015fkan\u0131 M. Mustafa G\u00fcltak; g\u00fcn dolay\u0131s\u0131yla ayr\u0131ca; 1988 y\u0131l\u0131nda Gaziantep\u2019te yap\u0131lan bir tatbikat esnas\u0131nda \u015eehit olan Er Abdurrahman \u0130nal\u2019\u0131n ailesini de \u015eevket S\u00fcmer Mahallesi\u2019nde bulunan evlerinde ziyaret etti. Ziyarete, Akdeniz Kaymakam\u0131 Muhittin Pamuk, Akdeniz \u0130l\u00e7e Emniyet M\u00fcd\u00fcr\u00fc Ebubekir Fil, Akdeniz \u0130l\u00e7e Jandarma Komutan\u0131 Halil Adakl\u0131 ile Akdeniz \u0130l\u00e7e M\u00fcft\u00fcs\u00fc \u0130brahim Yavuz da kat\u0131ld\u0131.<\/p>\n<p>\u015eehidin abisi Osman \u0130nal ve aile yak\u0131nlar\u0131yla sohbet eden ve taleplerini dinleyen Ba\u015fkan G\u00fcltak, yapt\u0131\u011f\u0131 konu\u015fmada, \u015eehit Aileleri\u2019ni yaln\u0131z b\u0131rakmad\u0131klar\u0131n\u0131n alt\u0131n\u0131 \u00e7izerek; \u201cDevlet yetkililerimizin kat\u0131l\u0131m\u0131yla<br \/>\n\u015fehit ailemizi ziyarete geldik. T\u00fcrkiye Cumhuriyeti i\u00e7in topra\u011fa d\u00fc\u015fen t\u00fcm \u015eehitlerimize Allah\u2019tan rahmet, ailelerine sab\u0131rlar diliyorum. Gazilerimize de Allah\u2019tan acil \u015fifalar temenni ediyorum\u201d dedi.<\/p>\n<p>Mahalle Sanat Evi\u2019nde duyguland\u0131ran etkinlik<\/p>\n<p>\u00d6te yandan K\u00fclt\u00fcr M\u00fcd\u00fcrl\u00fc\u011f\u00fc taraf\u0131ndan, yine 18 Mart \u00c7anakkale Zaferinin 106\u2019nc\u0131 y\u0131ld\u00f6n\u00fcm\u00fc dolay\u0131s\u0131yla, \u00d6zg\u00fcrl\u00fck Mahallesi K\u00fclt\u00fcr ve Sanat Evi&#8217;nde, \u2018\u00c7anakkale \u015eehitlerini Anma Program\u0131\u2019 d\u00fczenlendi. \u00c7ocuklar\u0131n haz\u0131rlay\u0131p g\u00f6steri sundu\u011fu ve duygusal anlar\u0131n ya\u015fand\u0131\u011f\u0131 etkinli\u011fe; Akdeniz Belediye Ba\u015fkan\u0131 M. Mustafa G\u00fcltak, Ba\u015fkan Yard\u0131mc\u0131s\u0131 Mahmut \u00c7al\u0131\u015f, Meclis \u00fcyeleri, birim m\u00fcd\u00fcrleri, Karaduvar Mahalle Muhtar\u0131 Fikret Altan, \u00d6zg\u00fcrl\u00fck Mahalle Muhtar\u0131 \u00d6mer Erg\u00fcvan ve aileler de kat\u0131ld\u0131.<\/p>\n","protected":false},"excerpt":{"rendered":"<p>Ba\u015fkan G\u00fcltak; \u201c18 Mart \u00c7anakkale Zaferi ve \u015eehitleri Anma G\u00fcn\u00fc\u201dn\u00fcn 106\u2019nc\u0131 y\u0131ld\u00f6n\u00fcm\u00fc dolay\u0131s\u0131yla, kent protokol\u00fc ile birlikte Mersin \u015eehitli\u011fi\u2019ni ziyaret etti. \u015eehitli\u011fe \u00e7elenk sunulmas\u0131 ve okunan dualar\u0131n ard\u0131ndan Ba\u015fkan G\u00fcltak, &hellip; <a href=\"https:\/\/akdenizolaygazetesi.com\/?p=11403\" class=\"more-link\">Devam\u0131n\u0131 Oku&#8230;<\/a><\/p>\n","protected":false},"author":2,"featured_media":11405,"comment_status":"open","ping_status":"open","sticky":false,"template":"","format":"standard","meta":[],"categories":[34,1,2,3,5],"tags":[],"_links":{"self":[{"href":"https:\/\/akdenizolaygazetesi.com\/index.php?rest_route=\/wp\/v2\/posts\/11403"}],"collection":[{"href":"https:\/\/akdenizolaygazetesi.com\/index.php?rest_route=\/wp\/v2\/posts"}],"about":[{"href":"https:\/\/akdenizolaygazetesi.com\/index.php?rest_route=\/wp\/v2\/types\/post"}],"author":[{"embeddable":true,"href":"https:\/\/akdenizolaygazetesi.com\/index.php?rest_route=\/wp\/v2\/users\/2"}],"replies":[{"embeddable":true,"href":"https:\/\/akdenizolaygazetesi.com\/index.php?rest_route=%2Fwp%2Fv2%2Fcomments&post=11403"}],"version-history":[{"count":1,"href":"https:\/\/akdenizolaygazetesi.com\/index.php?rest_route=\/wp\/v2\/posts\/11403\/revisions"}],"predecessor-version":[{"id":11406,"href":"https:\/\/akdenizolaygazetesi.com\/index.php?rest_route=\/wp\/v2\/posts\/11403\/revisions\/11406"}],"wp:featuredmedia":[{"embeddable":true,"href":"https:\/\/akdenizolaygazetesi.com\/index.php?rest_route=\/wp\/v2\/media\/11405"}],"wp:attachment":[{"href":"https:\/\/akdenizolaygazetesi.com\/index.php?rest_route=%2Fwp%2Fv2%2Fmedia&parent=11403"}],"wp:term":[{"taxonomy":"category","embeddable":true,"href":"https:\/\/akdenizolaygazetesi.com\/index.php?rest_route=%2Fwp%2Fv2%2Fcategories&post=11403"},{"taxonomy":"post_tag","embeddable":true,"href":"https:\/\/akdenizolaygazetesi.com\/index.php?rest_route=%2Fwp%2Fv2%2Ftags&post=11403"}],"curies":[{"name":"wp","href":"https:\/\/api.w.org\/{rel}","templated":true}]}}