{"id":11407,"date":"2021-03-18T17:20:19","date_gmt":"2021-03-18T14:20:19","guid":{"rendered":"http:\/\/akdenizolaygazetesi.com\/?p=11407"},"modified":"2021-03-18T17:20:19","modified_gmt":"2021-03-18T14:20:19","slug":"baskan-secer-18-mart-programlarina-katildi","status":"publish","type":"post","link":"https:\/\/akdenizolaygazetesi.com\/?p=11407","title":{"rendered":"BA\u015eKAN SE\u00c7ER, 18 MART PROGRAMLARINA KATILDI"},"content":{"rendered":"<p>Ba\u015fkan Se\u00e7er, 18 Mart \u015eehitleri Anma G\u00fcn\u00fc ve \u00c7anakkale Deniz Zaferi\u2019nin 106. y\u0131l d\u00f6n\u00fcm\u00fc kapsam\u0131nda d\u00fczenlenen programlara kat\u0131ld\u0131. \u0130lk olarak Mersin \u015eehitli\u011fi\u2019nde d\u00fczenlenen t\u00f6rende \u015eehitlik An\u0131t\u0131\u2019na \u00e7elenk sunan Se\u00e7er, ard\u0131ndan \u015fehit kabirlerine karanfil b\u0131rakt\u0131. \u015eehit aileleri ve gazilerle bulu\u015fma yeme\u011fine de kat\u0131lan Se\u00e7er, son olarak \u2018Devlet \u00d6v\u00fcn\u00e7 Madalyas\u0131 ve Berat\u0131 Tevcih T\u00f6reni\u2019ne kat\u0131l\u0131m sa\u011flad\u0131.<\/p>\n<p>Mersin B\u00fcy\u00fck\u015fehir Belediye Ba\u015fkan\u0131 Vahap Se\u00e7er, Mersin Valili\u011fi taraf\u0131ndan 18 Mart \u015eehitleri Anma G\u00fcn\u00fc ve \u00c7anakkale Deniz Zaferi\u2019nin 106. y\u0131l d\u00f6n\u00fcm\u00fc kapsam\u0131nda d\u00fczenlenen programlara kat\u0131ld\u0131.<\/p>\n<p>T\u00f6ren Mersin \u015eehitli\u011fi\u2019nde ba\u015flad\u0131<\/p>\n<p>Sabah saatlerinde Mersin \u015eehitli\u011fi\u2019nde d\u00fczenlenen 18 Mart \u015eehitleri Anma G\u00fcn\u00fc ve \u00c7anakkale Deniz Zaferi\u2019nin 106. y\u0131l d\u00f6n\u00fcm\u00fc t\u00f6ren program\u0131, pandemi kurallar\u0131 \u00e7er\u00e7evesinde s\u0131n\u0131rl\u0131 say\u0131da kat\u0131l\u0131mc\u0131 ile ger\u00e7ekle\u015ftirildi. T\u00f6rene Mersin Valisi Ali \u0130hsan Su, Akdeniz B\u00f6lge ve Garnizon Komutan\u0131 Tu\u011famiral Fuat Gedik, Mersin B\u00fcy\u00fck\u015fehir Belediye Ba\u015fkan\u0131 Vahap Se\u00e7er, T\u00fcrkiye Harp Malul\u00fc Gaziler, \u015eehit Dul ve Yetimleri Derne\u011fi Mersin \u015eube Ba\u015fkan\u0131 Fatih Tuncer, AKP Mersin Milletvekili Zeynep G\u00fcl Y\u0131lmaz, kent protokol\u00fc, siyasi parti temsilcileri, il\u00e7e belediye ba\u015fkanlar\u0131, \u015fehit aileleri ve gaziler kat\u0131ld\u0131.<\/p>\n<p>\u015eehitlik An\u0131t\u0131\u2019na \u00e7elenk sunuldu<\/p>\n<p>Mersin \u015eehitli\u011fi\u2019nde yap\u0131lan t\u00f6rende, \u015eehitlik An\u0131t\u0131\u2019na \u00e7elenk sunuldu. \u00c7elenkleri \u015eehitlik An\u0131t\u0131\u2019na Mersin Valisi Ali \u0130hsan Su, Akdeniz B\u00f6lge ve Garnizon Komutan\u0131 Tu\u011famiral Fuat Gedik, Mersin B\u00fcy\u00fck\u015fehir Belediye Ba\u015fkan\u0131 Vahap Se\u00e7er ve T\u00fcrkiye Harp Malul\u00fc Gaziler, \u015eehit Dul ve Yetimleri Derne\u011fi Mersin \u015eube Ba\u015fkan\u0131 Fatih Tuncer sundu.  \u00c7elenk sunulmas\u0131n\u0131n ard\u0131ndan sayg\u0131 duru\u015funda bulunuldu ve \u0130stikl\u00e2l Mar\u015f\u0131 e\u015fli\u011finde \u015fanl\u0131 bayrak g\u00f6ndere \u00e7ekildi.<\/p>\n<p>\u015eehit kabirlerine karanfiller b\u0131rak\u0131ld\u0131<\/p>\n<p>Program, \u015fehitlerin kabirlerinin ziyaret edilmesi ile devam etti. Yap\u0131lan Kur\u2019an-\u0131 Kerim tilavetinin ard\u0131ndan Mersin \u0130l M\u00fcft\u00fcs\u00fc \u015eaban Kondi, \u015fehitler i\u00e7in dua okudu. Yap\u0131lan duan\u0131n ard\u0131ndan \u015fehitlerin kabirlerine protokol \u00fcyeleri taraf\u0131ndan karanfiller b\u0131rak\u0131ld\u0131.<\/p>\n<p>Program \u015fehit aileleri ve gazilerle bulu\u015fma yeme\u011fi ile devam etti<\/p>\n<p>Mersin \u015eehitli\u011fi\u2019nde d\u00fczenlenen t\u00f6renin ard\u0131ndan Mersin Suphi \u00d6ner \u00d6\u011fretmenevi\u2019nde Mersin Valili\u011fi taraf\u0131ndan pandemi tedbirleri kapsam\u0131nda \u015fehit aileleri ve gazilerle bulu\u015fma yeme\u011fi d\u00fczenlendi. Yeme\u011fe, Mersin Valisi Ali \u0130hsan Su ve e\u015fi Zeliha Su, Akdeniz B\u00f6lge ve Garnizon Komutan\u0131 Tu\u011famiral Fuat Gedik ve e\u015fi Oya Gedik, Mersin B\u00fcy\u00fck\u015fehir Belediye Ba\u015fkan\u0131 Vahap Se\u00e7er ve e\u015fi Meral Se\u00e7er, AKP Mersin Milletvekili Zeynep G\u00fcl Y\u0131lmaz, kent protokol\u00fc, \u015fehit aileleri ve gaziler kat\u0131ld\u0131. Yemekte din g\u00f6revlisi Erdal Koca, Kur\u2019an-\u0131 Kerim tilaveti yaparken, Mersin \u0130l M\u00fcft\u00fcs\u00fc \u015eaban Kondi de yemek duas\u0131n\u0131 yapt\u0131.<\/p>\n<p>Se\u00e7er, \u2018Devlet \u00d6v\u00fcn\u00e7 Madalyas\u0131 ve Berat\u0131 Tevcih T\u00f6reni\u2019ne kat\u0131ld\u0131<\/p>\n<p>Ba\u015fkan Se\u00e7er, son olarak Mersin Valili\u011fi taraf\u0131ndan d\u00fczenlenen \u2018Devlet \u00d6v\u00fcn\u00e7 Madalyas\u0131 ve Berat\u0131 Tevcih T\u00f6reni\u2019ne kat\u0131ld\u0131. K\u00fclt\u00fcr Merkezi\u2019nde d\u00fczenlenen t\u00f6rene Vali Su ve e\u015fi Zeliha Su, Akdeniz B\u00f6lge ve Garnizon Komutan\u0131 Tu\u011famiral Fuat Gedik, Mersin B\u00fcy\u00fck\u015fehir Belediye Ba\u015fkan\u0131 Vahap Se\u00e7er ve e\u015fi Meral Se\u00e7er, AKP Mersin Milletvekilleri Zeynep G\u00fcl Y\u0131lmaz ile Hac\u0131 \u00d6zkan, kent protokol\u00fc, \u015fehit aileleri ve gaziler kat\u0131ld\u0131.<\/p>\n<p>T\u00f6rende sayg\u0131 duru\u015funda bulunulduktan sonra \u0130stiklal Mar\u015f\u0131 okundu. T\u00f6ren, \u015fehit ve gazilerin \u00f6zge\u00e7mi\u015flerinin okunmas\u0131n\u0131n ard\u0131ndan Vali Su\u2019nun konu\u015fmas\u0131 ile devam etti. Son olarak ise Vali Su taraf\u0131ndan 11 \u015fehit yak\u0131n\u0131 ve gaziye Devlet \u00d6v\u00fcn\u00e7 Madalya ve Beratlar\u0131 tevdi edildi.<\/p>\n","protected":false},"excerpt":{"rendered":"<p>Ba\u015fkan Se\u00e7er, 18 Mart \u015eehitleri Anma G\u00fcn\u00fc ve \u00c7anakkale Deniz Zaferi\u2019nin 106. y\u0131l d\u00f6n\u00fcm\u00fc kapsam\u0131nda d\u00fczenlenen programlara kat\u0131ld\u0131. \u0130lk olarak Mersin \u015eehitli\u011fi\u2019nde d\u00fczenlenen t\u00f6rende \u015eehitlik An\u0131t\u0131\u2019na \u00e7elenk sunan Se\u00e7er, ard\u0131ndan &hellip; <a href=\"https:\/\/akdenizolaygazetesi.com\/?p=11407\" class=\"more-link\">Devam\u0131n\u0131 Oku&#8230;<\/a><\/p>\n","protected":false},"author":2,"featured_media":11408,"comment_status":"open","ping_status":"open","sticky":false,"template":"","format":"standard","meta":[],"categories":[34,1,2,3,5],"tags":[],"_links":{"self":[{"href":"https:\/\/akdenizolaygazetesi.com\/index.php?rest_route=\/wp\/v2\/posts\/11407"}],"collection":[{"href":"https:\/\/akdenizolaygazetesi.com\/index.php?rest_route=\/wp\/v2\/posts"}],"about":[{"href":"https:\/\/akdenizolaygazetesi.com\/index.php?rest_route=\/wp\/v2\/types\/post"}],"author":[{"embeddable":true,"href":"https:\/\/akdenizolaygazetesi.com\/index.php?rest_route=\/wp\/v2\/users\/2"}],"replies":[{"embeddable":true,"href":"https:\/\/akdenizolaygazetesi.com\/index.php?rest_route=%2Fwp%2Fv2%2Fcomments&post=11407"}],"version-history":[{"count":1,"href":"https:\/\/akdenizolaygazetesi.com\/index.php?rest_route=\/wp\/v2\/posts\/11407\/revisions"}],"predecessor-version":[{"id":11409,"href":"https:\/\/akdenizolaygazetesi.com\/index.php?rest_route=\/wp\/v2\/posts\/11407\/revisions\/11409"}],"wp:featuredmedia":[{"embeddable":true,"href":"https:\/\/akdenizolaygazetesi.com\/index.php?rest_route=\/wp\/v2\/media\/11408"}],"wp:attachment":[{"href":"https:\/\/akdenizolaygazetesi.com\/index.php?rest_route=%2Fwp%2Fv2%2Fmedia&parent=11407"}],"wp:term":[{"taxonomy":"category","embeddable":true,"href":"https:\/\/akdenizolaygazetesi.com\/index.php?rest_route=%2Fwp%2Fv2%2Fcategories&post=11407"},{"taxonomy":"post_tag","embeddable":true,"href":"https:\/\/akdenizolaygazetesi.com\/index.php?rest_route=%2Fwp%2Fv2%2Ftags&post=11407"}],"curies":[{"name":"wp","href":"https:\/\/api.w.org\/{rel}","templated":true}]}}