{"id":11416,"date":"2021-03-19T19:15:13","date_gmt":"2021-03-19T16:15:13","guid":{"rendered":"http:\/\/akdenizolaygazetesi.com\/?p=11416"},"modified":"2021-03-19T19:15:13","modified_gmt":"2021-03-19T16:15:13","slug":"18-martta-canakkale-menusu-toroslar-belediyesinden","status":"publish","type":"post","link":"https:\/\/akdenizolaygazetesi.com\/?p=11416","title":{"rendered":"18 MART&#8217;TA \u00c7ANAKKALE MEN\u00dcS\u00dc TOROSLAR BELED\u0130YES\u0130&#8217;NDEN"},"content":{"rendered":"\n<p>&#8220;Vatanda\u015flar, \u00c7anakkale  Men\u00fcs\u00fc ile Duyguland\u0131&#8221;<\/p>\n<p>Toroslar Belediyesi taraf\u0131ndan 18 Mart \u00c7anakkale Zaferi&#8217;nin 106&#8217;nc\u0131 y\u0131l d\u00f6n\u00fcm\u00fc ve \u015eehitleri Anma G\u00fcn\u00fc kapsam\u0131nda vatanda\u015flara bu\u011fday \u00e7orbas\u0131, ho\u015faf ve ekmekten olu\u015fan &#8216;\u00c7anakkale men\u00fcs\u00fc&#8217; da\u011f\u0131t\u0131ld\u0131.<\/p>\n<p>\u0130l\u00e7edeki semt pazarlar\u0131, Kuvayi Milliye Caddesi \u00fczerinde bulunan Toroslar K\u00fclt\u00fcr Sanat Kald\u0131r\u0131m\u0131 ve mahallelerde d\u00f6nemin askeri k\u0131yafetleriyle ikram edilen &#8220;\u00c7anakkale men\u00fcs\u00fc&#8217; duyguland\u0131rd\u0131.<\/p>\n<p>Vatanda\u015flar, \u00c7anakkale&#8217;de yedi d\u00fcvele kar\u015f\u0131 sava\u015fan ve kahramanl\u0131k destan\u0131 yazan T\u00fcrk askerinin ya\u015fad\u0131\u011f\u0131 zorluklar\u0131n hissedilmesi amac\u0131yla yap\u0131lan etkinlik i\u00e7in Toroslar Belediye Ba\u015fkan\u0131 Ats\u0131z Af\u015f\u0131n Y\u0131lmaz&#8217;a te\u015fekk\u00fcr etti.<\/p>\n<p>&#8220;\u00c7anakkale Ruhu Hi\u00e7bir Zaman Kaybolmayacakt\u0131r&#8221;<\/p>\n<p>Ba\u015fkan Y\u0131lmaz ise \u00c7anakkale ruhunun her d\u00f6nemde var oldu\u011funu ve hi\u00e7bir zaman kaybolmayaca\u011f\u0131n\u0131 belirterek; &#8220;Kahraman ecdad\u0131m\u0131z\u0131n \u00c7anakkale&#8217;de 106 y\u0131l \u00f6nce ne kadar zor \u015fartlar alt\u0131nda zafer kazand\u0131\u011f\u0131n\u0131 an\u0131msatmak amac\u0131yla b\u00f6yle bir etkinlik d\u00fczenledik. Yokluk ve imkans\u0131zl\u0131klara ra\u011fmen can\u0131 pahas\u0131na kazan\u0131lan bu zafer, milletimizin i\u00e7indeki ba\u011f\u0131ms\u0131zl\u0131k ruhunun en \u00f6nemli g\u00f6stergesidir. Ve \u00c7anakkale ruhu kalbimizde ilelebet ya\u015fayacakt\u0131r. Bu duygu ve d\u00fc\u015f\u00fcncelerle ba\u015fta Ulu \u00d6nderimiz Gazi Mustafa Kemal Atat\u00fcrk olmak \u00fczere bug\u00fcnleri bizlere arma\u011fan eden t\u00fcm kahramanlar\u0131m\u0131z\u0131 sayg\u0131, rahmet ve minnetle an\u0131yorum&#8221; diye konu\u015ftu.<\/p>\n","protected":false},"excerpt":{"rendered":"<p>&#8220;Vatanda\u015flar, \u00c7anakkale Men\u00fcs\u00fc ile Duyguland\u0131&#8221; Toroslar Belediyesi taraf\u0131ndan 18 Mart \u00c7anakkale Zaferi&#8217;nin 106&#8217;nc\u0131 y\u0131l d\u00f6n\u00fcm\u00fc ve \u015eehitleri Anma G\u00fcn\u00fc kapsam\u0131nda vatanda\u015flara bu\u011fday \u00e7orbas\u0131, ho\u015faf ve ekmekten olu\u015fan &#8216;\u00c7anakkale men\u00fcs\u00fc&#8217; da\u011f\u0131t\u0131ld\u0131. &hellip; <a href=\"https:\/\/akdenizolaygazetesi.com\/?p=11416\" class=\"more-link\">Devam\u0131n\u0131 Oku&#8230;<\/a><\/p>\n","protected":false},"author":2,"featured_media":11417,"comment_status":"open","ping_status":"open","sticky":false,"template":"","format":"standard","meta":[],"categories":[34,1,2,3,5],"tags":[],"_links":{"self":[{"href":"https:\/\/akdenizolaygazetesi.com\/index.php?rest_route=\/wp\/v2\/posts\/11416"}],"collection":[{"href":"https:\/\/akdenizolaygazetesi.com\/index.php?rest_route=\/wp\/v2\/posts"}],"about":[{"href":"https:\/\/akdenizolaygazetesi.com\/index.php?rest_route=\/wp\/v2\/types\/post"}],"author":[{"embeddable":true,"href":"https:\/\/akdenizolaygazetesi.com\/index.php?rest_route=\/wp\/v2\/users\/2"}],"replies":[{"embeddable":true,"href":"https:\/\/akdenizolaygazetesi.com\/index.php?rest_route=%2Fwp%2Fv2%2Fcomments&post=11416"}],"version-history":[{"count":1,"href":"https:\/\/akdenizolaygazetesi.com\/index.php?rest_route=\/wp\/v2\/posts\/11416\/revisions"}],"predecessor-version":[{"id":11418,"href":"https:\/\/akdenizolaygazetesi.com\/index.php?rest_route=\/wp\/v2\/posts\/11416\/revisions\/11418"}],"wp:featuredmedia":[{"embeddable":true,"href":"https:\/\/akdenizolaygazetesi.com\/index.php?rest_route=\/wp\/v2\/media\/11417"}],"wp:attachment":[{"href":"https:\/\/akdenizolaygazetesi.com\/index.php?rest_route=%2Fwp%2Fv2%2Fmedia&parent=11416"}],"wp:term":[{"taxonomy":"category","embeddable":true,"href":"https:\/\/akdenizolaygazetesi.com\/index.php?rest_route=%2Fwp%2Fv2%2Fcategories&post=11416"},{"taxonomy":"post_tag","embeddable":true,"href":"https:\/\/akdenizolaygazetesi.com\/index.php?rest_route=%2Fwp%2Fv2%2Ftags&post=11416"}],"curies":[{"name":"wp","href":"https:\/\/api.w.org\/{rel}","templated":true}]}}