{"id":11422,"date":"2021-03-19T19:42:35","date_gmt":"2021-03-19T16:42:35","guid":{"rendered":"http:\/\/akdenizolaygazetesi.com\/?p=11422"},"modified":"2021-03-19T19:42:35","modified_gmt":"2021-03-19T16:42:35","slug":"baskan-yilmaz-ulastirma-ve-altyapi-bakani-karaismailoglunu-agirladi","status":"publish","type":"post","link":"https:\/\/akdenizolaygazetesi.com\/?p=11422","title":{"rendered":"BA\u015eKAN YILMAZ, ULA\u015eTIRMA VE ALTYAPI BAKANI KARA\u0130SMA\u0130LO\u011eLU&#8217;NU A\u011eIRLADI"},"content":{"rendered":"<p>Ula\u015ft\u0131rma ve Altyap\u0131 Bakan\u0131 Adil Karaismailo\u011flu, Toroslar Belediyesi&#8217;ni ziyaret etti. Bakan Karaismailo\u011flu&#8217;nu makam\u0131nda a\u011f\u0131rlayan Ba\u015fkan Y\u0131lmaz, ziyaretten onur duydu\u011funu dile getirdi.<\/p>\n<p>Ziyaret s\u0131ras\u0131nda, g\u00f6reve geldikleri g\u00fcnden bug\u00fcne kadar hayata ge\u00e7irdikleri ve devam eden projeleri ile ilgili Bakan Karaismailo\u011flu&#8217;na bilgi veren Ba\u015fkan Y\u0131lmaz, ayr\u0131ca il\u00e7enin ekonomisi, tarihi ve do\u011fal g\u00fczellikleri, turizm potansiyeli, ula\u015f\u0131m ve alt yap\u0131 alan\u0131ndaki \u00e7al\u0131\u015fmalar\u0131 anlatt\u0131.<\/p>\n<p>Ula\u015ft\u0131rma ve Altyap\u0131 Bakan\u0131 Adil Karaismailo\u011flu da Ba\u015fkan Y\u0131lmaz&#8217;a hizmetlerinden dolay\u0131 te\u015fekk\u00fcr ederek, \u00e7al\u0131\u015fmalar\u0131nda ba\u015far\u0131lar\u0131n\u0131n devam\u0131n\u0131 diledi.<\/p>\n<p>Ula\u015ft\u0131rma ve Altyap\u0131 Bakan\u0131 Adil Karaismailo\u011flu&#8217;nun Toroslar Belediyesi&#8217;ni ziyaretiyle ilgili bir a\u00e7\u0131klama yapan Ba\u015fkan Y\u0131lmaz; &#8220;Bakan\u0131m\u0131z Say\u0131n Adil Karaismailo\u011flu, Mersinimize gelerek kentimizi gelece\u011fe ta\u015f\u0131yacak yat\u0131r\u0131mlar\u0131 de\u011ferlendirdiler. Toroslar Belediyemizi de ziyaret ederek bizleri onurland\u0131rd\u0131lar. Toroslar\u0131m\u0131z, hayata ge\u00e7irdi\u011fimiz yat\u0131r\u0131mlarla her ge\u00e7en g\u00fcn b\u00fcy\u00fcyen ve geli\u015fen bir il\u00e7e. Say\u0131n Bakan\u0131m\u0131za da belediyemizi ziyaretinde il\u00e7emizde yapt\u0131\u011f\u0131m\u0131z \u00e7al\u0131\u015fmalar\u0131m\u0131z\u0131 ve devam eden projelerimizi anlatt\u0131k. Nazik ziyaretinden dolay\u0131 Say\u0131n Bakan\u0131m\u0131za te\u015fekk\u00fcr ederiz&#8221; dedi.<\/p>\n","protected":false},"excerpt":{"rendered":"<p>Ula\u015ft\u0131rma ve Altyap\u0131 Bakan\u0131 Adil Karaismailo\u011flu, Toroslar Belediyesi&#8217;ni ziyaret etti. Bakan Karaismailo\u011flu&#8217;nu makam\u0131nda a\u011f\u0131rlayan Ba\u015fkan Y\u0131lmaz, ziyaretten onur duydu\u011funu dile getirdi. Ziyaret s\u0131ras\u0131nda, g\u00f6reve geldikleri g\u00fcnden bug\u00fcne kadar hayata ge\u00e7irdikleri &hellip; <a href=\"https:\/\/akdenizolaygazetesi.com\/?p=11422\" class=\"more-link\">Devam\u0131n\u0131 Oku&#8230;<\/a><\/p>\n","protected":false},"author":2,"featured_media":11424,"comment_status":"open","ping_status":"open","sticky":false,"template":"","format":"standard","meta":[],"categories":[34,1,2,3,5,6],"tags":[],"_links":{"self":[{"href":"https:\/\/akdenizolaygazetesi.com\/index.php?rest_route=\/wp\/v2\/posts\/11422"}],"collection":[{"href":"https:\/\/akdenizolaygazetesi.com\/index.php?rest_route=\/wp\/v2\/posts"}],"about":[{"href":"https:\/\/akdenizolaygazetesi.com\/index.php?rest_route=\/wp\/v2\/types\/post"}],"author":[{"embeddable":true,"href":"https:\/\/akdenizolaygazetesi.com\/index.php?rest_route=\/wp\/v2\/users\/2"}],"replies":[{"embeddable":true,"href":"https:\/\/akdenizolaygazetesi.com\/index.php?rest_route=%2Fwp%2Fv2%2Fcomments&post=11422"}],"version-history":[{"count":1,"href":"https:\/\/akdenizolaygazetesi.com\/index.php?rest_route=\/wp\/v2\/posts\/11422\/revisions"}],"predecessor-version":[{"id":11425,"href":"https:\/\/akdenizolaygazetesi.com\/index.php?rest_route=\/wp\/v2\/posts\/11422\/revisions\/11425"}],"wp:featuredmedia":[{"embeddable":true,"href":"https:\/\/akdenizolaygazetesi.com\/index.php?rest_route=\/wp\/v2\/media\/11424"}],"wp:attachment":[{"href":"https:\/\/akdenizolaygazetesi.com\/index.php?rest_route=%2Fwp%2Fv2%2Fmedia&parent=11422"}],"wp:term":[{"taxonomy":"category","embeddable":true,"href":"https:\/\/akdenizolaygazetesi.com\/index.php?rest_route=%2Fwp%2Fv2%2Fcategories&post=11422"},{"taxonomy":"post_tag","embeddable":true,"href":"https:\/\/akdenizolaygazetesi.com\/index.php?rest_route=%2Fwp%2Fv2%2Ftags&post=11422"}],"curies":[{"name":"wp","href":"https:\/\/api.w.org\/{rel}","templated":true}]}}