{"id":11429,"date":"2021-03-20T14:52:56","date_gmt":"2021-03-20T11:52:56","guid":{"rendered":"http:\/\/akdenizolaygazetesi.com\/?p=11429"},"modified":"2021-03-20T14:52:56","modified_gmt":"2021-03-20T11:52:56","slug":"buyuksehirin-duzenledigi-baba-bulusmalari-programi-tamamlandi","status":"publish","type":"post","link":"https:\/\/akdenizolaygazetesi.com\/?p=11429","title":{"rendered":"B\u00dcY\u00dcK\u015eEH\u0130R\u2019\u0130N D\u00dcZENLED\u0130\u011e\u0130 \u2018BABA BULU\u015eMALARI\u2019 PROGRAMI TAMAMLANDI"},"content":{"rendered":"<p>Mersin B\u00fcy\u00fck\u015fehir Belediyesi taraf\u0131ndan \u00e7ocuk geli\u015fiminin desteklenmesi ve hane i\u00e7i e\u015fitsizliklerin azalt\u0131lmas\u0131 amac\u0131yla online olarak y\u00fcr\u00fct\u00fclen \u2018Baba Bulu\u015fmalar\u0131\u2019 program\u0131 tamamland\u0131. 9 hafta s\u00fcren program sonunda \u00e7evrimi\u00e7i ortamda ger\u00e7ekle\u015ftirilen t\u00f6ren ile 27 babaya kat\u0131l\u0131m belgesi verildi.<\/p>\n<p>MERS\u0130N\/(FOTO\u011eRAFLI)<\/p>\n<p>Mersin B\u00fcy\u00fck\u015fehir Belediyesi Kad\u0131n ve Aile Hizmetleri Dairesi taraf\u0131ndan \u00e7ocuk geli\u015fiminin desteklenmesi ve hane i\u00e7i e\u015fitsizliklerin azalt\u0131lmas\u0131 amac\u0131yla Anne \u00c7ocuk E\u011fitim Vakf\u0131 (A\u00c7EV) i\u015f birli\u011fi ile y\u00fcr\u00fct\u00fclen \u2018Baba Bulu\u015fmalar\u0131\u2019 program\u0131 tamamland\u0131.<\/p>\n<p>\u00c7evrimi\u00e7i olarak 9 hafta s\u00fcren \u2018Baba Bulu\u015fmalar\u0131\u2019 program\u0131, babalar\u0131 \u00e7ocuk geli\u015fimi konusunda bilgilendirmek, rol ve sorumluluk almaya te\u015fvik etmek ve aile i\u00e7inde demokratik ili\u015fkiler kurma konusunda desteklemek amac\u0131yla y\u00fcr\u00fct\u00fcld\u00fc. Program sonunda yine \u00e7evrimi\u00e7i ortamda ger\u00e7ekle\u015ftirilen t\u00f6ren ile 7\u2019si Mersin B\u00fcy\u00fck\u015fehir Belediyesi grubu olmak \u00fczere 27 babaya kat\u0131l\u0131m belgesi verildi.<\/p>\n","protected":false},"excerpt":{"rendered":"<p>Mersin B\u00fcy\u00fck\u015fehir Belediyesi taraf\u0131ndan \u00e7ocuk geli\u015fiminin desteklenmesi ve hane i\u00e7i e\u015fitsizliklerin azalt\u0131lmas\u0131 amac\u0131yla online olarak y\u00fcr\u00fct\u00fclen \u2018Baba Bulu\u015fmalar\u0131\u2019 program\u0131 tamamland\u0131. 9 hafta s\u00fcren program sonunda \u00e7evrimi\u00e7i ortamda ger\u00e7ekle\u015ftirilen t\u00f6ren ile &hellip; <a href=\"https:\/\/akdenizolaygazetesi.com\/?p=11429\" class=\"more-link\">Devam\u0131n\u0131 Oku&#8230;<\/a><\/p>\n","protected":false},"author":2,"featured_media":11430,"comment_status":"open","ping_status":"open","sticky":false,"template":"","format":"standard","meta":[],"categories":[34,1,2,3,5],"tags":[],"_links":{"self":[{"href":"https:\/\/akdenizolaygazetesi.com\/index.php?rest_route=\/wp\/v2\/posts\/11429"}],"collection":[{"href":"https:\/\/akdenizolaygazetesi.com\/index.php?rest_route=\/wp\/v2\/posts"}],"about":[{"href":"https:\/\/akdenizolaygazetesi.com\/index.php?rest_route=\/wp\/v2\/types\/post"}],"author":[{"embeddable":true,"href":"https:\/\/akdenizolaygazetesi.com\/index.php?rest_route=\/wp\/v2\/users\/2"}],"replies":[{"embeddable":true,"href":"https:\/\/akdenizolaygazetesi.com\/index.php?rest_route=%2Fwp%2Fv2%2Fcomments&post=11429"}],"version-history":[{"count":1,"href":"https:\/\/akdenizolaygazetesi.com\/index.php?rest_route=\/wp\/v2\/posts\/11429\/revisions"}],"predecessor-version":[{"id":11431,"href":"https:\/\/akdenizolaygazetesi.com\/index.php?rest_route=\/wp\/v2\/posts\/11429\/revisions\/11431"}],"wp:featuredmedia":[{"embeddable":true,"href":"https:\/\/akdenizolaygazetesi.com\/index.php?rest_route=\/wp\/v2\/media\/11430"}],"wp:attachment":[{"href":"https:\/\/akdenizolaygazetesi.com\/index.php?rest_route=%2Fwp%2Fv2%2Fmedia&parent=11429"}],"wp:term":[{"taxonomy":"category","embeddable":true,"href":"https:\/\/akdenizolaygazetesi.com\/index.php?rest_route=%2Fwp%2Fv2%2Fcategories&post=11429"},{"taxonomy":"post_tag","embeddable":true,"href":"https:\/\/akdenizolaygazetesi.com\/index.php?rest_route=%2Fwp%2Fv2%2Ftags&post=11429"}],"curies":[{"name":"wp","href":"https:\/\/api.w.org\/{rel}","templated":true}]}}