{"id":1143,"date":"2020-11-04T18:21:43","date_gmt":"2020-11-04T15:21:43","guid":{"rendered":"http:\/\/mersinekonomipolitikagazetesi.com\/?p=1143"},"modified":"2020-11-04T18:21:43","modified_gmt":"2020-11-04T15:21:43","slug":"mersin-giad-baskani-izol-issizlik-oranlarini-dusurmeliyiz","status":"publish","type":"post","link":"https:\/\/akdenizolaygazetesi.com\/?p=1143","title":{"rendered":"Mersin G\u0130AD Ba\u015fkan\u0131 \u0130zol; &#8220;\u0130\u015fsizlik oranlar\u0131n\u0131 d\u00fc\u015f\u00fcrmeliyiz&#8221;"},"content":{"rendered":"<p>Mersin Giri\u015fimci \u0130\u015fadamlar\u0131 Derne\u011fi (G\u0130AD) Ba\u015fkan\u0131 Mehmet Serkan \u0130zol, i\u015fsizlik oranlar\u0131n\u0131n d\u00fc\u015f\u00fcr\u00fclmesi gerekti\u011fine i\u015faret ederek, &#8220;T\u00fcrkiye\u2019de vergi levhas\u0131na sahip, ticari hacim olarak yeni istihdama a\u00e7\u0131k her i\u015fletme 1 ki\u015fiyi i\u015fe alsa i\u015fsizlik sorunu ortadan kalkacakt\u0131r. Bu anlamda \u2018\u00dcretim Reform Paketi\u2019 ba\u015fta olmak \u00fczere, bu t\u00fcr te\u015fvik ve indirimleri destekliyoruz&#8221; dedi.<\/p>\n<p>\u0130zol, T\u00dc\u0130K taraf\u0131ndan a\u00e7\u0131klanan \u015fubat d\u00f6nemi i\u015fsizlik rakamlar\u0131n\u0131 de\u011ferlendirdi. Y\u00fczde 12.6 olarak a\u00e7\u0131klanan \u015fubat ay\u0131 i\u015fsizlik rakamlar\u0131n\u0131n ocak ay\u0131na g\u00f6re y\u00fczde 0.4 d\u00fc\u015ft\u00fc\u011f\u00fcn\u00fc belirten \u0130zol, \u00fclke olarak her i\u015fletmenin bir ki\u015fiyi i\u015fe almas\u0131 durumunda i\u015fsizlik diye bir sorunun olmayaca\u011f\u0131n\u0131 ifade ederek, &#8220;\u0130\u015f g\u00fcc\u00fcn\u00fcn artmas\u0131 \u015firketlerin i\u015f hacminin artmas\u0131na neden olacakt\u0131r. \u015eubat 2017 d\u00f6neminde herhangi bir sosyal g\u00fcvenlik kurulu\u015funa ba\u011fl\u0131 olmadan \u00e7al\u0131\u015fanlar\u0131n oran\u0131, bir \u00f6nceki y\u0131l\u0131n ayn\u0131 d\u00f6nemine g\u00f6re 0.7 puan artarak y\u00fczde 32.8 olarak ger\u00e7ekle\u015fti. Bu da i\u015fsizlik rakamlar\u0131n\u0131n art\u0131\u015f g\u00f6stermesine neden oluyor. Bizler i\u015fverenler olarak baz\u0131 sorumluluklar\u0131 \u00fczerimize almal\u0131y\u0131z. T\u00fcrkiye\u2019de vergi levhas\u0131na sahip, ticari hacim olarak yeni istihdama a\u00e7\u0131k her i\u015fletme 1 ki\u015fiyi i\u015fe alsa i\u015fsizlik sorunu ortadan kalkacakt\u0131r. Bu anlamda \u2018\u00dcretim Reform Paketi\u2019 ba\u015fta olmak \u00fczere, bu t\u00fcr te\u015fvik ve indirimleri destekliyoruz&#8221; diye konu\u015ftu.<\/p>\n","protected":false},"excerpt":{"rendered":"<p>Mersin Giri\u015fimci \u0130\u015fadamlar\u0131 Derne\u011fi (G\u0130AD) Ba\u015fkan\u0131 Mehmet Serkan \u0130zol, i\u015fsizlik oranlar\u0131n\u0131n d\u00fc\u015f\u00fcr\u00fclmesi gerekti\u011fine i\u015faret ederek, &#8220;T\u00fcrkiye\u2019de vergi levhas\u0131na sahip, ticari hacim olarak yeni istihdama a\u00e7\u0131k her i\u015fletme 1 ki\u015fiyi i\u015fe &hellip; <a href=\"https:\/\/akdenizolaygazetesi.com\/?p=1143\" class=\"more-link\">Devam\u0131n\u0131 Oku&#8230;<\/a><\/p>\n","protected":false},"author":1,"featured_media":0,"comment_status":"open","ping_status":"open","sticky":false,"template":"","format":"standard","meta":[],"categories":[],"tags":[],"_links":{"self":[{"href":"https:\/\/akdenizolaygazetesi.com\/index.php?rest_route=\/wp\/v2\/posts\/1143"}],"collection":[{"href":"https:\/\/akdenizolaygazetesi.com\/index.php?rest_route=\/wp\/v2\/posts"}],"about":[{"href":"https:\/\/akdenizolaygazetesi.com\/index.php?rest_route=\/wp\/v2\/types\/post"}],"author":[{"embeddable":true,"href":"https:\/\/akdenizolaygazetesi.com\/index.php?rest_route=\/wp\/v2\/users\/1"}],"replies":[{"embeddable":true,"href":"https:\/\/akdenizolaygazetesi.com\/index.php?rest_route=%2Fwp%2Fv2%2Fcomments&post=1143"}],"version-history":[{"count":0,"href":"https:\/\/akdenizolaygazetesi.com\/index.php?rest_route=\/wp\/v2\/posts\/1143\/revisions"}],"wp:attachment":[{"href":"https:\/\/akdenizolaygazetesi.com\/index.php?rest_route=%2Fwp%2Fv2%2Fmedia&parent=1143"}],"wp:term":[{"taxonomy":"category","embeddable":true,"href":"https:\/\/akdenizolaygazetesi.com\/index.php?rest_route=%2Fwp%2Fv2%2Fcategories&post=1143"},{"taxonomy":"post_tag","embeddable":true,"href":"https:\/\/akdenizolaygazetesi.com\/index.php?rest_route=%2Fwp%2Fv2%2Ftags&post=1143"}],"curies":[{"name":"wp","href":"https:\/\/api.w.org\/{rel}","templated":true}]}}