{"id":11432,"date":"2021-03-20T14:54:45","date_gmt":"2021-03-20T11:54:45","guid":{"rendered":"http:\/\/akdenizolaygazetesi.com\/?p=11432"},"modified":"2021-03-20T14:54:45","modified_gmt":"2021-03-20T11:54:45","slug":"106-yillik-gurur-tuvale-ve-siirlere-yansidi","status":"publish","type":"post","link":"https:\/\/akdenizolaygazetesi.com\/?p=11432","title":{"rendered":"106 YILLIK GURUR TUVALE VE \u015e\u0130\u0130RLERE YANSIDI"},"content":{"rendered":"<p>Mersin B\u00fcy\u00fck\u015fehir Belediyesi, \u00c7anakkale Zaferi\u2019nin 106. y\u0131l d\u00f6n\u00fcm\u00fcnde anlaml\u0131 bir etkinli\u011fe destek verdi ve ev sahipli\u011fi yapt\u0131. Uluslararas\u0131 K\u00fclt\u00fcr Sanat Toplulu\u011fu Sa\u011fl\u0131k Eko Turizm Derne\u011fi\u2019nin (USART) 18 Mart \u00c7anakkale Zaferi an\u0131s\u0131na d\u00fczenledi\u011fi uluslararas\u0131 dijital sergi ve \u2018\u00c7anakkale\u2019de \u00c7ocuk Olmak\u2019 isimli \u015fiir dinletisi program\u0131, Kongre ve Sergi Saray\u0131\u2019nda ger\u00e7ekle\u015ftirildi.<\/p>\n<p>MERS\u0130N\/(FOTO\u011eRAFLI-G\u00d6R\u00dcNT\u00dcL\u00dc)<\/p>\n<p>Mersin B\u00fcy\u00fck\u015fehir Belediyesi, k\u00fclt\u00fcr ve sanat faaliyetlerine deste\u011fini s\u00fcrd\u00fcr\u00fcyor. B\u00fcy\u00fck\u015fehir, Uluslararas\u0131 K\u00fclt\u00fcr Sanat Toplulu\u011fu Sa\u011fl\u0131k Eko Turizm Derne\u011fi\u2019nin (USART) 18 Mart \u00c7anakkale Zaferi an\u0131s\u0131na d\u00fczenledi\u011fi uluslararas\u0131 dijital sergi ile \u2018\u00c7anakkale\u2019de \u00c7ocuk Olmak\u2019 isimli \u015fiir dinletisi program\u0131nda yer ald\u0131.<\/p>\n<p>\u00c7anakkale Zaferi hem tuvale hem \u015fiirlere yans\u0131d\u0131<\/p>\n<p>18 Mart \u015eehitleri Anma G\u00fcn\u00fc ve \u00c7anakkale Deniz Zaferi\u2019nin 106. y\u0131l d\u00f6n\u00fcm\u00fc an\u0131s\u0131na bir\u00e7ok etkinlikte yer alan B\u00fcy\u00fck\u015fehir Belediyesi, USART\u2019\u0131n g\u00fcn\u00fcn anlam ve \u00f6nemini yans\u0131tan etkinli\u011fine de kat\u0131ld\u0131. B\u00fcy\u00fck\u015fehir\u2019in Kongre ve Sergi Saray\u0131 \u00c7ok Ama\u00e7l\u0131 Salonu tahsis ederek destek verdi\u011fi etkinlik kapsam\u0131nda \u00f6nce \u00c7anakkale Zaferi temal\u0131 uluslararas\u0131 dijital sergi, ard\u0131ndan \u015fiir dinletisi ger\u00e7ekle\u015ftirildi. \u00c7ocuk kat\u0131l\u0131mc\u0131lar\u0131n okudu\u011fu \u0130stiklal Mar\u015f\u0131 ve \u015fiirler ise b\u00fcy\u00fck be\u011feni toplad\u0131.<\/p>\n<p>Etkinli\u011fe, B\u00fcy\u00fck\u015fehir Belediyesi Bas\u0131n Yay\u0131n ve Halkla \u0130li\u015fkiler Dairesi Ba\u015fkan\u0131 Bedrettin G\u00fcnde\u015f ile B\u00fcy\u00fck\u015fehir personelleri, USART Derne\u011fi Ba\u015fkan\u0131 H\u00fclya G\u00fclmez ile dernek \u00fcyeleri, akademisyenler, \u00e7ocuklar ve vatanda\u015flar kat\u0131l\u0131m sa\u011flad\u0131. \u015eiir dinletisi etkinli\u011finde B\u00fcy\u00fck\u015fehir \u015eiir Kul\u00fcb\u00fc Ba\u015fkan\u0131 Sonay Ar\u0131d\u0131c\u0131 da Faz\u0131l H\u00fcsn\u00fc Da\u011flarca\u2019n\u0131n \u2018\u00c7anakkale Ge\u00e7ilmez\u2019 \u015fiirini okudu.<\/p>\n<p>G\u00fclmez: \u201cSelam olsun \u00c7anakkale \u015fehitlerine, gazilerine, k\u0131nal\u0131 kuzulara\u201d<\/p>\n<p>USART Ba\u015fkan\u0131 H\u00fclya G\u00fclmez, \u00c7anakkale Zaferi\u2019nin 106. y\u0131l d\u00f6n\u00fcm\u00fcnde b\u00f6yle bir etkinlik ger\u00e7ekle\u015ftirdiklerinden dolay\u0131 memnuniyetini ifade ederek, \u201c\u00c7anakkale demek d\u00fcnyada \u00e7ok az milletin g\u00f6sterebilece\u011fi kahramanl\u0131k destan\u0131d\u0131r. Selam olsun \u00c7anakkale \u015fehitlerine, gazilerine, k\u0131nal\u0131 kuzulara. \u00c7anakkale Zaferi\u2019nin 106. y\u0131l\u0131nda \u00c7anakkale\u2019yi ge\u00e7ilmez k\u0131lan kahraman \u015fehitlerimizi rahmetle ve minnetle an\u0131yor, \u015f\u00fckranlar\u0131m\u0131 sunuyorum. Ba\u015fta B\u00fcy\u00fck\u015fehir Belediye Ba\u015fkan\u0131m\u0131z Vahap Se\u00e7er\u2019e, Bas\u0131n Yay\u0131n ve Halkla \u0130li\u015fkiler Dairesi Ba\u015fkan\u0131 Bedrettin G\u00fcnde\u015f\u2019e te\u015fekk\u00fcr ediyorum desteklerinden dolay\u0131\u201d dedi.<\/p>\n<p>G\u00fcnde\u015f: \u201cB\u00f6yle g\u00fczel ve \u015fanl\u0131 bir g\u00fcnde birlikte olmak ger\u00e7ekten heyecan verici\u201d<\/p>\n<p>Bas\u0131n Yay\u0131n ve Halkla \u0130li\u015fkiler Dairesi Ba\u015fkan\u0131 Bedrettin G\u00fcnde\u015f, gen\u00e7 bedenleri resmeden, onlar\u0131 sanatsal ufuklar\u0131yla tuvallere d\u00f6n\u00fc\u015ft\u00fcren uluslararas\u0131 sanat\u00e7\u0131lar\u0131n 18 Mart gibi anlaml\u0131 bir g\u00fcnde etkinlikte yer almas\u0131n\u0131n \u00e7ok \u00f6nemli oldu\u011funu vurgulayarak, \u015funlar\u0131 s\u00f6yledi:<\/p>\n<p>\u201cBir\u00e7ok \u00fclkeden kat\u0131l\u0131mc\u0131 var. \u00d6zellikle Uluslararas\u0131 K\u00fclt\u00fcr Sanat Toplulu\u011fu Sa\u011fl\u0131k Eko Turizm Derne\u011fi\u2019nin bu etkinli\u011fi bizimle birlikte yapmas\u0131 \u00e7ok \u00f6nemli ve de\u011ferli. Burada \u00e7ok de\u011ferli \u015fiir okuyan dostlar\u0131m\u0131z var, onlar\u0131n da kat\u0131lmalar\u0131 zenginle\u015ftirdi bu etkinli\u011fi. \u015eunu s\u00f6ylemek istiyorum d\u00fcnya de\u011fi\u015fiyor, yeni bir s\u00fcrece ta\u015f\u0131nd\u0131k. Dijital d\u00fcnya bizi kendi ekseni i\u00e7inde \u015fekillendirmeye ba\u015flad\u0131. Bu tarz etkinlikleri dijital ortamda yapt\u0131\u011f\u0131m\u0131z zaman on binlerce insana bunu aktarma \u015fans\u0131m\u0131z olabiliyor. Dijital serginin faydas\u0131n\u0131 g\u00f6rm\u00fc\u015f olduk burada. Kat\u0131ld\u0131\u011f\u0131n\u0131z i\u00e7in hepinize sevgilerimi, sayg\u0131lar\u0131m\u0131 iletiyorum b\u00f6yle g\u00fczel ve \u015fanl\u0131 bir g\u00fcnde birlikte olmak ger\u00e7ekten heyecan ve mutluluk verici.\u201d<\/p>\n<p>Etkinli\u011fin sonunda Daire Ba\u015fkan\u0131 Bedrettin G\u00fcnde\u015f, kat\u0131l\u0131mc\u0131lara plaket takdim etti.<\/p>\n","protected":false},"excerpt":{"rendered":"<p>Mersin B\u00fcy\u00fck\u015fehir Belediyesi, \u00c7anakkale Zaferi\u2019nin 106. y\u0131l d\u00f6n\u00fcm\u00fcnde anlaml\u0131 bir etkinli\u011fe destek verdi ve ev sahipli\u011fi yapt\u0131. Uluslararas\u0131 K\u00fclt\u00fcr Sanat Toplulu\u011fu Sa\u011fl\u0131k Eko Turizm Derne\u011fi\u2019nin (USART) 18 Mart \u00c7anakkale Zaferi &hellip; <a href=\"https:\/\/akdenizolaygazetesi.com\/?p=11432\" class=\"more-link\">Devam\u0131n\u0131 Oku&#8230;<\/a><\/p>\n","protected":false},"author":2,"featured_media":11433,"comment_status":"open","ping_status":"open","sticky":false,"template":"","format":"standard","meta":[],"categories":[34,1,2,3,5],"tags":[],"_links":{"self":[{"href":"https:\/\/akdenizolaygazetesi.com\/index.php?rest_route=\/wp\/v2\/posts\/11432"}],"collection":[{"href":"https:\/\/akdenizolaygazetesi.com\/index.php?rest_route=\/wp\/v2\/posts"}],"about":[{"href":"https:\/\/akdenizolaygazetesi.com\/index.php?rest_route=\/wp\/v2\/types\/post"}],"author":[{"embeddable":true,"href":"https:\/\/akdenizolaygazetesi.com\/index.php?rest_route=\/wp\/v2\/users\/2"}],"replies":[{"embeddable":true,"href":"https:\/\/akdenizolaygazetesi.com\/index.php?rest_route=%2Fwp%2Fv2%2Fcomments&post=11432"}],"version-history":[{"count":1,"href":"https:\/\/akdenizolaygazetesi.com\/index.php?rest_route=\/wp\/v2\/posts\/11432\/revisions"}],"predecessor-version":[{"id":11434,"href":"https:\/\/akdenizolaygazetesi.com\/index.php?rest_route=\/wp\/v2\/posts\/11432\/revisions\/11434"}],"wp:featuredmedia":[{"embeddable":true,"href":"https:\/\/akdenizolaygazetesi.com\/index.php?rest_route=\/wp\/v2\/media\/11433"}],"wp:attachment":[{"href":"https:\/\/akdenizolaygazetesi.com\/index.php?rest_route=%2Fwp%2Fv2%2Fmedia&parent=11432"}],"wp:term":[{"taxonomy":"category","embeddable":true,"href":"https:\/\/akdenizolaygazetesi.com\/index.php?rest_route=%2Fwp%2Fv2%2Fcategories&post=11432"},{"taxonomy":"post_tag","embeddable":true,"href":"https:\/\/akdenizolaygazetesi.com\/index.php?rest_route=%2Fwp%2Fv2%2Ftags&post=11432"}],"curies":[{"name":"wp","href":"https:\/\/api.w.org\/{rel}","templated":true}]}}