{"id":11435,"date":"2021-03-20T14:56:25","date_gmt":"2021-03-20T11:56:25","guid":{"rendered":"http:\/\/akdenizolaygazetesi.com\/?p=11435"},"modified":"2021-03-20T14:56:25","modified_gmt":"2021-03-20T11:56:25","slug":"mersin-buyuksehir-bahari-sarkilarla-karsiliyor","status":"publish","type":"post","link":"https:\/\/akdenizolaygazetesi.com\/?p=11435","title":{"rendered":"MERS\u0130N B\u00dcY\u00dcK\u015eEH\u0130R, BAHARI \u015eARKILARLA KAR\u015eILIYOR"},"content":{"rendered":"<p>Mersin B\u00fcy\u00fck\u015fehir Belediyesi, bahar aylar\u0131n\u0131n gelmesiyle birlikte \u201cHo\u015f Geldin Bahar Konserleri\u201dni ba\u015flatt\u0131. \u00d6zgecan Aslan Bar\u0131\u015f Meydan\u0131\u2019ndaki konserlere B\u00fcy\u00fck\u015fehir Belediye Ba\u015fkan\u0131 Vahap Se\u00e7er de kat\u0131ld\u0131. \u0130lk etapta 3 noktada d\u00fczenlenen 19 konserle pandemi s\u00fcrecinde zor g\u00fcnler ge\u00e7iren 72 sanat\u00e7\u0131ya sa\u011flanan destek, ilerleyen g\u00fcnlerde de devam edecek.<\/p>\n<p>MERS\u0130N\/ (FOTO\u011eRAFLI-G\u00d6R\u00dcNT\u00dcL\u00dc)<\/p>\n<p>Mersin B\u00fcy\u00fck\u015fehir Belediyesi K\u00fclt\u00fcr ve Sosyal \u0130\u015fler Dairesi, \u201cHo\u015f Geldin Bahar Konserleri\u201d ile ilkbahar\u0131 co\u015fkuyla kar\u015f\u0131l\u0131yor. Tarsus\u2019ta Yarenlik Alan\u0131\u2019nda, Yeni\u015fehir\u2019de ise \u00d6zgecan Aslan Bar\u0131\u015f Meydan\u0131 ve Marina Akustik Park\u2019ta ilk etapta d\u00fczenlenen 19 konserle 72 yerel sanat\u00e7\u0131n\u0131n pandemi s\u00fcrecinde ya\u015fad\u0131\u011f\u0131 zorluklara destek sa\u011fland\u0131.<\/p>\n<p>Ba\u015fkan Se\u00e7er \u015fark\u0131lar\u0131 dinleyip vatanda\u015flarla sohbet etti<\/p>\n<p>\u00d6zgecan Aslan Bar\u0131\u015f Meydan\u0131 ve Marina Akustik Park\u2019ta d\u00fczenlenen konserlerin ilk g\u00fcn\u00fcnde Volkan G\u00fcrkan, Pop N Roll, Grup Rapsody, Grup Caravan Band, Demir \u0130smet ve Mehmet \u00c7etin sahne al\u0131rken, Yarenlik Alan\u0131\u2019nda ise Engin Y\u0131lmaz, Zafer Birero\u011flu ve Ev Sakinleri \u015fark\u0131lar\u0131n\u0131 s\u00f6yledi. B\u00fcy\u00fck\u015fehir Belediye Ba\u015fkan\u0131 Vahap Se\u00e7er de Bizden Kafe\u2019yi ziyaret ettikten sonra \u00d6zgecan Aslan Bar\u0131\u015f Meydan\u0131\u2019nda Mehmet \u00c7etin\u2019in s\u00f6yledi\u011fi \u015fark\u0131lar\u0131 Mersinliler\u2019le birlikte dinledi. Se\u00e7er, ard\u0131ndan sahilde y\u00fcr\u00fcy\u00fc\u015f yaparak vatanda\u015flarla sohbet etti.<\/p>\n<p>\u201cBug\u00fcn benim olsun, hep ben sahnede olay\u0131m istedim\u201d<\/p>\n<p>Yakla\u015f\u0131k 3 y\u0131ld\u0131r Mersin\u2019de canl\u0131 m\u00fczik yapan Grup Caravan Band\u2019in solisti Greta G\u00fcnel, B\u00fcy\u00fck\u015fehir\u2019in pandemi s\u00fcrecinde s\u0131k\u0131nt\u0131 ya\u015fayan sanat\u00e7\u0131lara verdi\u011fi deste\u011fin kendilerini mutlu etti\u011fini vurgulayarak, \u201c\u00c7ok memnunuz. Vahap Se\u00e7er\u2019e de te\u015fekk\u00fcrlerimizi sunuyoruz. Kendisi bize b\u00f6yle bir f\u0131rsat tan\u0131d\u0131. \u00c7\u00fcnk\u00fc pandemiden en \u00e7ok etkilenenler biz m\u00fczisyenler oldu. Yakla\u015f\u0131k bir senedir evdeyiz ve bizim i\u00e7in hem moral hem de maddi ve manevi a\u00e7\u0131dan \u00e7ok iyi oldu. \u00c7ok te\u015fekk\u00fcr ediyoruz kendisine. \u00c7ok \u00f6zledim. Sahneden inmek istemiyorum. Bug\u00fcn benim olsun, hep ben sahnede olay\u0131m istedim. Bahar da c\u0131v\u0131l c\u0131v\u0131l geldi. Sosyal mesafeyi koruyarak, kurallara dikkat ederek bence bu \u015fekilde bir araya gelebiliriz. Bu tarz etkinliklerin devam\u0131n\u0131 istiyoruz\u201d dedi.<\/p>\n<p>\u201cVahap Ba\u015fkan\u0131m bu konuda \u00e7ok duyarl\u0131\u201d<\/p>\n<p>13 ya\u015f\u0131ndan bu yana m\u00fczi\u011fin i\u00e7inde oldu\u011funu belirten Demir \u0130smet ise B\u00fcy\u00fck\u015fehir\u2019in konserlerle kendilerine sa\u011flad\u0131\u011f\u0131 destekten memnun olduklar\u0131n\u0131 belirterek, \u201cVahap Ba\u015fkan\u0131m bu konuda \u00e7ok duyarl\u0131. Her platformda da bunu dile getiriyorum. Ger\u00e7ekten m\u00fczisyenlerin durumu \u00e7ok k\u00f6t\u00fc, onu s\u00f6yleyeyim. \u00c7\u00fcnk\u00fc bu i\u015ften evine ekmek g\u00f6t\u00fcren \u00e7ok fazla insan var. Bundan dolay\u0131 da \u00e7ok b\u00fcy\u00fck sorunlar ya\u015f\u0131yorlar. K\u00fc\u00e7\u00fck de olsa bu \u00e7ok \u00f6nemli bir \u015fey bizim i\u00e7in. Bunun devam\u0131n\u0131 bekliyoruz, Vahap Se\u00e7er Ba\u015fkan\u0131m\u0131z\u2019a \u00e7ok te\u015fekk\u00fcr ediyoruz ve bunun di\u011fer belediyelere de \u00f6rnek olmas\u0131n\u0131 istiyoruz\u201d diye konu\u015ftu.<\/p>\n<p>\u201cHo\u015f Geldin Bahar\u201d konserleri Tarsus\u2019ta da yank\u0131land\u0131<\/p>\n<p>B\u00fcy\u00fck\u015fehir\u2019in \u201cHo\u015f Geldin Bahar\u201d konserleri Tarsus\u2019ta da ger\u00e7ekle\u015ftiriliyor. Konserler Tarsus\u2019ta Yarenlik Alan\u0131\u2019nda saat kulesi \u00f6n\u00fcnde d\u00fczenleniyor. Trafi\u011fe kapal\u0131 alanda yap\u0131lan konserler, ba\u015fta gen\u00e7ler olmak \u00fczere, her ya\u015f grubundan yurtta\u015f\u0131n ilgisini \u00e7ekiyor. D\u00fczenlenen konserde sahneyi ilk \u00f6nce Engin Y\u0131lmaz ald\u0131. Ard\u0131ndan ise Zafer Birero\u011flu ve Grup Ev Sakinleri \u015fark\u0131lar\u0131n\u0131 seslendirdi.<\/p>\n<p>M\u00fczisyenler konserlerle can buluyor<\/p>\n<p>Pandemi d\u00f6neminde m\u00fczisyenler olarak s\u0131k\u0131nt\u0131 ya\u015fad\u0131klar\u0131n\u0131 ve aylarca sevenlerinden uzak kald\u0131klar\u0131n\u0131 s\u00f6yleyen Zafer Birero\u011flu, \u201cYa\u015fam\u0131m\u0131 solistlik yaparak, m\u00fczisyenlik yaparak idame ediyorum. Bu s\u0131k\u0131nt\u0131l\u0131 s\u00fcre\u00e7te Mersin B\u00fcy\u00fck\u015fehir Belediye Ba\u015fkan\u0131m\u0131z Say\u0131n Vahap Se\u00e7er\u2019e t\u00fcm m\u00fczisyenlere destek oldu\u011fundan dolay\u0131 sonsuz te\u015fekk\u00fcrlerimi iletiyorum\u201d dedi.<\/p>\n<p>Gen\u00e7 m\u00fczisyenlerden Agid Demir, yakla\u015f\u0131k 3-4 y\u0131ld\u0131r Tarsus\u2019ta sokak m\u00fczi\u011fi yapt\u0131klar\u0131n\u0131 belirterek, \u201cPandeminin de araya girmesiyle bizlerin de ma\u011fduriyeti att\u0131. Mersin B\u00fcy\u00fck\u015fehir Belediye Ba\u015fkan\u0131m\u0131z Vahap Se\u00e7er Bey\u2019e \u00e7ok te\u015fekk\u00fcr ederiz. Bizlere sundu\u011fu bu f\u0131rsattan ve destekten \u00f6t\u00fcr\u00fc minnettar\u0131z\u201d diye konu\u015ftu.<\/p>\n","protected":false},"excerpt":{"rendered":"<p>Mersin B\u00fcy\u00fck\u015fehir Belediyesi, bahar aylar\u0131n\u0131n gelmesiyle birlikte \u201cHo\u015f Geldin Bahar Konserleri\u201dni ba\u015flatt\u0131. \u00d6zgecan Aslan Bar\u0131\u015f Meydan\u0131\u2019ndaki konserlere B\u00fcy\u00fck\u015fehir Belediye Ba\u015fkan\u0131 Vahap Se\u00e7er de kat\u0131ld\u0131. \u0130lk etapta 3 noktada d\u00fczenlenen 19 &hellip; <a href=\"https:\/\/akdenizolaygazetesi.com\/?p=11435\" class=\"more-link\">Devam\u0131n\u0131 Oku&#8230;<\/a><\/p>\n","protected":false},"author":2,"featured_media":11436,"comment_status":"open","ping_status":"open","sticky":false,"template":"","format":"standard","meta":[],"categories":[34,1,2,3,5],"tags":[],"_links":{"self":[{"href":"https:\/\/akdenizolaygazetesi.com\/index.php?rest_route=\/wp\/v2\/posts\/11435"}],"collection":[{"href":"https:\/\/akdenizolaygazetesi.com\/index.php?rest_route=\/wp\/v2\/posts"}],"about":[{"href":"https:\/\/akdenizolaygazetesi.com\/index.php?rest_route=\/wp\/v2\/types\/post"}],"author":[{"embeddable":true,"href":"https:\/\/akdenizolaygazetesi.com\/index.php?rest_route=\/wp\/v2\/users\/2"}],"replies":[{"embeddable":true,"href":"https:\/\/akdenizolaygazetesi.com\/index.php?rest_route=%2Fwp%2Fv2%2Fcomments&post=11435"}],"version-history":[{"count":1,"href":"https:\/\/akdenizolaygazetesi.com\/index.php?rest_route=\/wp\/v2\/posts\/11435\/revisions"}],"predecessor-version":[{"id":11437,"href":"https:\/\/akdenizolaygazetesi.com\/index.php?rest_route=\/wp\/v2\/posts\/11435\/revisions\/11437"}],"wp:featuredmedia":[{"embeddable":true,"href":"https:\/\/akdenizolaygazetesi.com\/index.php?rest_route=\/wp\/v2\/media\/11436"}],"wp:attachment":[{"href":"https:\/\/akdenizolaygazetesi.com\/index.php?rest_route=%2Fwp%2Fv2%2Fmedia&parent=11435"}],"wp:term":[{"taxonomy":"category","embeddable":true,"href":"https:\/\/akdenizolaygazetesi.com\/index.php?rest_route=%2Fwp%2Fv2%2Fcategories&post=11435"},{"taxonomy":"post_tag","embeddable":true,"href":"https:\/\/akdenizolaygazetesi.com\/index.php?rest_route=%2Fwp%2Fv2%2Ftags&post=11435"}],"curies":[{"name":"wp","href":"https:\/\/api.w.org\/{rel}","templated":true}]}}