{"id":11438,"date":"2021-03-20T14:58:08","date_gmt":"2021-03-20T11:58:08","guid":{"rendered":"http:\/\/akdenizolaygazetesi.com\/?p=11438"},"modified":"2021-03-20T14:58:08","modified_gmt":"2021-03-20T11:58:08","slug":"toroslarda-canakkale-gecilmez-adli-tiyatro-oyunu-buyuk-begeni-topladi","status":"publish","type":"post","link":"https:\/\/akdenizolaygazetesi.com\/?p=11438","title":{"rendered":"TOROSLAR&#8217;DA &#8220;\u00c7ANAKKALE GE\u00c7\u0130LMEZ&#8221; ADLI T\u0130YATRO OYUNU B\u00dcY\u00dcK BE\u011eEN\u0130 TOPLADI"},"content":{"rendered":"<p>&#8220;13 Ya\u015f\u0131ndaki Bedensel Engelli Mustafa Kahraman, Ba\u015fkan Y\u0131lmaz&#8217;\u0131n \u00d6zel Davetlisi Oldu\u011fu Tiyatro Oyununu \u0130lgiyle \u0130zledi&#8221;<\/p>\n<p>Toroslar Belediyesi \u015eehir Tiyatrosu, sahneledi\u011fi &#8220;\u00c7anakkale Ge\u00e7ilmez&#8221; adl\u0131 tiyatro oyununda \u00f6zel bir konu\u011funu a\u011f\u0131rlad\u0131.<\/p>\n<p>Bedensel engelli 13 ya\u015f\u0131ndaki Mustafa Kahraman&#8217;\u0131n ailesi Toroslar Belediye Ba\u015fkan\u0131 Ats\u0131z Af\u015f\u0131n Y\u0131lmaz&#8217;a ula\u015farak \u00e7ocuklar\u0131n\u0131n tiyatro oyununu izlemek istedi\u011fini s\u00f6yledi.<\/p>\n<p>Ba\u015fkan Y\u0131lmaz taraf\u0131ndan g\u00f6revlendirilen Ya\u015fl\u0131 ve Engelli Hizmetleri Birimi personeli de serebral palsi hastas\u0131 olan Mustafa&#8217;y\u0131, Akbelen Mahallesi&#8217;ndeki evinden alarak Yunus Emre K\u00fclt\u00fcr Merkezi&#8217;nde d\u00fczenlenen tiyatro g\u00f6sterisine ula\u015ft\u0131rd\u0131.<\/p>\n<p>&#8220;\u00c7ocu\u011fumuzun Tarih Bilinciyle Yeti\u015fmesini \u0130stiyoruz&#8221;<\/p>\n<p>Ailesiyle birlikte tiyatro salonuna gelen Mustafa&#8217;n\u0131n mutlulu\u011fu ise g\u00f6zlerine yans\u0131d\u0131. \u00c7ocuklar\u0131n\u0131n tarih bilinciyle yeti\u015fmesini istediklerini belirten bedensel engelli Mustafa&#8217;n\u0131n ailesi de Ba\u015fkan Y\u0131lmaz&#8217;\u0131n \u00f6zel \u00e7ocuklara olan ilgi ve deste\u011fini her zaman takdir ettiklerini ifade ederek, bu nedenle kendisine ula\u015ft\u0131klar\u0131n\u0131 s\u00f6yledi ve te\u015fekk\u00fcr etti.<\/p>\n<p>18 Mart \u00c7anakkale Zaferi&#8217;nin 106&#8217;nc\u0131 y\u0131l d\u00f6n\u00fcm\u00fc ve \u015eehitleri Anma G\u00fcn\u00fc dolay\u0131s\u0131yla Toroslar Belediyesi \u015eehir Tiyatrosu taraf\u0131ndan sahnelenen &#8220;\u00c7anakkale ge\u00e7ilmez&#8221; adl\u0131 tiyatro oyunu, seyircilerden tam not ald\u0131.<\/p>\n<p>Genel Sanat Y\u00f6netmeni Hasan Topuz&#8217;un y\u00f6netti\u011fi tiyatro oyununda oyuncular, kutlu \u00c7anakkale Zaferi&#8217;nin nas\u0131l zorluklarla kazan\u0131ld\u0131\u011f\u0131n\u0131 bir kez daha g\u00f6sterdi.<\/p>\n<p>Sayg\u0131 duru\u015fu ve \u0130stiklal Mar\u015f\u0131 ile ba\u015flayan programda, Mersin Devlet Opera ve Balesi M\u00fcd\u00fcrl\u00fc\u011f\u00fc sanat\u00e7\u0131lar\u0131 soprano Saliha Akta\u015f ve piyano sanat\u00e7\u0131s\u0131 \u00d6zlem Erdem de \u00c7anakkale T\u00fcrkileri M\u00fczik dinletisi ile kat\u0131l\u0131mc\u0131lara tarihte yolculuk yapt\u0131rd\u0131.<\/p>\n<p>Ayakta alk\u0131\u015flanan m\u00fczik dinletisi ve tiyatro oyununun ard\u0131ndan program, hat\u0131ra foto\u011fraf \u00e7ekimiyle son buldu.<\/p>\n","protected":false},"excerpt":{"rendered":"<p>&#8220;13 Ya\u015f\u0131ndaki Bedensel Engelli Mustafa Kahraman, Ba\u015fkan Y\u0131lmaz&#8217;\u0131n \u00d6zel Davetlisi Oldu\u011fu Tiyatro Oyununu \u0130lgiyle \u0130zledi&#8221; Toroslar Belediyesi \u015eehir Tiyatrosu, sahneledi\u011fi &#8220;\u00c7anakkale Ge\u00e7ilmez&#8221; adl\u0131 tiyatro oyununda \u00f6zel bir konu\u011funu a\u011f\u0131rlad\u0131. Bedensel &hellip; <a href=\"https:\/\/akdenizolaygazetesi.com\/?p=11438\" class=\"more-link\">Devam\u0131n\u0131 Oku&#8230;<\/a><\/p>\n","protected":false},"author":2,"featured_media":11439,"comment_status":"open","ping_status":"open","sticky":false,"template":"","format":"standard","meta":[],"categories":[34,1,2,3,5],"tags":[],"_links":{"self":[{"href":"https:\/\/akdenizolaygazetesi.com\/index.php?rest_route=\/wp\/v2\/posts\/11438"}],"collection":[{"href":"https:\/\/akdenizolaygazetesi.com\/index.php?rest_route=\/wp\/v2\/posts"}],"about":[{"href":"https:\/\/akdenizolaygazetesi.com\/index.php?rest_route=\/wp\/v2\/types\/post"}],"author":[{"embeddable":true,"href":"https:\/\/akdenizolaygazetesi.com\/index.php?rest_route=\/wp\/v2\/users\/2"}],"replies":[{"embeddable":true,"href":"https:\/\/akdenizolaygazetesi.com\/index.php?rest_route=%2Fwp%2Fv2%2Fcomments&post=11438"}],"version-history":[{"count":1,"href":"https:\/\/akdenizolaygazetesi.com\/index.php?rest_route=\/wp\/v2\/posts\/11438\/revisions"}],"predecessor-version":[{"id":11440,"href":"https:\/\/akdenizolaygazetesi.com\/index.php?rest_route=\/wp\/v2\/posts\/11438\/revisions\/11440"}],"wp:featuredmedia":[{"embeddable":true,"href":"https:\/\/akdenizolaygazetesi.com\/index.php?rest_route=\/wp\/v2\/media\/11439"}],"wp:attachment":[{"href":"https:\/\/akdenizolaygazetesi.com\/index.php?rest_route=%2Fwp%2Fv2%2Fmedia&parent=11438"}],"wp:term":[{"taxonomy":"category","embeddable":true,"href":"https:\/\/akdenizolaygazetesi.com\/index.php?rest_route=%2Fwp%2Fv2%2Fcategories&post=11438"},{"taxonomy":"post_tag","embeddable":true,"href":"https:\/\/akdenizolaygazetesi.com\/index.php?rest_route=%2Fwp%2Fv2%2Ftags&post=11438"}],"curies":[{"name":"wp","href":"https:\/\/api.w.org\/{rel}","templated":true}]}}