{"id":11441,"date":"2021-03-21T17:28:24","date_gmt":"2021-03-21T14:28:24","guid":{"rendered":"http:\/\/akdenizolaygazetesi.com\/?p=11441"},"modified":"2021-03-21T17:28:24","modified_gmt":"2021-03-21T14:28:24","slug":"baskan-yilmaz-nevruz-uyanistir-canliliktir","status":"publish","type":"post","link":"https:\/\/akdenizolaygazetesi.com\/?p=11441","title":{"rendered":"BA\u015eKAN YILMAZ; \u201cNEVRUZ, UYANI\u015eTIR, CANLILIKTIR\u201d"},"content":{"rendered":"<p>Toroslar Belediye Ba\u015fkan\u0131 Ats\u0131z Af\u015f\u0131n Y\u0131lmaz, 21 Mart Nevruz Bayram\u0131 dolay\u0131s\u0131yla bir kutlama mesaj\u0131 yay\u0131nlad\u0131.<\/p>\n<p>Nevruzun, manevi ve k\u00fclt\u00fcrel bir miras oldu\u011funa dikkat \u00e7eken Ba\u015fkan Y\u0131lmaz; \u201cBahar\u0131n geli\u015fini simgeleyen, birli\u011fin, beraberli\u011fin, karde\u015fli\u011fin ad\u0131 olan Nevruzu ya\u015famak, ya\u015fatmak ve gelecek nesillere aktarmak millet\u00e7e hepimizin ortak g\u00f6revidir\u201d dedi.<\/p>\n<p>Ba\u015fkan Y\u0131lmaz, Nevruzun, \u00fclkemiz ve t\u00fcm insanl\u0131k i\u00e7in ba\u015fta sa\u011fl\u0131k, mutluluk, huzur, bolluk ve bereket getirmesini dileyerek; \u201cNevruz, varolu\u015f destan\u0131m\u0131z olan Ergenekon\u2019dan \u00e7\u0131k\u0131\u015f g\u00fcn\u00fcd\u00fcr. Do\u011fan\u0131n uyan\u0131\u015f\u0131, canl\u0131l\u0131k ve yeniden dirili\u015ftir. Bu uyan\u0131\u015f, insanl\u0131\u011f\u0131n da uyan\u0131\u015f\u0131d\u0131r. T\u00fcrk d\u00fcnyas\u0131, her y\u0131l 21 Mart\u2019ta Nevruz Bayram\u0131\u2019n\u0131 heyecanla kar\u015f\u0131lamaktad\u0131r\u201d ifadelerini kulland\u0131.<\/p>\n<p>T\u00fcm d\u00fcnyan\u0131n k\u00fcresel bir salg\u0131nla m\u00fccadele etti\u011fini ve T\u00fcrk Milletinin bu zorlu s\u00fcre\u00e7te de birlik ve beraberli\u011fini hi\u00e7bir zaman b\u0131rakmad\u0131\u011f\u0131n\u0131 kaydeden Ba\u015fkan Y\u0131lmaz; \u201cDevlet-millet el ele vererek salg\u0131na kar\u015f\u0131 m\u00fccadelemizi yo\u011fun bir \u015fekilde s\u00fcrd\u00fcr\u00fcyoruz. Bu y\u0131l Nevruz Bayram\u0131\u2019n\u0131 sa\u011fl\u0131\u011f\u0131m\u0131z i\u00e7in kucakla\u015farak kutlayam\u0131yoruz ama Nevruzun \u00f6z\u00fcn\u00fc g\u00f6n\u00fcllerimizde ya\u015f\u0131yoruz. Bu karde\u015flik bizlere atalar\u0131m\u0131zdan yadigar. Atalar\u0131m\u0131z, demir da\u011flar\u0131 eriterek nas\u0131l Ergenekon\u2019dan \u00e7\u0131kt\u0131ysa Allah\u2019\u0131n izniyle bu salg\u0131n\u0131 da hep birlikte atlataca\u011f\u0131z, daha sa\u011fl\u0131kl\u0131 ve g\u00fczel g\u00fcnlere kavu\u015faca\u011f\u0131z. T\u00fcrk D\u00fcnyas\u0131n\u0131n Nevruz Bayram\u0131 kutlu olsun\u201d diye konu\u015ftu.<\/p>\n","protected":false},"excerpt":{"rendered":"<p>Toroslar Belediye Ba\u015fkan\u0131 Ats\u0131z Af\u015f\u0131n Y\u0131lmaz, 21 Mart Nevruz Bayram\u0131 dolay\u0131s\u0131yla bir kutlama mesaj\u0131 yay\u0131nlad\u0131. Nevruzun, manevi ve k\u00fclt\u00fcrel bir miras oldu\u011funa dikkat \u00e7eken Ba\u015fkan Y\u0131lmaz; \u201cBahar\u0131n geli\u015fini simgeleyen, birli\u011fin, &hellip; <a href=\"https:\/\/akdenizolaygazetesi.com\/?p=11441\" class=\"more-link\">Devam\u0131n\u0131 Oku&#8230;<\/a><\/p>\n","protected":false},"author":2,"featured_media":11442,"comment_status":"open","ping_status":"open","sticky":false,"template":"","format":"standard","meta":[],"categories":[34,1,2,3,5],"tags":[],"_links":{"self":[{"href":"https:\/\/akdenizolaygazetesi.com\/index.php?rest_route=\/wp\/v2\/posts\/11441"}],"collection":[{"href":"https:\/\/akdenizolaygazetesi.com\/index.php?rest_route=\/wp\/v2\/posts"}],"about":[{"href":"https:\/\/akdenizolaygazetesi.com\/index.php?rest_route=\/wp\/v2\/types\/post"}],"author":[{"embeddable":true,"href":"https:\/\/akdenizolaygazetesi.com\/index.php?rest_route=\/wp\/v2\/users\/2"}],"replies":[{"embeddable":true,"href":"https:\/\/akdenizolaygazetesi.com\/index.php?rest_route=%2Fwp%2Fv2%2Fcomments&post=11441"}],"version-history":[{"count":1,"href":"https:\/\/akdenizolaygazetesi.com\/index.php?rest_route=\/wp\/v2\/posts\/11441\/revisions"}],"predecessor-version":[{"id":11443,"href":"https:\/\/akdenizolaygazetesi.com\/index.php?rest_route=\/wp\/v2\/posts\/11441\/revisions\/11443"}],"wp:featuredmedia":[{"embeddable":true,"href":"https:\/\/akdenizolaygazetesi.com\/index.php?rest_route=\/wp\/v2\/media\/11442"}],"wp:attachment":[{"href":"https:\/\/akdenizolaygazetesi.com\/index.php?rest_route=%2Fwp%2Fv2%2Fmedia&parent=11441"}],"wp:term":[{"taxonomy":"category","embeddable":true,"href":"https:\/\/akdenizolaygazetesi.com\/index.php?rest_route=%2Fwp%2Fv2%2Fcategories&post=11441"},{"taxonomy":"post_tag","embeddable":true,"href":"https:\/\/akdenizolaygazetesi.com\/index.php?rest_route=%2Fwp%2Fv2%2Ftags&post=11441"}],"curies":[{"name":"wp","href":"https:\/\/api.w.org\/{rel}","templated":true}]}}