{"id":11444,"date":"2021-03-21T17:31:52","date_gmt":"2021-03-21T14:31:52","guid":{"rendered":"http:\/\/akdenizolaygazetesi.com\/?p=11444"},"modified":"2021-03-21T17:31:52","modified_gmt":"2021-03-21T14:31:52","slug":"baskan-gultaktan-nevruz-mesaji","status":"publish","type":"post","link":"https:\/\/akdenizolaygazetesi.com\/?p=11444","title":{"rendered":"BA\u015eKAN G\u00dcLTAK&#8217;TAN NEVRUZ MESAJI"},"content":{"rendered":"<p>Akdeniz Belediye Ba\u015fkan\u0131 M. Mustafa G\u00fcltak; Nevruz G\u00fcn\u00fc dolay\u0131s\u0131yla yay\u0131nlad\u0131\u011f\u0131 mesaj\u0131nda, \u201cNevruz, ba\u015fta milletimize ve t\u00fcm d\u00fcnyaya bar\u0131\u015f, karde\u015flik, mutluluk ve sa\u011fl\u0131k getirsin&#8221; dedi.<\/p>\n<p>Ba\u015fkan Mustafa G\u00fcltak mesaj\u0131nda, \u201cNevruz, hem bahar\u0131n m\u00fcjdecisi hem de medeniyetimizin yeniden do\u011fu\u015funun y\u0131l d\u00f6n\u00fcm\u00fcd\u00fcr. Uzun y\u0131llard\u0131r Balkanlardan Orta Asya\u2019ya kadar olduk\u00e7a geni\u015f bir co\u011frafyada birlik, beraberlik ve bar\u0131\u015fa i\u015faret etmi\u015ftir. As\u0131rlar boyu co\u015fkuyla kutlanan, yeni ba\u015flang\u0131\u00e7lar\u0131n, \u00fcmidin, dayan\u0131\u015fman\u0131n ve karde\u015fli\u011fin sembol\u00fc olan Nevruz G\u00fcn\u00fc\u2019n\u00fcz\u00fc tebrik ediyorum. Sevgi ve karde\u015fli\u011fin filizlendi\u011fi bu topraklarda birbirimize daha da s\u0131k\u0131 sar\u0131lmal\u0131y\u0131z\u201d ifadelerini kulland\u0131.<\/p>\n<p>Ba\u015fkan G\u00fcltak, \u201cKadim k\u00fclt\u00fcr\u00fcm\u00fczde ho\u015fg\u00f6r\u00fcy\u00fc ve birli\u011fi \u015fiar edinmi\u015f bir millet olarak bizler; tabiat\u0131n uyan\u0131\u015f\u0131n\u0131 g\u00f6n\u00fcllerin ve zihinlerin de uyan\u0131\u015f\u0131na vesile olarak g\u00f6rmeliyiz. Nevruz, bar\u0131\u015f,  ho\u015fg\u00f6r\u00fc, sevgi ve karde\u015flik yolunda irademizi ve kararl\u0131l\u0131\u011f\u0131m\u0131z\u0131 ortaya koymak i\u00e7in de iyi bir f\u0131rsatt\u0131r. Nevruzun, omuz omuza vererek bir arada ya\u015fama arzumuzun daha da g\u00fc\u00e7lenmesine, birlik ve beraberlik ile toplumsal huzurumuzun da artmas\u0131na vesile olmas\u0131n\u0131 diliyor, milletimizinNevruz Bayram\u0131\u2019n\u0131 kutluyorum\u201d dedi.<\/p>\n","protected":false},"excerpt":{"rendered":"<p>Akdeniz Belediye Ba\u015fkan\u0131 M. Mustafa G\u00fcltak; Nevruz G\u00fcn\u00fc dolay\u0131s\u0131yla yay\u0131nlad\u0131\u011f\u0131 mesaj\u0131nda, \u201cNevruz, ba\u015fta milletimize ve t\u00fcm d\u00fcnyaya bar\u0131\u015f, karde\u015flik, mutluluk ve sa\u011fl\u0131k getirsin&#8221; dedi. Ba\u015fkan Mustafa G\u00fcltak mesaj\u0131nda, \u201cNevruz, hem &hellip; <a href=\"https:\/\/akdenizolaygazetesi.com\/?p=11444\" class=\"more-link\">Devam\u0131n\u0131 Oku&#8230;<\/a><\/p>\n","protected":false},"author":2,"featured_media":11446,"comment_status":"open","ping_status":"open","sticky":false,"template":"","format":"standard","meta":[],"categories":[34,1,2,3,5],"tags":[],"_links":{"self":[{"href":"https:\/\/akdenizolaygazetesi.com\/index.php?rest_route=\/wp\/v2\/posts\/11444"}],"collection":[{"href":"https:\/\/akdenizolaygazetesi.com\/index.php?rest_route=\/wp\/v2\/posts"}],"about":[{"href":"https:\/\/akdenizolaygazetesi.com\/index.php?rest_route=\/wp\/v2\/types\/post"}],"author":[{"embeddable":true,"href":"https:\/\/akdenizolaygazetesi.com\/index.php?rest_route=\/wp\/v2\/users\/2"}],"replies":[{"embeddable":true,"href":"https:\/\/akdenizolaygazetesi.com\/index.php?rest_route=%2Fwp%2Fv2%2Fcomments&post=11444"}],"version-history":[{"count":1,"href":"https:\/\/akdenizolaygazetesi.com\/index.php?rest_route=\/wp\/v2\/posts\/11444\/revisions"}],"predecessor-version":[{"id":11447,"href":"https:\/\/akdenizolaygazetesi.com\/index.php?rest_route=\/wp\/v2\/posts\/11444\/revisions\/11447"}],"wp:featuredmedia":[{"embeddable":true,"href":"https:\/\/akdenizolaygazetesi.com\/index.php?rest_route=\/wp\/v2\/media\/11446"}],"wp:attachment":[{"href":"https:\/\/akdenizolaygazetesi.com\/index.php?rest_route=%2Fwp%2Fv2%2Fmedia&parent=11444"}],"wp:term":[{"taxonomy":"category","embeddable":true,"href":"https:\/\/akdenizolaygazetesi.com\/index.php?rest_route=%2Fwp%2Fv2%2Fcategories&post=11444"},{"taxonomy":"post_tag","embeddable":true,"href":"https:\/\/akdenizolaygazetesi.com\/index.php?rest_route=%2Fwp%2Fv2%2Ftags&post=11444"}],"curies":[{"name":"wp","href":"https:\/\/api.w.org\/{rel}","templated":true}]}}