{"id":11448,"date":"2021-03-23T11:21:25","date_gmt":"2021-03-23T08:21:25","guid":{"rendered":"http:\/\/akdenizolaygazetesi.com\/?p=11448"},"modified":"2021-03-23T11:22:50","modified_gmt":"2021-03-23T08:22:50","slug":"kisi-basi-su-tuketimini-190-litreden-25-litreye-dusurelim","status":"publish","type":"post","link":"https:\/\/akdenizolaygazetesi.com\/?p=11448","title":{"rendered":"\u201cKi\u015fi ba\u015f\u0131 su t\u00fcketimini 190 litreden 25 litreye d\u00fc\u015f\u00fcrelim\u201d"},"content":{"rendered":"<p>Akdeniz Belediyesi, \u201cD\u00fcnya Su G\u00fcn\u00fc\u201d kapsam\u0131nda, su kaynaklar\u0131n\u0131n korunmas\u0131 noktas\u0131nda fark\u0131ndal\u0131k yaratmak amac\u0131yla etkinlik d\u00fczenledi. T\u00fcrkiye\u2019de ki\u015fi ba\u015f\u0131 g\u00fcnl\u00fck 190 litre su t\u00fcketildi\u011fine dikkat \u00e7eken Ba\u015fkan G\u00fcltak, \u201cSu t\u00fcketiminde d\u00fcnya ortalamas\u0131 25 litredir. Maalesef b\u00f6yle devam ederse sonu\u00e7, yak\u0131n gelecekte \u2018ki\u015fi ba\u015f\u0131 s\u0131f\u0131r litre su\u2019 olacak\u201d dedi.<br \/>\nAkdeniz Belediyesi K\u00fclt\u00fcr ve Sosyal \u0130\u015fler M\u00fcd\u00fcrl\u00fc\u011f\u00fc\u2019nce; \u201c22 Mart D\u00fcnya Su G\u00fcn\u00fc\u201d nedeniyle, \u201cGelece\u011fin Suyunu Kullanma\u201d temas\u0131yla d\u00fczenlenen etkinlikte, bir insan\u0131n g\u00fcnde ortalama 25 litre su t\u00fcketmesi gerekirken bu miktar\u0131n 7,6 kat\u0131; yani 190 litre su t\u00fcketti\u011fine dikkat \u00e7ekildi; b\u00f6yle giderse insanl\u0131\u011f\u0131 susuzlu\u011fun bekledi\u011fi belirtildi. Etkinlikte \u00e7e\u015fitli i\u015f ve i\u015flemleri i\u00e7in belediye binas\u0131na gelen vatanda\u015flara, suyun hayat\u0131m\u0131zdaki \u00f6nemini anlatan ve su t\u00fcketimini azaltmaya davet eden bro\u015f\u00fcrler da\u011f\u0131t\u0131ld\u0131.<br \/>\n\u201cSu k\u0131tl\u0131\u011f\u0131, insanl\u0131\u011f\u0131n sorunudur\u201d<br \/>\nEtkinli\u011fe kat\u0131larak bir konu\u015fma yapan Akdeniz Belediye Ba\u015fkan\u0131 M. Mustafa G\u00fcltak, suyun; insan hayat\u0131n\u0131n olmazsa olmazlar\u0131ndan biri oldu\u011funun alt\u0131n\u0131 \u00e7izdi. \u201c\u0130nsano\u011flu a\u00e7l\u0131\u011fa uzun s\u00fcre dayanabilir ama susuzluk nedeniyle \u00e7ok k\u0131sa bir s\u00fcrede ya\u015fam\u0131n\u0131 yitirebilir\u201d diyen Ba\u015fkan G\u00fcltak; \u201cDolay\u0131s\u0131yla e\u011fer d\u00fcnyada su sorunu varsa, bu insano\u011flunun sonu demektir. D\u00fcnya \u00fczerinde, iklim de\u011fi\u015fikli\u011finden kaynakl\u0131 ciddi su s\u0131k\u0131nt\u0131lar\u0131 ya\u015fand\u0131\u011f\u0131na da i\u015faret eden Ba\u015fkan G\u00fcltak, \u201c\u00d6zellikle Afrika ve baz\u0131 Asya \u00fclkelerinde insanlar\u0131n suya ula\u015fmas\u0131 imk\u00e2ns\u0131z g\u00f6z\u00fck\u00fcyor\u201d dedi.<br \/>\n\u201cKi\u015fi ba\u015f\u0131 su t\u00fcketimini 190 litreden 25 litreye d\u00fc\u015f\u00fcrelim\u201d<br \/>\nBa\u015fkan G\u00fcltak; su israf\u0131na da dikkat \u00e7ekerek, \u201cT\u00fcrkiye\u2019de ki\u015fi ba\u015f\u0131na g\u00fcnl\u00fck 190 litre su t\u00fcketilmektedir. H\u00e2lbuki d\u00fcnya ortalamas\u0131na bak\u0131ld\u0131\u011f\u0131nda bu t\u00fcketimi 25 litreye kadar d\u00fc\u015f\u00fcrmek gerekiyor. E\u011fer bu \u015fekilde su t\u00fcketmeye devam edersek, sonu\u00e7, ileride \u2018ki\u015fi ba\u015f\u0131 s\u0131f\u0131r litre su\u2019 olacak. T\u00fcketim, israf b\u00f6yle giderse, iklim de\u011fi\u015fikli\u011finin ve kurakl\u0131\u011f\u0131n da t\u00fcm d\u00fcnyay\u0131 etkisi alt\u0131na ald\u0131\u011f\u0131 g\u00fcn\u00fcm\u00fczde susuzluk ve kurak topraklarla kar\u015f\u0131 kar\u015f\u0131ya kal\u0131r\u0131z\u201d diye konu\u015ftu.<br \/>\n\u201cTar\u0131msal sulamada damlama sistemi ve yeni teknolojiler kullanal\u0131m\u201d<br \/>\nS\u00f6zlerini; \u201cSu yoksa hayat yok, insano\u011flu yok, ye\u015fillik yok, do\u011fa yok, toprak ve d\u00fcnya yok\u201d diyerek s\u00fcrd\u00fcren Ba\u015fkan G\u00fcltak; \u201cK\u0131sacas\u0131 su yoksa ya\u015fam da yok. Gelin, kulland\u0131\u011f\u0131m\u0131z su miktar\u0131n\u0131 mutlaka azaltal\u0131m. \u00c7e\u015fmeleri a\u00e7\u0131k b\u0131rakmayal\u0131m, suyumuzu israf etmeyelim. Tar\u0131mda da mutlaka damlama sistemi ve teknolojik \u00fcr\u00fcnler kullanal\u0131m. Topra\u011f\u0131n verimini de azaltan salma sulama sisteminden vazge\u00e7elim \u201d ifadelerini kulland\u0131.<\/p>\n<p>\u201cNe para, ne alt\u0131n, ne d\u00f6viz\u2026 \u0130nsan hayat\u0131n\u0131n vazge\u00e7ilmezi sudur\u201d<br \/>\nT\u00fcrkiye\u2019nin bir\u00e7ok ili gibi Mersin\u2019de de bu y\u0131l beklenen ya\u011f\u0131\u015flar\u0131n gelmemesi nedeniyle mevsimin kurak ge\u00e7ti\u011fine i\u015faret eden Ba\u015fkan Mustafa G\u00fcltak, bunun da etkisinin yaz mevsiminde g\u00f6r\u00fclece\u011fini kaydederek; \u201cSuyumuzun de\u011ferini bilelim. Su t\u00fcketimimizi k\u0131sal\u0131m. Ne para, ne alt\u0131n, ne d\u00f6viz de\u011fil\u2026 \u0130nsan hayat\u0131n\u0131n tek vazge\u00e7ilmezi sudur. Su t\u00fcketimi mutlaka azaltal\u0131m. Suyumuzu israf etmeyelim ki hayat\u0131m\u0131z devam etsin.\u201d<\/p>\n","protected":false},"excerpt":{"rendered":"<p>Akdeniz Belediyesi, \u201cD\u00fcnya Su G\u00fcn\u00fc\u201d kapsam\u0131nda, su kaynaklar\u0131n\u0131n korunmas\u0131 noktas\u0131nda fark\u0131ndal\u0131k yaratmak amac\u0131yla etkinlik d\u00fczenledi. T\u00fcrkiye\u2019de ki\u015fi ba\u015f\u0131 g\u00fcnl\u00fck 190 litre su t\u00fcketildi\u011fine dikkat \u00e7eken Ba\u015fkan G\u00fcltak, \u201cSu t\u00fcketiminde d\u00fcnya &hellip; <a href=\"https:\/\/akdenizolaygazetesi.com\/?p=11448\" class=\"more-link\">Devam\u0131n\u0131 Oku&#8230;<\/a><\/p>\n","protected":false},"author":2,"featured_media":11450,"comment_status":"open","ping_status":"open","sticky":false,"template":"","format":"standard","meta":[],"categories":[7,34,1,2,5],"tags":[],"_links":{"self":[{"href":"https:\/\/akdenizolaygazetesi.com\/index.php?rest_route=\/wp\/v2\/posts\/11448"}],"collection":[{"href":"https:\/\/akdenizolaygazetesi.com\/index.php?rest_route=\/wp\/v2\/posts"}],"about":[{"href":"https:\/\/akdenizolaygazetesi.com\/index.php?rest_route=\/wp\/v2\/types\/post"}],"author":[{"embeddable":true,"href":"https:\/\/akdenizolaygazetesi.com\/index.php?rest_route=\/wp\/v2\/users\/2"}],"replies":[{"embeddable":true,"href":"https:\/\/akdenizolaygazetesi.com\/index.php?rest_route=%2Fwp%2Fv2%2Fcomments&post=11448"}],"version-history":[{"count":1,"href":"https:\/\/akdenizolaygazetesi.com\/index.php?rest_route=\/wp\/v2\/posts\/11448\/revisions"}],"predecessor-version":[{"id":11449,"href":"https:\/\/akdenizolaygazetesi.com\/index.php?rest_route=\/wp\/v2\/posts\/11448\/revisions\/11449"}],"wp:featuredmedia":[{"embeddable":true,"href":"https:\/\/akdenizolaygazetesi.com\/index.php?rest_route=\/wp\/v2\/media\/11450"}],"wp:attachment":[{"href":"https:\/\/akdenizolaygazetesi.com\/index.php?rest_route=%2Fwp%2Fv2%2Fmedia&parent=11448"}],"wp:term":[{"taxonomy":"category","embeddable":true,"href":"https:\/\/akdenizolaygazetesi.com\/index.php?rest_route=%2Fwp%2Fv2%2Fcategories&post=11448"},{"taxonomy":"post_tag","embeddable":true,"href":"https:\/\/akdenizolaygazetesi.com\/index.php?rest_route=%2Fwp%2Fv2%2Ftags&post=11448"}],"curies":[{"name":"wp","href":"https:\/\/api.w.org\/{rel}","templated":true}]}}