{"id":11451,"date":"2021-03-23T11:23:33","date_gmt":"2021-03-23T08:23:33","guid":{"rendered":"http:\/\/akdenizolaygazetesi.com\/?p=11451"},"modified":"2021-03-23T11:24:42","modified_gmt":"2021-03-23T08:24:42","slug":"ihtiyac-duyulan-her-noktada-yol-calismalarimizi-devam-ettirecegiz","status":"publish","type":"post","link":"https:\/\/akdenizolaygazetesi.com\/?p=11451","title":{"rendered":"&#8220;\u0130htiya\u00e7 Duyulan Her Noktada Yol \u00c7al\u0131\u015fmalar\u0131m\u0131z\u0131 Devam Ettirece\u011fiz&#8221;"},"content":{"rendered":"<p>Toroslar Belediye Ba\u015fkan\u0131 Ats\u0131z Af\u015f\u0131n Y\u0131lmaz, Mustafa Kemal Mahallesi&#8217;nde devam eden fini\u015ferle asfalt \u00e7al\u0131\u015fmalar\u0131n\u0131 yerinde inceledi.<\/p>\n<p>Mustafa Kemal Mahallesi&#8217;ni ziyaret ederek, asfalt serim \u00e7al\u0131\u015fmalar\u0131n\u0131 takip eden ve teknik ekipten \u00e7al\u0131\u015fmalarla ilgili bilgiler alan Ba\u015fkan Y\u0131lmaz; &#8220;Ula\u015f\u0131m ihtiyac\u0131n\u0131n giderilmesi konusunda \u00e7ok ciddi yol kat ettik&#8221; dedi.<\/p>\n<p>&#8220;\u0130htiya\u00e7 Duyulan Her Noktada Yol \u00c7al\u0131\u015fmalar\u0131m\u0131z\u0131 Devam Ettirece\u011fiz&#8221;<\/p>\n<p>Mustafa Kemal Mahalle Muhtar\u0131 Mehmet Bing\u00f6l&#8217;\u00fcn de e\u015flik etti\u011fi incelemeler s\u0131ras\u0131nda Ba\u015fkan Y\u0131lmaz, hedeflerinin mahallelerin t\u00fcm ihtiya\u00e7lar\u0131n\u0131 gidermek oldu\u011funu s\u00f6yledi.<\/p>\n<p>Ba\u015fkan Y\u0131lmaz; &#8220;G\u00f6reve  geldi\u011fimiz g\u00fcnden bug\u00fcne s\u0131cak asfalt, kilit parke yol ve kald\u0131r\u0131m \u00e7al\u0131\u015fmalar\u0131m\u0131z\u0131 aral\u0131ks\u0131z s\u00fcrd\u00fcr\u00fcyoruz. Mustafa Kemal Mahallemizde tespit etti\u011fimiz 10 soka\u011f\u0131m\u0131z, fini\u015ferle s\u0131cak asfaltla kaplanacak. Ekiplerimiz, fedakarca \u00e7al\u0131\u015f\u0131yorlar. Amac\u0131m\u0131z, elimizdeki imkanlarla m\u00fcmk\u00fcn oldu\u011fu kadar fazla hizmeti vatanda\u015f\u0131m\u0131za g\u00f6t\u00fcrmek ve ihtiya\u00e7lar\u0131 gidermek. Bu konuda \u00e7ok ciddi yol ald\u0131k. Bu azim ve enerjiyle \u00e7al\u0131\u015fmalar\u0131m\u0131z\u0131 s\u00fcrd\u00fcr\u00fcyoruz&#8221; ifadelerini kulland\u0131.<\/p>\n<p>Muhtar Bing\u00f6l; &#8220;Mahallemizdeki Yollar\u0131m\u0131z, Kald\u0131r\u0131m ve Asfaltla B\u00fct\u00fcnle\u015fti&#8221;<\/p>\n<p>Mahalle Muhtar\u0131 Mehmet Bing\u00f6l de asfalt serim \u00e7al\u0131\u015fmalar\u0131yla mahallelerinin \u00e7ehresinin daha da g\u00fczelle\u015fti\u011fini belirterek, Ba\u015fkan Y\u0131lmaz&#8217;a ve ekibine te\u015fekk\u00fcr etti.<\/p>\n<p>Muhtar Bing\u00f6l; &#8220;Mahallemizdeki yollar\u0131m\u0131z kald\u0131r\u0131m ve asfaltla b\u00fct\u00fcnle\u015fti. \u00c7al\u0131\u015fmalar\u0131n y\u00fczde 70&#8217;i tamamland\u0131. Ba\u015fkan\u0131m\u0131za bu g\u00fczel hizmetinden dolay\u0131 te\u015fekk\u00fcr ediyoruz&#8221; diye konu\u015ftu.<\/p>\n","protected":false},"excerpt":{"rendered":"<p>Toroslar Belediye Ba\u015fkan\u0131 Ats\u0131z Af\u015f\u0131n Y\u0131lmaz, Mustafa Kemal Mahallesi&#8217;nde devam eden fini\u015ferle asfalt \u00e7al\u0131\u015fmalar\u0131n\u0131 yerinde inceledi. Mustafa Kemal Mahallesi&#8217;ni ziyaret ederek, asfalt serim \u00e7al\u0131\u015fmalar\u0131n\u0131 takip eden ve teknik ekipten \u00e7al\u0131\u015fmalarla &hellip; <a href=\"https:\/\/akdenizolaygazetesi.com\/?p=11451\" class=\"more-link\">Devam\u0131n\u0131 Oku&#8230;<\/a><\/p>\n","protected":false},"author":2,"featured_media":11453,"comment_status":"open","ping_status":"open","sticky":false,"template":"","format":"standard","meta":[],"categories":[1,5],"tags":[],"_links":{"self":[{"href":"https:\/\/akdenizolaygazetesi.com\/index.php?rest_route=\/wp\/v2\/posts\/11451"}],"collection":[{"href":"https:\/\/akdenizolaygazetesi.com\/index.php?rest_route=\/wp\/v2\/posts"}],"about":[{"href":"https:\/\/akdenizolaygazetesi.com\/index.php?rest_route=\/wp\/v2\/types\/post"}],"author":[{"embeddable":true,"href":"https:\/\/akdenizolaygazetesi.com\/index.php?rest_route=\/wp\/v2\/users\/2"}],"replies":[{"embeddable":true,"href":"https:\/\/akdenizolaygazetesi.com\/index.php?rest_route=%2Fwp%2Fv2%2Fcomments&post=11451"}],"version-history":[{"count":2,"href":"https:\/\/akdenizolaygazetesi.com\/index.php?rest_route=\/wp\/v2\/posts\/11451\/revisions"}],"predecessor-version":[{"id":11454,"href":"https:\/\/akdenizolaygazetesi.com\/index.php?rest_route=\/wp\/v2\/posts\/11451\/revisions\/11454"}],"wp:featuredmedia":[{"embeddable":true,"href":"https:\/\/akdenizolaygazetesi.com\/index.php?rest_route=\/wp\/v2\/media\/11453"}],"wp:attachment":[{"href":"https:\/\/akdenizolaygazetesi.com\/index.php?rest_route=%2Fwp%2Fv2%2Fmedia&parent=11451"}],"wp:term":[{"taxonomy":"category","embeddable":true,"href":"https:\/\/akdenizolaygazetesi.com\/index.php?rest_route=%2Fwp%2Fv2%2Fcategories&post=11451"},{"taxonomy":"post_tag","embeddable":true,"href":"https:\/\/akdenizolaygazetesi.com\/index.php?rest_route=%2Fwp%2Fv2%2Ftags&post=11451"}],"curies":[{"name":"wp","href":"https:\/\/api.w.org\/{rel}","templated":true}]}}