{"id":11455,"date":"2021-03-23T11:25:57","date_gmt":"2021-03-23T08:25:57","guid":{"rendered":"http:\/\/akdenizolaygazetesi.com\/?p=11455"},"modified":"2021-03-23T11:26:37","modified_gmt":"2021-03-23T08:26:37","slug":"hukuken-kabul-edilebilecek-bir-uygulama-degil","status":"publish","type":"post","link":"https:\/\/akdenizolaygazetesi.com\/?p=11455","title":{"rendered":"\u201cHUKUKEN KABUL ED\u0130LEB\u0130LECEK B\u0130R UYGULAMA DE\u011e\u0130L\u201d"},"content":{"rendered":"<p>Mersin Barosu Ba\u015fkan\u0131 Bilgin Ye\u015filbo\u011faz, Kad\u0131nlara Y\u00f6nelik \u015eiddet ve Aile \u0130\u00e7i \u015eiddetin \u00d6nlenmesi ve Bunlarla M\u00fccadeleye \u0130li\u015fkin Avrupa Konseyi S\u00f6zle\u015fmesi\u2019nden (\u0130stanbul S\u00f6zle\u015fmesi) T\u00fcrkiye\u2019nin, Cumhurba\u015fkanl\u0131\u011f\u0131 kararnamesi ile \u00e7ekilmesinin hukuka ayk\u0131r\u0131 oldu\u011fu gerek\u00e7esiyle, fesih karar\u0131n\u0131n y\u00fcr\u00fctmesinin durdurulmas\u0131 ve iptali i\u00e7in Dan\u0131\u015ftay\u2019a dava a\u00e7t\u0131. Ye\u015filbo\u011faz a\u00e7\u0131klamas\u0131nda, \u201c\u0130stanbul S\u00f6zle\u015fmesi\u2019nin, bir gece Cumhurba\u015fkanl\u0131\u011f\u0131 karar\u0131yla aniden ortadan kald\u0131r\u0131lmas\u0131 ve imzam\u0131z\u0131 \u00e7ekmemiz hukuken kabul edilebilecek bir uygulama de\u011fildir\u201d dedi.<\/p>\n<p>\u201cHUKUKEN KABUL ED\u0130LEB\u0130LECEK B\u0130R UYGULAMA DE\u011e\u0130L\u201d<\/p>\n<p>Ba\u015fkan Yard\u0131mc\u0131s\u0131 Av. Fatma Demircio\u011flu, y\u00f6netim kurulu \u00fcyelerimiz Av. Mah\u00e7e \u0130nano\u011flu Deprem,Av. Bilgehan Ya\u015fa ve Kad\u0131n Haklar\u0131 Merkez Ba\u015fkan\u0131 Av,\u015eirin G\u00fcner ile birlikte Dan\u0131\u015ftay\u2019a g\u00f6nderilmek \u00fczere Mersin \u0130dare Mahkemesi\u2019ne dava dilek\u00e7esini veren Mersin Barosu Ba\u015fkan\u0131 Bilgin Ye\u015filbo\u011faz yapt\u0131\u011f\u0131 a\u00e7\u0131klamas\u0131nda, \u201cT\u00fcrkiye\u2019de ma\u011fdur olan kad\u0131n, \u00e7ocuk ve t\u00fcm bireyler i\u00e7in en b\u00fcy\u00fck g\u00fcvencelerden bir tanesi olan ve \u0130stanbul ad\u0131yla \u00f6zde\u015fle\u015fen \u0130stanbul S\u00f6zle\u015fmesi\u2019nin, bir gece Cumhurba\u015fkanl\u0131\u011f\u0131 karar\u0131yla aniden ortadan kald\u0131r\u0131lmas\u0131 ve imzam\u0131z\u0131 \u00e7ekmemiz hukuken kabul edilebilecek bir uygulama de\u011fildir. Hukuka ayk\u0131r\u0131 oldu\u011funu d\u00fc\u015f\u00fcnd\u00fc\u011f\u00fcm\u00fcz Cumhurba\u015fkanl\u0131\u011f\u0131 karar\u0131n\u0131n iptali i\u00e7in Mersin Barosu olarak Dan\u0131\u015ftay\u2019a g\u00f6nderilmek \u00fczere Mersin \u0130dare Mahkemesi\u2019ne dava a\u00e7t\u0131k. T\u00fcrkiye\u2019de ya\u015fayan t\u00fcm bireyler i\u00e7in bir hukuk koruma sa\u011flayan \u0130stanbul S\u00f6zle\u015fmesi\u2019nin uygulanmas\u0131ndan vazge\u00e7ilmesi, a\u00e7\u0131k\u00e7a bizim bir hukuk devleti olmad\u0131\u011f\u0131m\u0131z\u0131n en \u00f6nemli g\u00f6stergelerinden birisidir. Hukuka ayk\u0131r\u0131 bu durumun ortadan kald\u0131r\u0131lmas\u0131 i\u00e7in Mersin Barosu olarak sonuna kadar m\u00fccadele etmeye devam edece\u011fiz\u201d ifadesini kulland\u0131.<\/p>\n<p>Mersin Barosu Ba\u015fkan\u0131 Bilgin Ye\u015filbo\u011faz, \u0130stanbul S\u00f6zle\u015fmesi\u2019nin fesih karar\u0131n\u0131n y\u00fcr\u00fctmesinin durdurulmas\u0131n\u0131n ve yok h\u00fckm\u00fcnde oldu\u011funun tespitiyle iptalini talep etti\u011fi dava dilek\u00e7esinde \u015fu ifadelere yer verdi:<\/p>\n<p>\u201cANAYASA\u2019YA AYKIRIDIR\u201d<\/p>\n<p>Dava konusu i\u015flemin dayana\u011f\u0131 olan 9 say\u0131l\u0131 Cumhurba\u015fkanl\u0131\u011f\u0131 Kararnamesinin 3.maddesinin birinci f\u0131kras\u0131nda yer alan \u201cBunlar\u0131n h\u00fck\u00fcmlerinin uygulanmas\u0131n\u0131 durdurma ve bunlar\u0131 sona erdirme\u201d ve \u00fc\u00e7\u00fcnc\u00fc f\u0131kras\u0131nda yer alan \u201cuygulanmas\u0131n\u0131n durduruldu\u011fu ve sona erdi\u011fi tarihler; Cumhurba\u015fkan\u0131 karar\u0131 ile tespit olunarak Resm\u00ee Gazete\u2019de yay\u0131mlan\u0131r\u201d \u015feklinde ifade edilen yetkilerinin, Anayasa\u2019n\u0131n 90. maddesine ayk\u0131r\u0131 olarak kanun niteli\u011finde olan uluslararas\u0131 s\u00f6zle\u015fmelerle ilgili olarak tasarruf yetkisinin, tek ba\u015f\u0131na y\u00fcr\u00fctmenin ba\u015f\u0131 olan Cumhurba\u015fkan\u0131na verilmi\u015f olmas\u0131 a\u00e7\u0131k\u00e7a Anayasa\u2019ya ayk\u0131r\u0131l\u0131k te\u015fkil etmektedir. Dava konusu i\u015flemin dayana\u011f\u0131 olan bu d\u00fczenlemelerin \u00f6ncelikle Anayasa\u2019ya ayk\u0131r\u0131l\u0131\u011f\u0131 sebebiyle itiraz yolu ile Anayasa Mahkemesi\u2019nin \u00f6n\u00fcne ta\u015f\u0131nmas\u0131 gerekmektedir.<\/p>\n<p>Fonksiyon gasp\u0131, devletin ba\u015fka bir erkinin yetki alan\u0131na giren konularda idarenin i\u015flem tesis etmesi sonucu ortaya \u00e7\u0131kan hukuka ayk\u0131r\u0131l\u0131kt\u0131r. Anayasam\u0131z\u0131n 7. maddesine g\u00f6re yasama yetkisi; T\u00fcrk Milleti ad\u0131na T\u00fcrkiye B\u00fcy\u00fck Millet Meclisine aittir ve bu yetki devredilemez. Anayasam\u0131z\u0131n T\u00fcrkiye B\u00fcy\u00fck Millet Meclisinin g\u00f6rev ve yetkilerini d\u00fczenleyen 87. maddesi; \u201cT\u00fcrkiye B\u00fcy\u00fck Millet Meclisi\u2019nin g\u00f6rev ve yetkileri, kanun koymak, de\u011fi\u015ftirmek ve kald\u0131rmak; b\u00fct\u00e7e ve kesin hesap kanun tekliflerini g\u00f6r\u00fc\u015fmek ve kabul etmek; para bas\u0131lmas\u0131na ve sava\u015f il\u00e2n\u0131na karar vermek; milletleraras\u0131 antla\u015fmalar\u0131n onaylanmas\u0131n\u0131 uygun bulmak, T\u00fcrkiye B\u00fcy\u00fck Millet Meclisi \u00fcye tamsay\u0131s\u0131n\u0131n be\u015fte \u00fc\u00e7 \u00e7o\u011funlu\u011funun karar\u0131 ile genel ve \u00f6zel af il\u00e2n\u0131na karar vermek ve Anayasa\u2019n\u0131n di\u011fer maddelerinde \u00f6ng\u00f6r\u00fclen yetkileri kullanmak ve g\u00f6revleri yerine getirmektir\u201d \u015feklindedir.<\/p>\n<p>\u201cCUMHURBA\u015eKANI\u2019NIN YETK\u0130S\u0130YLE FESHED\u0130LEMEZ\u201d<\/p>\n<p>Anayasa\u2019n\u0131n 8. maddesine g\u00f6re y\u00fcr\u00fctme yetkisi ve g\u00f6revi; Cumhurba\u015fkan\u0131 taraf\u0131ndan Anayasa ve kanunlara uygun olarak kullan\u0131l\u0131r ve yerine getirilir. Cumhurba\u015fkan\u0131 y\u00fcr\u00fctmeyi temsil eder ve y\u00fcr\u00fctme ad\u0131na i\u015flem tesis eder. Yukar\u0131da a\u00e7\u0131kland\u0131\u011f\u0131 \u00fczere usul\u00fcne uygun y\u00fcr\u00fcrl\u00fc\u011fe giren uluslararas\u0131 s\u00f6zle\u015fmeler kanun h\u00fckm\u00fcndedir. Dava konusu i\u015flemle feshine karar verilen Kad\u0131nlara Y\u00f6nelik \u015eiddet ve Aile \u0130\u00e7i \u015eiddetin \u00d6nlenmesi ve Bunlarla M\u00fccadeleye \u0130li\u015fkin Avrupa Konseyi S\u00f6zle\u015fmesinin uygun bulunmas\u0131na dair 6251 say\u0131l\u0131 Kad\u0131nlara Y\u00f6nelik \u015eiddet ve Aile \u0130\u00e7i \u015eiddetin \u00d6nlenmesi ve Bunlarla M\u00fccadeleye \u0130li\u015fkin Avrupa Konseyi S\u00f6zle\u015fmesi\u2019nin Uygun Bulundu\u011funa Dair Kanun, 29.11.2011 tarih ve 28127 say\u0131l\u0131 Resmi Gazete\u2019de yay\u0131mlanarak y\u00fcr\u00fcrl\u00fc\u011fe girmi\u015ftir. K\u0131saca \u0130stanbul S\u00f6zle\u015fmesi olarak adland\u0131r\u0131lan bu s\u00f6zle\u015fmenin Anayasan\u0131n 90. maddesi uyar\u0131nca kanun niteli\u011fi kazand\u0131\u011f\u0131 a\u00e7\u0131kt\u0131r. Bir uluslararas\u0131 antla\u015fmadan \u00e7ekilmenin bunu uygun bulan bir yasan\u0131n varl\u0131\u011f\u0131 ko\u015fuluna ba\u011fl\u0131 oldu\u011fu a\u00e7\u0131kt\u0131r. Kabul anlam\u0131na gelmemekle beraber, bir an i\u00e7in uluslararas\u0131 s\u00f6zle\u015fmeleri fesih yetkisinin y\u00fcr\u00fctmede oldu\u011fu d\u00fc\u015f\u00fcn\u00fclse dahi, an\u0131lan s\u00f6zle\u015fmenin Anayasa\u2019da Cumhurba\u015fkan\u0131na verilen yetkiler kapsam\u0131nda feshedilemeyece\u011fi de ortadad\u0131r. Yukar\u0131da a\u00e7\u0131kland\u0131\u011f\u0131 gibi Cumhurba\u015fkan\u0131n\u0131n kararname \u00e7\u0131karma yetkisi y\u00fcr\u00fctme yetkisine ili\u015fkin olup, temel haklarla ilgili konular kararnameler arac\u0131l\u0131\u011f\u0131yla d\u00fczenlenemez. Anayasan\u0131n 104. maddesinde a\u00e7\u0131k\u00e7a, Anayasa\u2019n\u0131n ikinci k\u0131sm\u0131n\u0131n birinci ve ikinci b\u00f6l\u00fcmlerinde yer alan temel haklar, ki\u015fi haklar\u0131 ve \u00f6devlerinin Cumhurba\u015fkan\u0131 kararnamesiyle d\u00fczenlenmeyece\u011fi h\u00fck\u00fcm alt\u0131na al\u0131nm\u0131\u015ft\u0131r.<\/p>\n<p>Say\u0131n Ba\u015fkanl\u0131\u011f\u0131n\u0131z\u0131n yoklukla ilgili iddiam\u0131z\u0131 kabul etmemesi halinde i\u015flemin Anayasa\u2019 n\u0131n104. maddesine ayk\u0131r\u0131 olmas\u0131 nedeniyle iptaline, dava konusu karar\u0131n dayana\u011f\u0131 olan 9 say\u0131l\u0131 Cumhurba\u015fkanl\u0131\u011f\u0131 Kararnamesi\u2019nin 3. maddesinin birinci f\u0131kras\u0131nda yer alan ve \u00fc\u00e7\u00fcnc\u00fc f\u0131kras\u0131nda yer alan \u201cMilletleraras\u0131 antla\u015fmalar\u0131n uygulama alan\u0131n\u0131n de\u011fi\u015fti\u011fini tespit etme, bunlar\u0131n h\u00fck\u00fcmlerinin uygulanmas\u0131n\u0131 durdurma ve bunlar\u0131 sona erdirme\u201d ve \u00fc\u00e7\u00fcnc\u00fc f\u0131kras\u0131nda yer alan \u201cUygulanmas\u0131n\u0131n durduruldu\u011fu ve sona erdi\u011fi tarihler; Cumhurba\u015fkan\u0131 karar\u0131 ile tespit olunarak Resm\u00ee Gazete\u2019de yay\u0131mlan\u0131r\u201d ibarelerinin Anayasa\u2019ya ayk\u0131r\u0131l\u0131\u011f\u0131 nedeniyle Anayasa Mahkemesine itiraz yoluna ba\u015fvurulmas\u0131na karar verilmesini talep etmekteyiz.\u201d<\/p>\n","protected":false},"excerpt":{"rendered":"<p>Mersin Barosu Ba\u015fkan\u0131 Bilgin Ye\u015filbo\u011faz, Kad\u0131nlara Y\u00f6nelik \u015eiddet ve Aile \u0130\u00e7i \u015eiddetin \u00d6nlenmesi ve Bunlarla M\u00fccadeleye \u0130li\u015fkin Avrupa Konseyi S\u00f6zle\u015fmesi\u2019nden (\u0130stanbul S\u00f6zle\u015fmesi) T\u00fcrkiye\u2019nin, Cumhurba\u015fkanl\u0131\u011f\u0131 kararnamesi ile \u00e7ekilmesinin hukuka ayk\u0131r\u0131 oldu\u011fu &hellip; <a href=\"https:\/\/akdenizolaygazetesi.com\/?p=11455\" class=\"more-link\">Devam\u0131n\u0131 Oku&#8230;<\/a><\/p>\n","protected":false},"author":2,"featured_media":11457,"comment_status":"open","ping_status":"open","sticky":false,"template":"","format":"standard","meta":[],"categories":[7,1,2,3,5],"tags":[],"_links":{"self":[{"href":"https:\/\/akdenizolaygazetesi.com\/index.php?rest_route=\/wp\/v2\/posts\/11455"}],"collection":[{"href":"https:\/\/akdenizolaygazetesi.com\/index.php?rest_route=\/wp\/v2\/posts"}],"about":[{"href":"https:\/\/akdenizolaygazetesi.com\/index.php?rest_route=\/wp\/v2\/types\/post"}],"author":[{"embeddable":true,"href":"https:\/\/akdenizolaygazetesi.com\/index.php?rest_route=\/wp\/v2\/users\/2"}],"replies":[{"embeddable":true,"href":"https:\/\/akdenizolaygazetesi.com\/index.php?rest_route=%2Fwp%2Fv2%2Fcomments&post=11455"}],"version-history":[{"count":1,"href":"https:\/\/akdenizolaygazetesi.com\/index.php?rest_route=\/wp\/v2\/posts\/11455\/revisions"}],"predecessor-version":[{"id":11456,"href":"https:\/\/akdenizolaygazetesi.com\/index.php?rest_route=\/wp\/v2\/posts\/11455\/revisions\/11456"}],"wp:featuredmedia":[{"embeddable":true,"href":"https:\/\/akdenizolaygazetesi.com\/index.php?rest_route=\/wp\/v2\/media\/11457"}],"wp:attachment":[{"href":"https:\/\/akdenizolaygazetesi.com\/index.php?rest_route=%2Fwp%2Fv2%2Fmedia&parent=11455"}],"wp:term":[{"taxonomy":"category","embeddable":true,"href":"https:\/\/akdenizolaygazetesi.com\/index.php?rest_route=%2Fwp%2Fv2%2Fcategories&post=11455"},{"taxonomy":"post_tag","embeddable":true,"href":"https:\/\/akdenizolaygazetesi.com\/index.php?rest_route=%2Fwp%2Fv2%2Ftags&post=11455"}],"curies":[{"name":"wp","href":"https:\/\/api.w.org\/{rel}","templated":true}]}}