{"id":11458,"date":"2021-03-23T11:27:48","date_gmt":"2021-03-23T08:27:48","guid":{"rendered":"http:\/\/akdenizolaygazetesi.com\/?p=11458"},"modified":"2021-03-23T11:28:26","modified_gmt":"2021-03-23T08:28:26","slug":"kadinlar-guclenmeden-esitlik-kadinlara-esit-firsatlar-sunulmadan-adalet-olmaz","status":"publish","type":"post","link":"https:\/\/akdenizolaygazetesi.com\/?p=11458","title":{"rendered":"\u201cKADINLAR G\u00dc\u00c7LENMEDEN E\u015e\u0130TL\u0130K, KADINLARA E\u015e\u0130T FIRSATLAR SUNULMADAN ADALET OLMAZ\u201d"},"content":{"rendered":"<p>Mersin B\u00fcy\u00fck\u015fehir Belediye Ba\u015fkan Vekili G\u00fclcan K\u0131\u015f, B\u00fcy\u00fck\u015fehir Belediyesi Kad\u0131n ve Aile Hizmetleri Dairesi taraf\u0131ndan haz\u0131rl\u0131klar\u0131 s\u00fcrd\u00fcr\u00fclen ve bug\u00fcne kadar toplam 79 toplant\u0131 yap\u0131lan \u2018Mersin B\u00fcy\u00fck\u015fehir Belediyesi Yerel E\u015fitlik Eylem Plan\u0131 Taslak De\u011ferlendirme Toplant\u0131s\u0131\u2019na kat\u0131ld\u0131.<\/p>\n<p>\u0130lk olarak daire ba\u015fkanlar\u0131, ard\u0131ndan da kad\u0131n Meclis \u00fcyeleri ile bir araya geldi<\/p>\n<p>\u0130lk olarak; B\u00fcy\u00fck\u015fehir Belediyesi Ta\u015f Bina Enc\u00fcmen Salonu\u2019nda B\u00fcy\u00fck\u015fehir Belediyesi Daire Ba\u015fkanlar\u0131\u2019n\u0131n kat\u0131l\u0131m\u0131yla ger\u00e7ekle\u015ftirilen Taslak De\u011ferlendirme Toplant\u0131s\u0131\u2019nda, Yerel E\u015fitlik Eylem Plan\u0131 hakk\u0131nda Kad\u0131n ve Aile Hizmetleri Dairesi Ba\u015fkanl\u0131\u011f\u0131 Kad\u0131n \u015eube M\u00fcd\u00fcr\u00fc Edibe Sahil taraf\u0131ndan kat\u0131l\u0131mc\u0131lara bilgi verildi. Toplant\u0131da, plan\u0131n haz\u0131rl\u0131k a\u015famalar\u0131 hakk\u0131nda bilgiler payla\u015f\u0131l\u0131rken, haz\u0131rlanan \u2018E\u015fitlik Politikas\u0131\u2019 da anlat\u0131ld\u0131.<\/p>\n<p>Ba\u015fkan Vekili G\u00fclcan K\u0131\u015f, daire ba\u015fkanlar\u0131 ile ger\u00e7ekle\u015ftirilen toplant\u0131n\u0131n ard\u0131ndan B\u00fcy\u00fck\u015fehir Belediye Meclisi\u2019nde g\u00f6rev yapan kad\u0131n Meclis \u00fcyeleri ile de bir araya geldi. Toplant\u0131ya; CHP B\u00fcy\u00fck\u015fehir Belediye Meclis \u00dcyeleri \u00dcmran Timur ve \u00dcnzile Kuru, HDP B\u00fcy\u00fck\u015fehir Belediye Meclis \u00dcyesi Bedriye Ku\u015f, Ba\u011f\u0131ms\u0131z B\u00fcy\u00fck\u015fehir Belediye Meclis \u00dcyesi Ahu Ko\u015far ile Kad\u0131n ve Aile Hizmetleri Dairesi Ba\u015fkan\u0131 \u015eerife Haso\u011flu Dokucu kat\u0131ld\u0131.<\/p>\n<p>\u201c20 Mart gecesi \u00e7ok karanl\u0131k bir sabaha uyand\u0131k\u201d<\/p>\n<p>Toplant\u0131 sonunda \u0130stanbul S\u00f6zle\u015fmesi ile ilgili bir de\u011ferlendirmede bulunan Ba\u015fkan Vekili G\u00fclcan K\u0131\u015f, \u201cT\u00fcrkiye\u2019de ya\u015fayan biz kad\u0131nlar, 20 Mart gecesi \u00e7ok karanl\u0131k bir sabaha uyand\u0131k. Gece yar\u0131s\u0131 a\u00e7\u0131klanan bir Cumhurba\u015fkanl\u0131\u011f\u0131 karar\u0131 ile T\u00fcrkiye Cumhuriyeti, ilk imzac\u0131s\u0131 oldu\u011fu \u0130stanbul S\u00f6zle\u015fmesi\u2019nden ayr\u0131ld\u0131. Toplumsal cinsiyet e\u015fitli\u011finin sa\u011flanmas\u0131, kad\u0131na y\u00f6nelik \u015fiddet ve aile i\u00e7i \u015fiddetin \u00f6nlenmesi ad\u0131na \u00e7ok k\u0131ymetli olan bu s\u00f6zle\u015fmeden \u00e7\u0131k\u0131lmas\u0131, 80 g\u00fcnde 80 kad\u0131n\u0131n cinayete kurban gitti\u011fi T\u00fcrkiye\u2019de herkesi aya\u011fa kald\u0131rd\u0131. Sadece bununla da kalmad\u0131, mesle\u011fine sahip \u00e7\u0131kan ve vicdan\u0131n\u0131n sesine kulak veren t\u00fcm hukuk\u00e7ular taraf\u0131ndan kabul edilemez bulundu. \u00c7\u00fcnk\u00fc toplumsal cinsiyet e\u015fitli\u011fini g\u00fcvenceye alan bu s\u00f6zle\u015fme, asl\u0131nda t\u00fcm kad\u0131nlar\u0131, k\u0131z \u00e7ocuklar\u0131n\u0131 ayr\u0131mc\u0131l\u0131ktan, \u015fiddet ve tacizden koruyan uluslararas\u0131 bir belgeydi. Bizler de asl\u0131nda bug\u00fcn, toplumsal cinsiyet e\u015fitli\u011fi ve bu de\u011feri etkin k\u0131lmak \u00fczere bulu\u015ftuk. Toplumsal cinsiyet e\u015fitli\u011fi; i\u015f ya\u015fam\u0131ndan siyasi alana, sosyal hayattan ev i\u00e7i rol payla\u015f\u0131m\u0131na hayat\u0131n her alan\u0131nda kad\u0131nlar\u0131n ve ayr\u0131mc\u0131l\u0131\u011fa u\u011fram\u0131\u015f di\u011fer gruplar\u0131n e\u015fit temsilinin sa\u011flanmas\u0131d\u0131r. Cumhuriyetimizin ilk y\u0131llar\u0131nda bu konuda \u00e7ok b\u00fcy\u00fck ad\u0131mlar at\u0131lm\u0131\u015f olsa da her ge\u00e7en g\u00fcn bu haklardan uzakla\u015f\u0131lm\u0131\u015ft\u0131r\u201d dedi.<\/p>\n<p>\u201cKad\u0131nlar g\u00fc\u00e7lenmeden e\u015fitlik, kad\u0131nlara e\u015fit f\u0131rsatlar sunulmadan adalet olmaz\u201d<\/p>\n<p>Mersin\u2019de kad\u0131nlara ve ayr\u0131mc\u0131l\u0131\u011fa u\u011fram\u0131\u015f di\u011fer gruplara y\u00f6nelik e\u015fitli\u011fi sa\u011flayacak politikalar\u0131n \u00f6n plana al\u0131nmas\u0131nda \u00e7ok ge\u00e7 kal\u0131nd\u0131\u011f\u0131na da de\u011finen Ba\u015fkan Vekili G\u00fclcan K\u0131\u015f, \u015funlar\u0131 s\u00f6yledi:<\/p>\n<p>\u201cBu ger\u00e7e\u011fin elbette \u00e7e\u015fitli nedenleri var. Az \u00f6nce belirtti\u011fim gerek\u00e7e ve sonu\u00e7lar\u0131 burada bulunan herkes \u00e7ok iyi biliyor. B\u00fcy\u00fck\u015fehir Belediye Ba\u015fkan\u0131m\u0131z Vahap Se\u00e7er, se\u00e7im s\u00fcrecinde daha adil, daha refah i\u00e7inde bir Mersin i\u00e7in s\u00f6z verdi. E\u015fitlik ise bu s\u00f6z\u00fcn esas\u0131n\u0131 olu\u015fturuyor. Kad\u0131nlar g\u00fc\u00e7lenmeden e\u015fitlik, kad\u0131nlara e\u015fit f\u0131rsatlar sunulmadan adalet, kad\u0131nlar\u0131n fikirleri al\u0131nmadan yarat\u0131c\u0131l\u0131k ve yerel demokrasi olmaz. Bu \u015fehirde kad\u0131nlar\u0131n e\u015fit haklara kavu\u015fmas\u0131na y\u00f6nelik at\u0131lacak her bir ad\u0131m\u0131n, asl\u0131nda \u00fclkemizin d\u00f6rt bir yan\u0131nda ya\u015fayan t\u00fcm kad\u0131nlar i\u00e7in at\u0131lm\u0131\u015f bir ad\u0131m oldu\u011funu biliyoruz. O nedenle \u00e7al\u0131\u015fmalar\u0131m\u0131z\u0131 buna g\u00f6re ger\u00e7ekle\u015ftiriyoruz. \u0130ki y\u0131l gibi k\u0131sa bir s\u00fcrede B\u00fcy\u00fck\u015fehir b\u00fcnyesinde \u00e7al\u0131\u015fan kad\u0131nlar\u0131n oran\u0131 y\u00fczde 18\u2019den y\u00fczde 24\u2019lere kadar \u00e7\u0131kt\u0131ysa bu ancak i\u015fte bu bilin\u00e7li politikan\u0131n eseridir. E\u015fitli\u011fi sa\u011flamak i\u00e7in sadece kad\u0131n istihdam\u0131n\u0131 art\u0131rman\u0131n yeterli olmad\u0131\u011f\u0131n\u0131; kad\u0131nlar\u0131n bak\u0131m y\u00fck\u00fc ve \u015fiddet kar\u015f\u0131s\u0131nda desteklenmesi gerekti\u011fini de iyi biliyoruz.\u201d<\/p>\n<p>\u201cBiz kad\u0131nlar\u0131n azmi ve kat\u0131l\u0131m\u0131yla B\u00fcy\u00fck\u015fehir Belediyemiz \u00f6rnek olacak\u201d<\/p>\n<p>Kad\u0131nlar\u0131 ve di\u011fer gruplar\u0131 g\u00fc\u00e7lendirerek, hayatlar\u0131 kolayla\u015ft\u0131rmay\u0131 ama\u00e7lad\u0131klar\u0131ndan da bahseden G\u00fclcan K\u0131\u015f, \u201cKad\u0131n ve Aile Dairemiz var. Psikolojik ve hukuki destekleri merkeze alan \u00e7al\u0131\u015fmalara a\u011f\u0131rl\u0131k vermeyi, g\u00fcvenli\u011fi art\u0131racak uygulamalar\u0131 hayata ge\u00e7irmeyi ama\u00e7l\u0131yoruz. T\u00fcm kalbimle inan\u0131yorum ki biz kad\u0131nlar\u0131n azmi ve kat\u0131l\u0131m\u0131yla B\u00fcy\u00fck\u015fehir Belediyemiz \u00f6rnek olacak ve bu yolda h\u0131zla ilerleyece\u011fiz. Bu kentin kad\u0131nlar\u0131 olarak nas\u0131l y\u00f6netimde, hizmetlerde var olmaya ba\u015flad\u0131ysak; bundan sonra da e\u015fit bi\u00e7imde her alan\u0131nda var olaca\u011f\u0131z. Hayat\u0131n her alan\u0131nda g\u00fc\u00e7l\u00fc olaca\u011f\u0131z \u00e7\u00fcnk\u00fc g\u00fc\u00e7l\u00fc kad\u0131nlar kimseden korkmaz\u201d ifadelerini kulland\u0131.<\/p>\n<p>\u201cHi\u00e7 bir karar, azmimizden ve kararl\u0131l\u0131\u011f\u0131m\u0131zdan daha g\u00fc\u00e7l\u00fc de\u011fil\u201d<\/p>\n<p>Yerel E\u015fitlik Eylem Plan\u0131 hakk\u0131nda de\u011ferlendirmelerde bulunan G\u00fclcan K\u0131\u015f, \u201cArt\u0131k son a\u015famaya gelen Yerel E\u015fitlik Eylem Plan\u0131 ile Mersin B\u00fcy\u00fck\u015fehir Belediyesi b\u00fcnyesinde \u00e7al\u0131\u015fan t\u00fcm kad\u0131nlar e\u015fitlik inanc\u0131na sahip ve bunu her zaman \u00f6nceleyen bir yol haritas\u0131na kavu\u015fmu\u015ftur. Bu anlamda, bu plana destek ve katk\u0131 veren t\u00fcm payda\u015flar\u0131m\u0131za te\u015fekk\u00fcr ediyorum. S\u0131rada kad\u0131nlar\u0131n e\u015fit haklarla bulu\u015fmas\u0131 var. Umar\u0131m bu plan, politika \u00fcreten herkes ve her kesim i\u00e7in \u00f6rnek bir \u00e7al\u0131\u015fma olur ve bu topraklar\u0131n \u00f6z\u00fcnde zaten olan e\u015fitlik yolumuzu daima ayd\u0131nlatmaya devam eder. Yolumuz uzun, ancak inanc\u0131m\u0131z tam. Ba\u015flad\u0131\u011f\u0131m\u0131z yolu tamamlamak i\u00e7in \u00f6n\u00fcm\u00fcze \u00e7\u0131kar\u0131lmak istenen engelleri de hep birlikte a\u015faca\u011f\u0131z. Hi\u00e7 bir karar, azmimizden ve kararl\u0131l\u0131\u011f\u0131m\u0131zdan daha g\u00fc\u00e7l\u00fc de\u011fil\u201d dedi.<\/p>\n","protected":false},"excerpt":{"rendered":"<p>Mersin B\u00fcy\u00fck\u015fehir Belediye Ba\u015fkan Vekili G\u00fclcan K\u0131\u015f, B\u00fcy\u00fck\u015fehir Belediyesi Kad\u0131n ve Aile Hizmetleri Dairesi taraf\u0131ndan haz\u0131rl\u0131klar\u0131 s\u00fcrd\u00fcr\u00fclen ve bug\u00fcne kadar toplam 79 toplant\u0131 yap\u0131lan \u2018Mersin B\u00fcy\u00fck\u015fehir Belediyesi Yerel E\u015fitlik Eylem &hellip; <a href=\"https:\/\/akdenizolaygazetesi.com\/?p=11458\" class=\"more-link\">Devam\u0131n\u0131 Oku&#8230;<\/a><\/p>\n","protected":false},"author":2,"featured_media":11460,"comment_status":"open","ping_status":"open","sticky":false,"template":"","format":"standard","meta":[],"categories":[34,1,2,5],"tags":[],"_links":{"self":[{"href":"https:\/\/akdenizolaygazetesi.com\/index.php?rest_route=\/wp\/v2\/posts\/11458"}],"collection":[{"href":"https:\/\/akdenizolaygazetesi.com\/index.php?rest_route=\/wp\/v2\/posts"}],"about":[{"href":"https:\/\/akdenizolaygazetesi.com\/index.php?rest_route=\/wp\/v2\/types\/post"}],"author":[{"embeddable":true,"href":"https:\/\/akdenizolaygazetesi.com\/index.php?rest_route=\/wp\/v2\/users\/2"}],"replies":[{"embeddable":true,"href":"https:\/\/akdenizolaygazetesi.com\/index.php?rest_route=%2Fwp%2Fv2%2Fcomments&post=11458"}],"version-history":[{"count":2,"href":"https:\/\/akdenizolaygazetesi.com\/index.php?rest_route=\/wp\/v2\/posts\/11458\/revisions"}],"predecessor-version":[{"id":11461,"href":"https:\/\/akdenizolaygazetesi.com\/index.php?rest_route=\/wp\/v2\/posts\/11458\/revisions\/11461"}],"wp:featuredmedia":[{"embeddable":true,"href":"https:\/\/akdenizolaygazetesi.com\/index.php?rest_route=\/wp\/v2\/media\/11460"}],"wp:attachment":[{"href":"https:\/\/akdenizolaygazetesi.com\/index.php?rest_route=%2Fwp%2Fv2%2Fmedia&parent=11458"}],"wp:term":[{"taxonomy":"category","embeddable":true,"href":"https:\/\/akdenizolaygazetesi.com\/index.php?rest_route=%2Fwp%2Fv2%2Fcategories&post=11458"},{"taxonomy":"post_tag","embeddable":true,"href":"https:\/\/akdenizolaygazetesi.com\/index.php?rest_route=%2Fwp%2Fv2%2Ftags&post=11458"}],"curies":[{"name":"wp","href":"https:\/\/api.w.org\/{rel}","templated":true}]}}