{"id":11462,"date":"2021-03-23T11:29:43","date_gmt":"2021-03-23T08:29:43","guid":{"rendered":"http:\/\/akdenizolaygazetesi.com\/?p=11462"},"modified":"2021-03-23T11:30:23","modified_gmt":"2021-03-23T08:30:23","slug":"buyuksehir-65-yas-ustu-vatandaslari-yoreden-kafede-agirladi","status":"publish","type":"post","link":"https:\/\/akdenizolaygazetesi.com\/?p=11462","title":{"rendered":"B\u00dcY\u00dcK\u015eEH\u0130R, 65 YA\u015e \u00dcST\u00dc VATANDA\u015eLARI Y\u00d6REDEN KAFE\u2019DE A\u011eIRLADI"},"content":{"rendered":"<p>Mersin B\u00fcy\u00fck\u015fehir Belediyesi, \u201818-24 Mart Ya\u015fl\u0131lara Sayg\u0131 Haftas\u0131\u2019 kapsam\u0131nda K\u00fclt\u00fcr Park\u2019ta yer alan Y\u00f6reden Kafe\u2019de 65 ya\u015f \u00fcst\u00fc vatanda\u015flar\u0131 a\u011f\u0131rlad\u0131. B\u00fcy\u00fck\u015fehir Belediyesi Engelliler ve Sa\u011fl\u0131k Hizmetleri Dairesi taraf\u0131ndan d\u00fczenlenen kahvalt\u0131 etkinli\u011finde bulu\u015fan ya\u015f alm\u0131\u015f vatanda\u015flar, \u00fczerinde \u2018Ya\u015fl\u0131lara Sayg\u0131 Haftas\u0131 Kutlu Olsun\u2019 yaz\u0131l\u0131 pastay\u0131 kesip \u015fark\u0131 s\u00f6yledi. Pandemiden dolay\u0131 evde bunalan ya\u015f alm\u0131\u015f vatanda\u015flar, etkinlik sayesinde hem sosyalle\u015fti hem de temiz havan\u0131n tad\u0131n\u0131 \u00e7\u0131kard\u0131.<\/p>\n<p>B\u00fcy\u00fck\u015fehir\u2019in misafirlerinden \u015fark\u0131l\u0131 te\u015fekk\u00fcr<\/p>\n<p>Pandemi tedbirleri kapsam\u0131nda gerekli \u00f6nlemlerin al\u0131nd\u0131\u011f\u0131 etkinlikte, Covid-19 a\u015f\u0131s\u0131n\u0131 yapt\u0131rm\u0131\u015f 65 ya\u015f \u00fcst\u00fc 20 vatanda\u015f a\u011f\u0131rland\u0131. Etkinli\u011fin ger\u00e7ekle\u015ftirildi\u011fi kafede ya\u015f alm\u0131\u015f vatanda\u015flar\u0131n tansiyonlar\u0131 \u00f6l\u00e7\u00fcl\u00fcrken, B\u00fcy\u00fck\u015fehir Belediyesi\u2019nde g\u00f6revli Dr. Feride G\u00f6kosmano\u011fullar\u0131, t\u00fcm misafirlerle tek tek sohbet ederek sa\u011fl\u0131kl\u0131 ya\u015fam konusunda \u00f6nerilerde bulundu.<\/p>\n<p>B\u00fcy\u00fck\u015fehir Belediyesi\u2019nin kendilerine sundu\u011fu hizmetlerden olduk\u00e7a memnun olduklar\u0131n\u0131 dile getiren vatanda\u015flar, Mersin B\u00fcy\u00fck\u015fehir Belediyesi\u2019ni bir manevi evlat olarak g\u00f6rd\u00fcklerini s\u00f6yledi. D\u00fczenlenen etkinlikte olduk\u00e7a keyifli vakit ge\u00e7iren vatanda\u015flar, B\u00fcy\u00fck\u015fehir Belediyesi\u2019ne \u015fark\u0131 s\u00f6yleyerek te\u015fekk\u00fcr etti.<\/p>\n<p>\u201cBu \u00e7ok harika bir sahiplenme, insan gurur duyuyor\u201d<\/p>\n<p>Etkinli\u011fe kat\u0131lan Emin Can, kendilerine sunulan hizmetlerden ve desteklerden dolay\u0131 memnuniyetini ifade ederek, \u201cDaha \u00f6nce de belediyemizin etkinli\u011fine geldim. B\u00f6yle bir sahiplenilmeden dolay\u0131 \u00e7ok gurur duyuyorum, \u00e7ok mutluyum. T\u00fcrkiye\u2019nin b\u00fct\u00fcn vilayetlerinin \u00e7o\u011funu bilirim. Ama bu \u00e7ok harika bir sahiplenme, insan gurur duyuyor. Te\u015fekk\u00fcr ederim\u201d dedi.<\/p>\n<p>\u201cOnlar bizim kanats\u0131z meleklerimiz\u201d<\/p>\n<p>Ba\u015fkan Vahap Se\u00e7er\u2019in kendilerini d\u00fc\u015f\u00fcnd\u00fc\u011f\u00fcn\u00fc ve bu tarz etkinliklerin s\u00fcrekli d\u00fczenlendi\u011fini s\u00f6yleyen Aynur Y\u00fcksel, \u201cB\u00fcy\u00fck\u015fehir Belediye Ba\u015fkan\u0131m\u0131z ger\u00e7ekten bizleri d\u00fc\u015f\u00fcn\u00fcyor. Daha \u00f6nce de gitti\u011fimiz etkinlikler oldu, g\u00fczel etkinlikler yap\u0131l\u0131yor. Bizleri d\u00fc\u015f\u00fcnd\u00fc\u011f\u00fc i\u00e7in te\u015fekk\u00fcr ediyoruz Ba\u015fkan\u0131m\u0131z\u2019a. Daha \u00f6nce Tarsus\u2019a gittik, kampa gittik. Hizmetlerden memnunum\u201d dedi. B\u00fcy\u00fck\u015fehir ekipleri taraf\u0131ndan arand\u0131klar\u0131n\u0131 s\u00f6yleyen Y\u00fcksel, \u201cBen \u2018kanats\u0131z meleklerimiz\u2019 diyorum onlara. Halimizi hat\u0131r\u0131m\u0131z\u0131 soruyorlar, bir ihtiyac\u0131m\u0131z var m\u0131, onu soruyorlar. Bazen \u00f6zel hediyelerimiz geliyor. Memnunuz\u201d diye konu\u015ftu.<\/p>\n<p>\u201cVahap Bey Mersin\u2019i bir dantel gibi \u00e7ok ince ve tam i\u015fliyor\u201d<\/p>\n<p>Hat\u0131rlanman\u0131n \u00e7ok g\u00fczel bir duygu oldu\u011funu s\u00f6yleyen M\u00fczeyyen \u00c7etinkaya, \u201c\u00c7ok memnun oldum. Vahap Bey\u2019e ba\u015far\u0131lar diliyorum. Bizleri d\u00fc\u015f\u00fcnd\u00fc\u011f\u00fc i\u00e7in de kendilerine \u00e7ok te\u015fekk\u00fcr ediyorum. Her \u015feyden \u00f6nce ilgi, sevgi g\u00fczel bir duygu. Bizi birle\u015ftirecek olan bu ilgi, bu sevgi. Vahap Bey Mersin\u2019i bir dantel gibi \u00e7ok ince ve tam i\u015fliyor. Tebrik ediyorum kendisini\u201d ifadelerini kulland\u0131.<\/p>\n<p>\u201cOnlar bizim bilgi ve tecr\u00fcbe kaynaklar\u0131m\u0131z\u201d<\/p>\n<p>Mersin B\u00fcy\u00fck\u015fehir Belediyesi Engelliler ve Sa\u011fl\u0131k Hizmetleri Dairesi Ba\u015fkan\u0131 Dr. H\u00fclya Atila ise d\u00fczenlenen etkinlik hakk\u0131nda \u015funlar\u0131 s\u00f6yledi:<\/p>\n<p>\u201cBug\u00fcn ya\u015f alm\u0131\u015f, tecr\u00fcbeli vatanda\u015flar\u0131m\u0131zla birlikteyiz. Bizim Evde Sa\u011fl\u0131k ve Bak\u0131m Birimimize ba\u011fl\u0131 olarak \u00e7al\u0131\u015fan Ya\u015fl\u0131 Destek Birimimiz var. Bu birimimizde biz her g\u00fcn onlarla g\u00f6r\u00fc\u015f\u00fcyoruz. Her sabah onlar\u0131 aray\u0131p \u2018G\u00fcnayd\u0131n\u2019 diyoruz. \u2018Nas\u0131ls\u0131n\u0131z, \u0130yi misiniz? Bug\u00fcn bir \u015feye ihtiyac\u0131n\u0131z var m\u0131?\u2019 diye soruyoruz onlara. Onlar bizim bilgi ve tecr\u00fcbe kaynaklar\u0131m\u0131z. Ba\u015fkan\u0131m\u0131z Say\u0131n Vahap Se\u00e7er\u2019in onlara \u00f6zel sevgisi ve ilgisi her zaman var. Bug\u00fcn onlarla y\u00fcz y\u00fcze gelmek istedik. Onlar da \u00e7ok mutlular. Her g\u00fcn telefonda birlikte oluyoruz ama bizi g\u00f6rmek istiyorlar. Diyorlar ki; \u2018Bir g\u00fcn de sizi g\u00f6relim.\u2019 Bug\u00fcn de onlar\u0131 birlikte g\u00f6rm\u00fc\u015f olduk.\u201d<\/p>\n<p>Etkinli\u011fin sonunda ya\u015f alm\u0131\u015f vatanda\u015flara B\u00fcy\u00fck\u015fehir Belediyesi taraf\u0131ndan \u00f6zel olarak haz\u0131rlanan hijyen paketleri da\u011f\u0131t\u0131ld\u0131.<\/p>\n","protected":false},"excerpt":{"rendered":"<p>Mersin B\u00fcy\u00fck\u015fehir Belediyesi, \u201818-24 Mart Ya\u015fl\u0131lara Sayg\u0131 Haftas\u0131\u2019 kapsam\u0131nda K\u00fclt\u00fcr Park\u2019ta yer alan Y\u00f6reden Kafe\u2019de 65 ya\u015f \u00fcst\u00fc vatanda\u015flar\u0131 a\u011f\u0131rlad\u0131. B\u00fcy\u00fck\u015fehir Belediyesi Engelliler ve Sa\u011fl\u0131k Hizmetleri Dairesi taraf\u0131ndan d\u00fczenlenen kahvalt\u0131 &hellip; <a href=\"https:\/\/akdenizolaygazetesi.com\/?p=11462\" class=\"more-link\">Devam\u0131n\u0131 Oku&#8230;<\/a><\/p>\n","protected":false},"author":2,"featured_media":11464,"comment_status":"open","ping_status":"open","sticky":false,"template":"","format":"standard","meta":[],"categories":[34,1],"tags":[],"_links":{"self":[{"href":"https:\/\/akdenizolaygazetesi.com\/index.php?rest_route=\/wp\/v2\/posts\/11462"}],"collection":[{"href":"https:\/\/akdenizolaygazetesi.com\/index.php?rest_route=\/wp\/v2\/posts"}],"about":[{"href":"https:\/\/akdenizolaygazetesi.com\/index.php?rest_route=\/wp\/v2\/types\/post"}],"author":[{"embeddable":true,"href":"https:\/\/akdenizolaygazetesi.com\/index.php?rest_route=\/wp\/v2\/users\/2"}],"replies":[{"embeddable":true,"href":"https:\/\/akdenizolaygazetesi.com\/index.php?rest_route=%2Fwp%2Fv2%2Fcomments&post=11462"}],"version-history":[{"count":1,"href":"https:\/\/akdenizolaygazetesi.com\/index.php?rest_route=\/wp\/v2\/posts\/11462\/revisions"}],"predecessor-version":[{"id":11463,"href":"https:\/\/akdenizolaygazetesi.com\/index.php?rest_route=\/wp\/v2\/posts\/11462\/revisions\/11463"}],"wp:featuredmedia":[{"embeddable":true,"href":"https:\/\/akdenizolaygazetesi.com\/index.php?rest_route=\/wp\/v2\/media\/11464"}],"wp:attachment":[{"href":"https:\/\/akdenizolaygazetesi.com\/index.php?rest_route=%2Fwp%2Fv2%2Fmedia&parent=11462"}],"wp:term":[{"taxonomy":"category","embeddable":true,"href":"https:\/\/akdenizolaygazetesi.com\/index.php?rest_route=%2Fwp%2Fv2%2Fcategories&post=11462"},{"taxonomy":"post_tag","embeddable":true,"href":"https:\/\/akdenizolaygazetesi.com\/index.php?rest_route=%2Fwp%2Fv2%2Ftags&post=11462"}],"curies":[{"name":"wp","href":"https:\/\/api.w.org\/{rel}","templated":true}]}}