{"id":1149,"date":"2020-11-04T18:21:45","date_gmt":"2020-11-04T15:21:45","guid":{"rendered":"http:\/\/mersinekonomipolitikagazetesi.com\/?p=1149"},"modified":"2020-11-04T18:21:45","modified_gmt":"2020-11-04T15:21:45","slug":"akdenizli-muhtarlar-gezide-bir-araya-geldi","status":"publish","type":"post","link":"https:\/\/akdenizolaygazetesi.com\/?p=1149","title":{"rendered":"Akdeniz&#8217;li muhtarlar gezide bir araya geldi"},"content":{"rendered":"<p>Mersin&#8217;in merkez Akdeniz il\u00e7e Belediyesi, birlikte \u00e7al\u0131\u015fma anlay\u0131\u015f\u0131n\u0131 peki\u015ftirmek amac\u0131yla il\u00e7edeki muhtarlar\u0131 \u00dcrg\u00fcp, G\u00f6reme, Avonos, ve Nev\u015fehir&#8217;i de kapsayan bir gezi d\u00fczenledi.<\/p>\n<p>Geziye, Akdeniz Belediye ba\u015fkan yard\u0131mc\u0131lar\u0131 ve il\u00e7ede g\u00f6rev yapan mahalle muhtarlar\u0131 kat\u0131ld\u0131. \u0130ki g\u00fcn s\u00fcren gezi de muhtarlar \u00dcrg\u00fcp, G\u00f6reme, Avonos ve Nev\u015fehir Kozakl\u0131&#8217;n\u0131n tarihi ve turistlik yerlerini g\u00f6rme \u015fans\u0131 yakalad\u0131. Mersin Muhtarlar Derne\u011fi Ba\u015fkan\u0131 Erg\u00fcn \u00dcnl\u00fc, &#8220;Akdeniz Belediyesi ve mahalle muhtarlar\u0131 olarak yo\u011fun bir \u00e7al\u0131\u015fma temposu ger\u00e7ekle\u015ftiriyoruz. Bu yo\u011fun \u00e7al\u0131\u015fma temposu s\u0131ras\u0131nda olu\u015fan i\u015f birli\u011fini, bu moral gezisi ile peki\u015ftirdi\u011fimizi d\u00fc\u015f\u00fcn\u00fcyorum. Gezi boyunca bir\u00e7ok g\u00fczelli\u011fi payla\u015ft\u0131k. Bu da aram\u0131zdaki karde\u015fli\u011fe, dostlu\u011fa ve sevgiye \u00e7ok farkl\u0131 bir boyut kazand\u0131rd\u0131. Bu gezinin \u00e7al\u0131\u015fmalar\u0131m\u0131za olumlu yans\u0131malar\u0131 olaca\u011f\u0131na inan\u0131yorum.T\u00fcrkiye&#8217;mizin her k\u00f6\u015fesi bir cennet bah\u00e7esidir. Bu g\u00fczel yerleri muhtar arkada\u015flar ile birlikte g\u00f6rme \u015fans\u0131 yakalad\u0131k. Bu anlamda Akdeniz Belediyesi&#8217;ne \u00e7ok te\u015fekk\u00fcr ederiz&#8221; dedi.<br \/>\n\u0130l\u00e7e de g\u00f6rev yapan muhtarlar ile uyum i\u00e7erisinde \u00e7al\u0131\u015ft\u0131klar\u0131n\u0131 vurgulayan Akdeniz Belediye Ba\u015fkan\u0131 Hamdi Bilge Akta ise s\u00f6z konusu organizasyonu kayna\u015fmay\u0131, dayan\u0131\u015fmay\u0131 art\u0131rmak, birlik ve beraberli\u011fi peki\u015ftirmek amac\u0131yla ger\u00e7ekle\u015ftirdiklerini s\u00f6yledi. Yo\u011fun \u00e7al\u0131\u015fma temposundan f\u0131rsat bulduk\u00e7a bu t\u00fcr etkinlikleri d\u00fczenlemeye devam edeceklerini belirten Akta\u015f, sosyal etkinliklerin kurumlar ve ki\u015filer aras\u0131 ili\u015fkileri geli\u015ftirmesine katk\u0131 sundu\u011funa ve \u00e7al\u0131\u015fma verimini art\u0131rd\u0131\u011f\u0131na inand\u0131\u011f\u0131n\u0131 dile getirdi.<\/p>\n","protected":false},"excerpt":{"rendered":"<p>Mersin&#8217;in merkez Akdeniz il\u00e7e Belediyesi, birlikte \u00e7al\u0131\u015fma anlay\u0131\u015f\u0131n\u0131 peki\u015ftirmek amac\u0131yla il\u00e7edeki muhtarlar\u0131 \u00dcrg\u00fcp, G\u00f6reme, Avonos, ve Nev\u015fehir&#8217;i de kapsayan bir gezi d\u00fczenledi. Geziye, Akdeniz Belediye ba\u015fkan yard\u0131mc\u0131lar\u0131 ve il\u00e7ede g\u00f6rev &hellip; <a href=\"https:\/\/akdenizolaygazetesi.com\/?p=1149\" class=\"more-link\">Devam\u0131n\u0131 Oku&#8230;<\/a><\/p>\n","protected":false},"author":1,"featured_media":0,"comment_status":"open","ping_status":"open","sticky":false,"template":"","format":"standard","meta":[],"categories":[],"tags":[],"_links":{"self":[{"href":"https:\/\/akdenizolaygazetesi.com\/index.php?rest_route=\/wp\/v2\/posts\/1149"}],"collection":[{"href":"https:\/\/akdenizolaygazetesi.com\/index.php?rest_route=\/wp\/v2\/posts"}],"about":[{"href":"https:\/\/akdenizolaygazetesi.com\/index.php?rest_route=\/wp\/v2\/types\/post"}],"author":[{"embeddable":true,"href":"https:\/\/akdenizolaygazetesi.com\/index.php?rest_route=\/wp\/v2\/users\/1"}],"replies":[{"embeddable":true,"href":"https:\/\/akdenizolaygazetesi.com\/index.php?rest_route=%2Fwp%2Fv2%2Fcomments&post=1149"}],"version-history":[{"count":0,"href":"https:\/\/akdenizolaygazetesi.com\/index.php?rest_route=\/wp\/v2\/posts\/1149\/revisions"}],"wp:attachment":[{"href":"https:\/\/akdenizolaygazetesi.com\/index.php?rest_route=%2Fwp%2Fv2%2Fmedia&parent=1149"}],"wp:term":[{"taxonomy":"category","embeddable":true,"href":"https:\/\/akdenizolaygazetesi.com\/index.php?rest_route=%2Fwp%2Fv2%2Fcategories&post=1149"},{"taxonomy":"post_tag","embeddable":true,"href":"https:\/\/akdenizolaygazetesi.com\/index.php?rest_route=%2Fwp%2Fv2%2Ftags&post=1149"}],"curies":[{"name":"wp","href":"https:\/\/api.w.org\/{rel}","templated":true}]}}