{"id":11492,"date":"2021-03-25T12:04:34","date_gmt":"2021-03-25T09:04:34","guid":{"rendered":"http:\/\/akdenizolaygazetesi.com\/?p=11492"},"modified":"2021-03-25T12:05:03","modified_gmt":"2021-03-25T09:05:03","slug":"gumruk-birliginin-yenilenmesine-calisiyoruz","status":"publish","type":"post","link":"https:\/\/akdenizolaygazetesi.com\/?p=11492","title":{"rendered":"&#8216;G\u00fcmr\u00fck Birli\u011finin yenilenmesine \u00e7al\u0131\u015f\u0131yoruz&#8217;"},"content":{"rendered":"<p>Akdeniz Mobilya Ka\u011f\u0131t ve Orman \u00dcr\u00fcnleri \u0130hracat\u00e7\u0131lar\u0131 Birli\u011fi\u2019nin (AKAM\u0130B) d\u00fczenledi\u011fi webinara kat\u0131lan Ticaret Bakan Yard\u0131mc\u0131m\u0131z Gonca I\u015f\u0131k Y\u0131lmaz Batur, \u201cAB Ye\u015fil Mutabakat\u0131n\u0131n rekabete etki edecek bir d\u00f6n\u00fc\u015f\u00fcm olmas\u0131n\u0131 istemiyoruz. AB ile e\u015fit \u015fartlarda rekabet etmek ve ticari ili\u015fkilerimizi g\u00fc\u00e7lendirmek i\u00e7in G\u00fcmr\u00fck Birli\u011finin yenilenmesine \u00e7al\u0131\u015f\u0131yor ve i\u015f d\u00fcnyas\u0131n\u0131n t\u00fcm payda\u015flar\u0131yla g\u00f6r\u00fc\u015fmelerimizi s\u00fcrd\u00fcr\u00fcyoruz\u201d dedi.<\/p>\n<p>AKAM\u0130B Ba\u015fkan\u0131 R. Onur K\u0131l\u0131\u00e7er: \u201cSekt\u00f6r\u00fcm\u00fcz\u00fcn AB\u2019ye olan 400 milyon dolar mobilya ihracat\u0131n\u0131n y\u00fczde 35\u2019ini AKAM\u0130B ger\u00e7ekle\u015ftiriyor. Tekstilde oldu\u011fu gibi mobilyada da Avrupa\u2019dan T\u00fcrkiye\u2019ye yat\u0131r\u0131mlar\u0131n gelece\u011fini, AB\u2019nin \u00c7in\u2019den ithalat yerine T\u00fcrkiye ile i\u015fbirli\u011fi i\u00e7erisinde olaca\u011f\u0131n\u0131 \u00f6ng\u00f6r\u00fcyoruz. Yat\u0131r\u0131mlar\u0131m\u0131z\u0131n yeni olmas\u0131 sayesinde AB Ye\u015fil Mutabakat\u0131 gibi bir s\u00fcrece h\u0131zl\u0131ca adapte olabilecek teknolojiye sahibiz.\u201d<\/p>\n<p>Avrupa Birli\u011fi\u2019ne mobilya ihracat\u0131m\u0131z\u0131n y\u00fczde 35\u2019ini tek ba\u015f\u0131na ger\u00e7ekle\u015ftiren Akdeniz Mobilya Ka\u011f\u0131t ve Orman \u00dcr\u00fcnleri \u0130hracat\u00e7\u0131lar\u0131 Birli\u011fi (AKAM\u0130B), T\u00fcrkiye ve Avrupa Birli\u011fi aras\u0131ndaki ticari ili\u015fkilerin geli\u015ftirilmesine y\u00f6nelik konular\u0131 d\u00fczenledi\u011fi webinarda ele ald\u0131. \u201cAB Yeni M\u00fczakere S\u00fcrecinde Mobilya, Ka\u011f\u0131t ve Orman \u00dcr\u00fcnleri Sekt\u00f6r\u00fcn\u00fc Neler Bekliyor\u201d ba\u015fl\u0131kl\u0131 webinar, Ticaret Bakan Yard\u0131mc\u0131m\u0131z Gonca I\u015f\u0131k Y\u0131lmaz Batur, T\u00fcrkiye \u0130hracat\u00e7\u0131lar Meclisi (T\u0130M) Ba\u015fkan\u0131 \u0130smail G\u00fclle, D\u0131\u015f Ekonomik \u0130li\u015fkiler Kurulu (DE\u0130K) Ba\u015fkan\u0131 Nail Olpak, AKAM\u0130B Y\u00f6netim Kurulu Ba\u015fkan\u0131 R. Onur K\u0131l\u0131\u00e7er ve AKAM\u0130B Y\u00f6netim Kurulu Ba\u015fkan Yard\u0131mc\u0131s\u0131 M. B\u00fclent Aymen\u2019in kat\u0131l\u0131mlar\u0131yla ger\u00e7ekle\u015ftirildi. Ba\u015fta mobilya olmak \u00fczere ka\u011f\u0131t, orman \u00fcr\u00fcnleri sekt\u00f6r\u00fcn\u00fcn AB pazar\u0131 projeksiyonunun konu\u015fuldu\u011fu etkinlikte, ayr\u0131ca G\u00fcmr\u00fck Birli\u011finin g\u00fcncellenmesi ve AB Ye\u015fil Mutabakat\u0131 gibi konular da ele al\u0131nd\u0131.<\/p>\n<p>Toplant\u0131da konu\u015fan Ticaret Bakan Yard\u0131mc\u0131m\u0131z  Gonca I\u015f\u0131k Y\u0131lmaz Batur, AB Ye\u015fil Mutabakat\u0131n\u0131n rekabete etki edecek bir d\u00f6n\u00fc\u015f\u00fcm olmas\u0131n\u0131 istemediklerini belirterek \u201cG\u00fcmr\u00fck Birli\u011finin 21.y\u00fczy\u0131l\u0131n gereklili\u011fi do\u011frultusunda yenilenmesi i\u00e7in \u00e7al\u0131\u015f\u0131yor ve i\u015f d\u00fcnyas\u0131n\u0131n t\u00fcm payda\u015flar\u0131yla g\u00f6r\u00fc\u015fmelerimizi s\u00fcrd\u00fcr\u00fcyoruz. Amac\u0131m\u0131z AB ile e\u015fit \u015fartlarda rekabet etmek ve ticari ili\u015fkilerimizi g\u00fc\u00e7lendirmek\u201d dedi.<\/p>\n<p>K\u0131l\u0131\u00e7er: \u201cAB T\u00fcrk mobilyas\u0131n\u0131n fark\u0131na vard\u0131\u201d<br \/>\nEtkinli\u011fe ev sahipli\u011fi yapan AKAM\u0130B Ba\u015fkan\u0131 R. Onur K\u0131l\u0131\u00e7er, \u201cSekt\u00f6r\u00fcn Avrupa Birli\u011fi\u2019ne mobilya ihracat\u0131 400 milyon dolar civar\u0131nda ve bunun 140 milyon dolar\u0131n\u0131 birli\u011fimiz ger\u00e7ekle\u015ftiriyor. AB\u2019nin toplam ithalat\u0131n\u0131n 19 milyar dolar oldu\u011fu d\u00fc\u015f\u00fcn\u00fcld\u00fc\u011f\u00fcnde daha gidecek \u00e7ok yolumuzun oldu\u011funu g\u00f6r\u00fcyoruz. Bizi y\u0131llarca ihracat pazar\u0131 olarak g\u00f6ren AB \u00fclkelerine hammadde, aramal\u0131 da dahil olmak \u00fczere ihracat yapmaya ba\u015flad\u0131k ve art\u0131\u015f oranlar\u0131m\u0131z gayet iyi\u201d dedi.<br \/>\nAB\u2019ye mobilya ihracat\u0131nda kilogram fiyat\u0131n\u0131n T\u00fcrkiye ihracat ortalamas\u0131n\u0131n \u00fczerinde ve 2,5 dolar seviyesinde oldu\u011funu belirten K\u0131l\u0131\u00e7er, \u201cAB art\u0131k T\u00fcrk mobilyas\u0131n\u0131n fark\u0131na vard\u0131. Tekstilde oldu\u011fu gibi mobilyada da T\u00fcrkiye\u2019ye AB\u2019den yat\u0131r\u0131mlar\u0131n gelmesini, AB\u2019nin \u00c7in\u2019den ithal etmek yerine T\u00fcrkiye ile i\u015fbirli\u011fi i\u00e7erisinde olaca\u011f\u0131n\u0131 \u00f6ng\u00f6r\u00fcyoruz. Yo\u011fun istihdam sa\u011flayan sekt\u00f6r\u00fcm\u00fcz yapt\u0131\u011f\u0131 yat\u0131r\u0131mlar sayesinde mobilya hammaddesi MDF\u2019de d\u00fcnyan\u0131n  2.b\u00fcy\u00fck kapasitesine sahip. \u00dcstelik yat\u0131r\u0131mlar\u0131m\u0131z\u0131n yeni olmas\u0131 sayesinde AB Ye\u015fil Mutabakat\u0131 gibi bir s\u00fcrece h\u0131zl\u0131ca adapte olabilecek teknolojiye sahibiz\u201d dedi.<\/p>\n<p>Aymen: \u201cSanayiye verilen destek tar\u0131ma da verilmeli\u201d<br \/>\nG\u00fcmr\u00fck Birli\u011fi anla\u015fmas\u0131n\u0131n geldi\u011fimiz noktada T\u00fcrkiye ihracat\u0131na ve rekabetine negatif etki yapt\u0131\u011f\u0131n\u0131 belirten AKAM\u0130B Ba\u015fkan Yard\u0131mc\u0131s\u0131 B\u00fclent Aymen, \u201cAB\u2019nin 3.\u00fclkelerle yapt\u0131\u011f\u0131 serbest ticaret anla\u015fmalar\u0131n\u0131 T\u00fcrkiye do\u011frudan kabul etmek zorunda fakat biz AB \u00fcyesi olmad\u0131\u011f\u0131m\u0131z i\u00e7in bu 3.\u00fclkeler \u00fclkemize g\u00fcmr\u00fcks\u00fcz \u00fcr\u00fcn ihracat yapabilirken, bizim bu \u00fclkelere ihracat\u0131m\u0131zda g\u00fcmr\u00fck vergisinden muaf olmam\u0131z i\u00e7in ayr\u0131 bir anla\u015fma yapmam\u0131z gerekiyor ve \u00fclkeler maalesef bu konuda istekli de\u011filler\u201d dedi.<\/p>\n<p>T\u00fcrkiye\u2019nin bir tar\u0131m \u00fclkesi oldu\u011funu belirten Aymen, \u201cSanayiye verilen desteklerin tar\u0131ma da verilmesi gerekli. Arazimiz, verimli topraklar\u0131m\u0131z var fakat hala dededen, babadan g\u00f6rd\u00fc\u011f\u00fcm\u00fcz \u015fekilde tar\u0131m yap\u0131yoruz. Teknik tar\u0131m\u0131, bu alandaki teknolojileri kullan\u0131rsak ba\u015fta AB olmak \u00fczere t\u00fcm pazarlarda \u00e7ok daha iyi bir konuma gelebiliriz\u201d diye konu\u015ftu.<\/p>\n<p>T\u0130M Ba\u015fkan\u0131 \u0130smail G\u00fclle, \u201c3.9 milyar dolar d\u0131\u015f ticaret fazlas\u0131 verdi\u011fimiz mobilya sekt\u00f6r\u00fc hem ihracat hem de istihdam a\u00e7\u0131s\u0131ndan \u00e7ok \u00f6nemli. AB\u2019nin yan\u0131 s\u0131ra 100 milyar dolar ticaret hacmi hedefiyle \u00e7al\u0131\u015fmalar\u0131m\u0131z\u0131 s\u00fcrd\u00fcrd\u00fc\u011f\u00fcm\u00fcz ABD\u2019de sekt\u00f6r\u00fcm\u00fcz\u00fcn h\u0131zl\u0131ca b\u00fcy\u00fcmesi i\u00e7in \u00e7al\u0131\u015f\u0131yoruz.  Sekt\u00f6r\u00fcn hedefleri do\u011frultusunda a\u00e7aca\u011f\u0131m\u0131z mobilya lojistik merkezleri ile b\u00fcy\u00fck bir s\u0131\u00e7rama ger\u00e7ekle\u015ftirece\u011fiz\u201d dedi.<\/p>\n<p>DE\u0130K Ba\u015fkan\u0131 Nail Olpak da AB\u2019nin gelece\u011fin ticaret kurallar\u0131n\u0131 yeniden yazd\u0131\u011f\u0131n\u0131 belirterek \u201c\u00d6n\u00fcm\u00fczdeki s\u00fcre\u00e7te AB ile ticarette sosyal, \u00e7evresel, temel insan haklar\u0131 gibi konular daha belirleyici olacak. Bu s\u00fcre\u00e7te sadece devletler de\u011fil \u015firketlerin de ellerini ta\u015f\u0131n alt\u0131na koymalar\u0131 gerekmekte\u201d \u015feklinde konu\u015ftu.<\/p>\n","protected":false},"excerpt":{"rendered":"<p>Akdeniz Mobilya Ka\u011f\u0131t ve Orman \u00dcr\u00fcnleri \u0130hracat\u00e7\u0131lar\u0131 Birli\u011fi\u2019nin (AKAM\u0130B) d\u00fczenledi\u011fi webinara kat\u0131lan Ticaret Bakan Yard\u0131mc\u0131m\u0131z Gonca I\u015f\u0131k Y\u0131lmaz Batur, \u201cAB Ye\u015fil Mutabakat\u0131n\u0131n rekabete etki edecek bir d\u00f6n\u00fc\u015f\u00fcm olmas\u0131n\u0131 istemiyoruz. AB &hellip; <a href=\"https:\/\/akdenizolaygazetesi.com\/?p=11492\" class=\"more-link\">Devam\u0131n\u0131 Oku&#8230;<\/a><\/p>\n","protected":false},"author":2,"featured_media":11494,"comment_status":"open","ping_status":"open","sticky":false,"template":"","format":"standard","meta":[],"categories":[7,8,1,2,3,5],"tags":[],"_links":{"self":[{"href":"https:\/\/akdenizolaygazetesi.com\/index.php?rest_route=\/wp\/v2\/posts\/11492"}],"collection":[{"href":"https:\/\/akdenizolaygazetesi.com\/index.php?rest_route=\/wp\/v2\/posts"}],"about":[{"href":"https:\/\/akdenizolaygazetesi.com\/index.php?rest_route=\/wp\/v2\/types\/post"}],"author":[{"embeddable":true,"href":"https:\/\/akdenizolaygazetesi.com\/index.php?rest_route=\/wp\/v2\/users\/2"}],"replies":[{"embeddable":true,"href":"https:\/\/akdenizolaygazetesi.com\/index.php?rest_route=%2Fwp%2Fv2%2Fcomments&post=11492"}],"version-history":[{"count":2,"href":"https:\/\/akdenizolaygazetesi.com\/index.php?rest_route=\/wp\/v2\/posts\/11492\/revisions"}],"predecessor-version":[{"id":11495,"href":"https:\/\/akdenizolaygazetesi.com\/index.php?rest_route=\/wp\/v2\/posts\/11492\/revisions\/11495"}],"wp:featuredmedia":[{"embeddable":true,"href":"https:\/\/akdenizolaygazetesi.com\/index.php?rest_route=\/wp\/v2\/media\/11494"}],"wp:attachment":[{"href":"https:\/\/akdenizolaygazetesi.com\/index.php?rest_route=%2Fwp%2Fv2%2Fmedia&parent=11492"}],"wp:term":[{"taxonomy":"category","embeddable":true,"href":"https:\/\/akdenizolaygazetesi.com\/index.php?rest_route=%2Fwp%2Fv2%2Fcategories&post=11492"},{"taxonomy":"post_tag","embeddable":true,"href":"https:\/\/akdenizolaygazetesi.com\/index.php?rest_route=%2Fwp%2Fv2%2Ftags&post=11492"}],"curies":[{"name":"wp","href":"https:\/\/api.w.org\/{rel}","templated":true}]}}