{"id":11496,"date":"2021-03-25T12:07:41","date_gmt":"2021-03-25T09:07:41","guid":{"rendered":"http:\/\/akdenizolaygazetesi.com\/?p=11496"},"modified":"2021-03-25T12:08:20","modified_gmt":"2021-03-25T09:08:20","slug":"mersin-buyuksehirden-tarsusa-kent-merkezi-kentsel-tasarim-projesi","status":"publish","type":"post","link":"https:\/\/akdenizolaygazetesi.com\/?p=11496","title":{"rendered":"MERS\u0130N B\u00dcY\u00dcK\u015eEH\u0130R\u2019DEN TARSUS\u2019A \u201cKENT MERKEZ\u0130 KENTSEL TASARIM PROJES\u0130\u201d"},"content":{"rendered":"<p>Mersin B\u00fcy\u00fck\u015fehir Belediyesi, kentin y\u00fcz\u00fcn\u00fc g\u00fczelle\u015ftirmek ve b\u00f6lgeleri ruhuna, yap\u0131s\u0131na, tarihi \u00f6zelliklerine ve i\u015flevselli\u011fine uygun olarak d\u00f6n\u00fc\u015ft\u00fcrmek i\u00e7in projeler haz\u0131rl\u0131yor. Et\u00fct ve Projeler Dairesi\u2019ne ba\u011fl\u0131 Tarihi \u00c7evre Koruma \u015eube M\u00fcd\u00fcrl\u00fc\u011f\u00fc koordinesinde Tarsus\u2019ta \u201cKent Merkezi Kentsel Tasar\u0131m Projesi\u201d \u00e7al\u0131\u015fmas\u0131 y\u00fcr\u00fct\u00fclecek. Akdeniz\u2019de ise 1. Etap Proje Alan\u0131nda \u201cMekansal De\u011ferlendirme, Yenileme Modeli, Yenileme Avan Projesi\u201d haz\u0131rlanmas\u0131 i\u015fine ba\u015fland\u0131.<\/p>\n<p>Akdeniz il\u00e7esi 1. Etap Alan\u0131 i\u00e7in \u00f6n proje \u00e7al\u0131\u015fmas\u0131 yap\u0131l\u0131yor<\/p>\n<p>B\u00fcy\u00fck\u015fehir Belediye Meclisi\u2019nin karar\u0131yla belirlenen Akdeniz il\u00e7esi 1. Etap Proje Alan\u0131\u2019nda Yenileme Avan Projesi haz\u0131rlanacak. Bu alan Kasaplar \u00c7ar\u015f\u0131s\u0131, B\u00fcy\u00fck Hamam, Zafer \u00c7ar\u015f\u0131s\u0131, K\u0131rm\u0131z\u0131 Lacivert \u0130\u015fhan\u0131, \u0130l \u00d6zel \u0130daresi \u0130\u015fhan\u0131 ile Azak Han\u2019\u0131n do\u011fusundaki Eski Belediye Hizmet Binas\u0131\u2019n\u0131n yer ald\u0131\u011f\u0131 yap\u0131 adas\u0131n\u0131 (71 Ada) kaps\u0131yor.<\/p>\n<p>Yenileme Avan Projesi koruma, iyile\u015ftirme, yenileme politikalar\u0131n\u0131 i\u00e7eren, ula\u015f\u0131m, tasar\u0131m, fonksiyon ilkelerini ortaya koyan, \u00e7e\u015fitli \u015femalar ve tasar\u0131m ilke ve detaylar\u0131 ile desteklenen bir bi\u00e7imde haz\u0131rlanacak. Projede; alan\u0131n ihtiya\u00e7 program\u0131 ve alan verileri do\u011frultusunda, a\u00e7\u0131k mek\u00e2nlar\u0131n kapal\u0131 mek\u00e2nlarla birlikte d\u00fczenlenmesi, toplu ta\u015f\u0131ma, ta\u015f\u0131t, yaya, bisiklet, otoparklar, servis gibi genel ula\u015f\u0131m-dola\u015f\u0131m sorunlar\u0131n\u0131n \u00e7\u00f6z\u00fcm\u00fc, \u00e7evre yap\u0131larla ili\u015fkilerin kurulmas\u0131 ve her t\u00fcrl\u00fc d\u00fczenlemenin temel ilkeleri belirlenecek.<\/p>\n<p>Cazibe merkezi haline getirilmesi hedefleniyor<\/p>\n<p>Toplam 4.9 hektarl\u0131k alanda 16 adet tescilli k\u00fclt\u00fcr varl\u0131\u011f\u0131 bulunuyor. Proje ile yap\u0131lan analizler do\u011frultusunda b\u00f6lge i\u00e7erisinde yer alan a\u00e7\u0131k alanlar, \u00e7evredeki mimari ve kentsel de\u011ferler dikkate al\u0131narak d\u00fczenlenecek. Cephe d\u00f6n\u00fc\u015f\u00fcm\u00fc yap\u0131larak at\u0131l olan ta\u015f\u0131nmazlar\u0131n bulundu\u011fu alan\u0131n cazibe merkezi haline gelmesi hedefleniyor. Ayr\u0131ca otopark, meydan gibi donat\u0131 alanlar\u0131n\u0131n art\u0131r\u0131lmas\u0131 da belirlenen hedefler aras\u0131nda yer al\u0131yor. Haz\u0131rlanan projeler, Adana K\u00fclt\u00fcr Varl\u0131klar\u0131n\u0131 Koruma Kurulu ve Mersin B\u00fcy\u00fck\u015fehir Belediyesi Meclisi\u2019nin onay\u0131na sunulacak. Uygulama projesi sonras\u0131 m\u00fclk sahipleri ile yap\u0131lacak s\u00f6zle\u015fmeler sonras\u0131 in\u015faat etab\u0131na ge\u00e7ilecek. Projenin toplam s\u00fcresi ise 240 g\u00fcn olarak belirlendi.<\/p>\n<p>Tarsus\u2019ta belirlenen g\u00fczergahlar\u0131n y\u00fcz\u00fc yenilenecek<\/p>\n<p>Tarsus\u2019ta y\u00fcr\u00fct\u00fclecek \u00e7al\u0131\u015fmalar kapsam\u0131nda ise belirlenen alan i\u00e7indeki g\u00fczerg\u00e2hlarda bulunan kald\u0131r\u0131m, kav\u015fak ve ref\u00fcj, s\u00fcs havuzu gibi a\u00e7\u0131k alanlarda b\u00f6lgenin fiziksel yap\u0131s\u0131ndaki i\u015flevsel ve g\u00f6rsel bozukluklar\u0131n rehabilitasyonunu sa\u011flamak, yolun altyap\u0131 ve \u00fcstyap\u0131s\u0131n\u0131n kentsel tasar\u0131m yakla\u015f\u0131m\u0131yla kullan\u0131m kalitesinin art\u0131r\u0131lmas\u0131 ama\u00e7lan\u0131yor.<\/p>\n<p>Alan, Sait Bolat Bulvar\u0131 D 400\u2019den ba\u015flayarak \u0130smet Pa\u015fa Bulvar\u0131 ile Adana Bulvar\u0131 istikametinde yakla\u015f\u0131k 4 bin 600 metrelik ve Atat\u00fcrk, Alparslan T\u00fcrke\u015f, Hilmi Se\u00e7kin, Karde\u015f Langen ile Rasim Dokur Bulvarlar\u0131 istikametinde yakla\u015f\u0131k 1410 metrelik g\u00fczerg\u00e2hlar\u0131 kaps\u0131yor. Haz\u0131rlanan projeler, Adana K\u00fclt\u00fcr Varl\u0131klar\u0131n\u0131 Koruma Kurulu\u2019nun onay\u0131na sunulacak. Ekipler, proje onay\u0131ndan sonra in\u015faat etab\u0131na ge\u00e7ecek. Projenin toplam s\u00fcresi 150 g\u00fcn olarak belirlendi.<\/p>\n","protected":false},"excerpt":{"rendered":"<p>Mersin B\u00fcy\u00fck\u015fehir Belediyesi, kentin y\u00fcz\u00fcn\u00fc g\u00fczelle\u015ftirmek ve b\u00f6lgeleri ruhuna, yap\u0131s\u0131na, tarihi \u00f6zelliklerine ve i\u015flevselli\u011fine uygun olarak d\u00f6n\u00fc\u015ft\u00fcrmek i\u00e7in projeler haz\u0131rl\u0131yor. Et\u00fct ve Projeler Dairesi\u2019ne ba\u011fl\u0131 Tarihi \u00c7evre Koruma \u015eube M\u00fcd\u00fcrl\u00fc\u011f\u00fc &hellip; <a href=\"https:\/\/akdenizolaygazetesi.com\/?p=11496\" class=\"more-link\">Devam\u0131n\u0131 Oku&#8230;<\/a><\/p>\n","protected":false},"author":2,"featured_media":11498,"comment_status":"open","ping_status":"open","sticky":false,"template":"","format":"standard","meta":[],"categories":[7,1,2,3,5],"tags":[],"_links":{"self":[{"href":"https:\/\/akdenizolaygazetesi.com\/index.php?rest_route=\/wp\/v2\/posts\/11496"}],"collection":[{"href":"https:\/\/akdenizolaygazetesi.com\/index.php?rest_route=\/wp\/v2\/posts"}],"about":[{"href":"https:\/\/akdenizolaygazetesi.com\/index.php?rest_route=\/wp\/v2\/types\/post"}],"author":[{"embeddable":true,"href":"https:\/\/akdenizolaygazetesi.com\/index.php?rest_route=\/wp\/v2\/users\/2"}],"replies":[{"embeddable":true,"href":"https:\/\/akdenizolaygazetesi.com\/index.php?rest_route=%2Fwp%2Fv2%2Fcomments&post=11496"}],"version-history":[{"count":2,"href":"https:\/\/akdenizolaygazetesi.com\/index.php?rest_route=\/wp\/v2\/posts\/11496\/revisions"}],"predecessor-version":[{"id":11499,"href":"https:\/\/akdenizolaygazetesi.com\/index.php?rest_route=\/wp\/v2\/posts\/11496\/revisions\/11499"}],"wp:featuredmedia":[{"embeddable":true,"href":"https:\/\/akdenizolaygazetesi.com\/index.php?rest_route=\/wp\/v2\/media\/11498"}],"wp:attachment":[{"href":"https:\/\/akdenizolaygazetesi.com\/index.php?rest_route=%2Fwp%2Fv2%2Fmedia&parent=11496"}],"wp:term":[{"taxonomy":"category","embeddable":true,"href":"https:\/\/akdenizolaygazetesi.com\/index.php?rest_route=%2Fwp%2Fv2%2Fcategories&post=11496"},{"taxonomy":"post_tag","embeddable":true,"href":"https:\/\/akdenizolaygazetesi.com\/index.php?rest_route=%2Fwp%2Fv2%2Ftags&post=11496"}],"curies":[{"name":"wp","href":"https:\/\/api.w.org\/{rel}","templated":true}]}}