{"id":11504,"date":"2021-03-25T12:12:08","date_gmt":"2021-03-25T09:12:08","guid":{"rendered":"http:\/\/akdenizolaygazetesi.com\/?p=11504"},"modified":"2021-03-25T12:12:46","modified_gmt":"2021-03-25T09:12:46","slug":"akdeniz-belediyesi-ozel-cocuklari-agirladi","status":"publish","type":"post","link":"https:\/\/akdenizolaygazetesi.com\/?p=11504","title":{"rendered":"AKDEN\u0130Z BELED\u0130YES\u0130, \u00d6ZEL \u00c7OCUKLARI A\u011eIRLADI"},"content":{"rendered":"<p>Akdeniz Belediyesi taraf\u0131ndan d\u00fczenlenen renkli etkinli\u011fe kat\u0131lan \u00f6zel \u00e7ocuklar; ebru sanat\u0131n\u0131 \u00f6\u011frendi; \u00e7amurdan objeler de \u00fcreterek g\u00f6n\u00fcllerince e\u011flenen \u00e7ocuklar, unutamayacaklar\u0131 bir g\u00fcn ya\u015fad\u0131.<br \/>\nAkdeniz Belediyesi\u2019nin, \u201c21 Mart Down Sendromu Fark\u0131ndal\u0131k G\u00fcn\u00fc\u201d etkinlikleri devam ediyor. K\u00fclt\u00fcr ve Sosyal \u0130\u015fler M\u00fcd\u00fcrl\u00fc\u011f\u00fc\u2019nce, g\u00fcn nedeniyle organize edilen renkli etkinlikte, Akdeniz \u00d6zel E\u011fitim Uygulama Okulu \u00d6\u011frencileri ile e\u011fitmenleri, Karacailyas K\u00fclt\u00fcr ve Sanat Evi\u2019nde misafir edildi.<br \/>\nBelediye b\u00fcnyesinde \u00e7al\u0131\u015fan e\u011fitmenler e\u015fli\u011finde Akdenizli down sendromlu \u00e7ocuklar, e\u011fitmenler g\u00f6zetiminde bir yandan kendilerine \u00f6\u011fretilen ebru sanat\u0131 ile h\u00fcnerlerini sergiledi, di\u011fer yandan killi \u00e7amura \u00e7e\u015fitli \u015fekiller vererek el eme\u011fi heykelcikler ve objeler yapt\u0131. Y\u00fczlerini de reng\u00e2renk boyayarak arkada\u015flar\u0131yla birlikte e\u011flenceli dakikalar ge\u00e7iren Akdeniz\u2019in \u00f6zel \u00e7ocuklar\u0131, etkinli\u011fin sonunda ba\u011flama e\u015fli\u011finde s\u00f6ylenen t\u00fcrk\u00fc ve \u015fark\u0131lara da e\u015flik ederek, unutamayacaklar\u0131 mutlu bir g\u00fcn ya\u015fad\u0131lar.<br \/>\nBa\u015fkan G\u00fcltak; \u201cHayat\u0131n her an\u0131nda \u00f6zel \u00e7ocuklar\u0131m\u0131z\u0131n yan\u0131nday\u0131z\u201d<br \/>\nAkdeniz Belediye Ba\u015fkan\u0131 M. Mustafa G\u00fcltak; Down sendromunun, san\u0131lan\u0131n aksine bir hastal\u0131k de\u011fil, genetik bir farkl\u0131l\u0131k oldu\u011funu ifade ederek; \u201cBizler bu d\u00fcnyay\u0131 ve hayat\u0131, genetik farkl\u0131l\u0131\u011f\u0131 olan bireylerle de payla\u015f\u0131yoruz. Bu farkl\u0131l\u0131k onlar\u0131, engelli de\u011fil tam tersine ayr\u0131cal\u0131kl\u0131 k\u0131l\u0131yor. Tabi Down sendromlu bireyler, \u00f6zel ilgiye ve sevgiye ihtiya\u00e7 duyarlar. Bizlerin g\u00f6revi de onlar\u0131 bu s\u00fcre\u00e7te yaln\u0131z b\u0131rakmamakt\u0131r. Bu hayat\u0131 birbirimizi severek ve payla\u015farak mutlu olabiliriz. \u00d6zel \u00e7ocuklar\u0131m\u0131z\u0131n hayat\u0131n\u0131 kolayla\u015ft\u0131rmak i\u00e7in gayret sarf etmeye, hayat\u0131n her an\u0131nda ve alan\u0131nda \u00f6zel \u00e7ocuklar\u0131m\u0131z\u0131n yan\u0131nda olmaya devam edece\u011fiz. Bu duygularla 21 Mart Down Sendromu Fark\u0131ndal\u0131k G\u00fcn\u00fc\u2019n\u00fc tebrik ediyor, \u00f6zel \u00e7ocuklar\u0131m\u0131za sa\u011fl\u0131k ve mutluluklar diliyorum\u201d diye konu\u015ftu.<\/p>\n","protected":false},"excerpt":{"rendered":"<p>Akdeniz Belediyesi taraf\u0131ndan d\u00fczenlenen renkli etkinli\u011fe kat\u0131lan \u00f6zel \u00e7ocuklar; ebru sanat\u0131n\u0131 \u00f6\u011frendi; \u00e7amurdan objeler de \u00fcreterek g\u00f6n\u00fcllerince e\u011flenen \u00e7ocuklar, unutamayacaklar\u0131 bir g\u00fcn ya\u015fad\u0131. Akdeniz Belediyesi\u2019nin, \u201c21 Mart Down Sendromu Fark\u0131ndal\u0131k &hellip; <a href=\"https:\/\/akdenizolaygazetesi.com\/?p=11504\" class=\"more-link\">Devam\u0131n\u0131 Oku&#8230;<\/a><\/p>\n","protected":false},"author":2,"featured_media":11506,"comment_status":"open","ping_status":"open","sticky":false,"template":"","format":"standard","meta":[],"categories":[34,1,5,9],"tags":[],"_links":{"self":[{"href":"https:\/\/akdenizolaygazetesi.com\/index.php?rest_route=\/wp\/v2\/posts\/11504"}],"collection":[{"href":"https:\/\/akdenizolaygazetesi.com\/index.php?rest_route=\/wp\/v2\/posts"}],"about":[{"href":"https:\/\/akdenizolaygazetesi.com\/index.php?rest_route=\/wp\/v2\/types\/post"}],"author":[{"embeddable":true,"href":"https:\/\/akdenizolaygazetesi.com\/index.php?rest_route=\/wp\/v2\/users\/2"}],"replies":[{"embeddable":true,"href":"https:\/\/akdenizolaygazetesi.com\/index.php?rest_route=%2Fwp%2Fv2%2Fcomments&post=11504"}],"version-history":[{"count":2,"href":"https:\/\/akdenizolaygazetesi.com\/index.php?rest_route=\/wp\/v2\/posts\/11504\/revisions"}],"predecessor-version":[{"id":11507,"href":"https:\/\/akdenizolaygazetesi.com\/index.php?rest_route=\/wp\/v2\/posts\/11504\/revisions\/11507"}],"wp:featuredmedia":[{"embeddable":true,"href":"https:\/\/akdenizolaygazetesi.com\/index.php?rest_route=\/wp\/v2\/media\/11506"}],"wp:attachment":[{"href":"https:\/\/akdenizolaygazetesi.com\/index.php?rest_route=%2Fwp%2Fv2%2Fmedia&parent=11504"}],"wp:term":[{"taxonomy":"category","embeddable":true,"href":"https:\/\/akdenizolaygazetesi.com\/index.php?rest_route=%2Fwp%2Fv2%2Fcategories&post=11504"},{"taxonomy":"post_tag","embeddable":true,"href":"https:\/\/akdenizolaygazetesi.com\/index.php?rest_route=%2Fwp%2Fv2%2Ftags&post=11504"}],"curies":[{"name":"wp","href":"https:\/\/api.w.org\/{rel}","templated":true}]}}