{"id":11509,"date":"2021-03-27T15:43:17","date_gmt":"2021-03-27T12:43:17","guid":{"rendered":"http:\/\/akdenizolaygazetesi.com\/?p=11509"},"modified":"2021-03-27T15:44:09","modified_gmt":"2021-03-27T12:44:09","slug":"prof-dr-ege-baskan-yilmaz-kariyer-merkezi-kurarak-onemli-bir-adim-atmistir","status":"publish","type":"post","link":"https:\/\/akdenizolaygazetesi.com\/?p=11509","title":{"rendered":"Prof. Dr. Ege; &#8220;Ba\u015fkan Y\u0131lmaz, Kariyer Merkezi Kurarak \u00d6nemli Bir Ad\u0131m Atm\u0131\u015ft\u0131r&#8221;"},"content":{"rendered":"<p>Toroslar Belediye Ba\u015fkan\u0131 Ats\u0131z Af\u015f\u0131n Y\u0131lmaz&#8217;\u0131n, istihdam\u0131n art\u0131r\u0131lmas\u0131na y\u00f6nelik projelerinden biri olan &#8220;Kariyer Merkezi Projesi&#8221; hayata ge\u00e7ti.<\/p>\n<p>\u0130\u015eKUR ile imzalanan protokol sonras\u0131nda faaliyetlerine kurumlar aras\u0131 i\u015fbirli\u011fiyle devam eden Toroslar Belediyesi Kariyer Merkezi, vatanda\u015flar\u0131n e\u011fitim ve kariyer planlamalar\u0131na destek sa\u011fl\u0131yor.<\/p>\n<p>Toroslar Belediyesi Kariyer Merkezi ile Mersin \u00dcniversitesi Kariyer Merkezi&#8217;nin birlikte y\u00fcr\u00fctece\u011fi ortak proje ve etkinlikler i\u00e7in \u00e7al\u0131\u015fma toplant\u0131s\u0131 da yap\u0131ld\u0131.<\/p>\n<p>Toplant\u0131ya, Mersin \u00dcniversitesi Kariyer Merkezi M\u00fcd\u00fcr\u00fc Prof. Dr. \u0130lhan Ege, Toroslar Belediyesi Ar-Ge ve Projelerden Sorumlu Ba\u015fkan Yard\u0131mc\u0131s\u0131 Fatih Men ve Halkla \u0130li\u015fkiler M\u00fcd\u00fcr\u00fc Selahattin \u0130zci kat\u0131ld\u0131.<\/p>\n<p>Prof. Dr. Ege; &#8220;Ba\u015fkan Y\u0131lmaz, Kariyer Merkezi Kurarak \u00d6nemli Bir Ad\u0131m Atm\u0131\u015ft\u0131r&#8221;<\/p>\n<p>Mersin \u00dcniversitesi Kariyer Merkezi M\u00fcd\u00fcr\u00fc Prof. Dr. \u0130lhan Ege, Toroslar Belediye Ba\u015fkan\u0131 Ats\u0131z Af\u015f\u0131n Y\u0131lmaz&#8217;\u0131n e\u011fitim ve istihdam odakl\u0131 \u00e7al\u0131\u015fmalar\u0131n\u0131 takdirle takip ettiklerini belirterek; &#8220;Toroslar Belediyesi, Teknik ve Mesleki E\u011fitim Kurslar\u0131 (TORTEK) Merkezi ile 41 bran\u015fta \u00fccretsiz e\u011fitimler ile meslek edindirmektedir. Bu \u00e7ok \u00f6nemli bir ba\u015far\u0131d\u0131r. Toroslar Belediyesi \u015fimdi de Kariyer Merkezi kurarak \u00f6nemli bir ad\u0131m att\u0131. Toroslar Belediye Ba\u015fkan\u0131 Say\u0131n Ats\u0131z Af\u015f\u0131n Y\u0131lmaz&#8217;\u0131n il\u00e7e i\u00e7in b\u00fcy\u00fck \u00f6nem ta\u015f\u0131yan projesi Kariyer Merkezi&#8217;ne elimizden gelen deste\u011fi vermeye her zaman haz\u0131r\u0131z. Ba\u015fkan Y\u0131lmaz\u2019a te\u015fekk\u00fcr ediyorum. Kariyer planlama, y\u00f6netimi, i\u015f edindirme gibi konularda birlikte faydal\u0131 \u00e7al\u0131\u015fmalar yapaca\u011f\u0131z&#8221; dedi.<\/p>\n<p>Ba\u015fkan Y\u0131lmaz: &#8220;Kariyer Merkezimizle Hedefimiz, \u0130\u015fsizlikle M\u00fccadeleye Destek&#8221;<\/p>\n<p>Toroslar Belediye Ba\u015fkan\u0131 Ats\u0131z Af\u015f\u0131n Y\u0131lmaz ise Toroslar&#8217;\u0131n huzuru, mutlulu\u011fu ve refah\u0131n\u0131 art\u0131rmak i\u00e7in \u00e7al\u0131\u015ft\u0131klar\u0131n\u0131 belirterek, gen\u00e7lerin e\u011fitim ve kariyer planlamalar\u0131na yard\u0131mc\u0131 olmak amac\u0131yla Kariyer Merkezi Projesi&#8217;ni hayata ge\u00e7irdiklerini s\u00f6yledi.<\/p>\n<p>Toroslar Belediyesi Kariyer Merkezi ile  il\u00e7edeki istihdam\u0131n \u00f6n\u00fcn\u00fcn daha da a\u00e7\u0131laca\u011f\u0131n\u0131 belirten Ba\u015fkan Y\u0131lmaz; \u201cToroslar Belediyesi olarak \u00fcretim, istihdam ve yat\u0131r\u0131m konusuna \u00f6nem veriyoruz. Bu projelerimizden bir tanesi Kariyer Merkezimiz. Temennimiz, gen\u00e7lerimizin istedikleri ve hayal ettikleri mesle\u011fe sahip olmalar\u0131. Toroslar Belediyesi olarak, 41 bran\u015fta a\u00e7t\u0131\u011f\u0131m\u0131z Toroslar Belediyesi Teknik ve Mesleki E\u011fitim Kurslar\u0131m\u0131zda da kalifiye elaman yeti\u015ftirmenin mutlulu\u011funu ya\u015f\u0131yoruz. \u0130\u015fverenlerle ileti\u015fim halindeyiz. Mersin \u00dcniversitemizin Kariyer Merkezi ile de ortak proje ve etkinlikler yapmay\u0131 planl\u0131yoruz. Bu ama\u00e7la kurumlar aras\u0131 i\u015fbirli\u011fine \u00f6nem veriyoruz. Bilgi ve deneyimlerini bizlerle payla\u015ft\u0131\u011f\u0131 i\u00e7in Mersin \u00dcniversitesi Kariyer Merkezi M\u00fcd\u00fcr\u00fc Prof. Dr. Say\u0131n \u0130lhan Ege\u2019ye te\u015fekk\u00fcr ederiz&#8221; \u015feklinde konu\u015ftu.<\/p>\n","protected":false},"excerpt":{"rendered":"<p>Toroslar Belediye Ba\u015fkan\u0131 Ats\u0131z Af\u015f\u0131n Y\u0131lmaz&#8217;\u0131n, istihdam\u0131n art\u0131r\u0131lmas\u0131na y\u00f6nelik projelerinden biri olan &#8220;Kariyer Merkezi Projesi&#8221; hayata ge\u00e7ti. \u0130\u015eKUR ile imzalanan protokol sonras\u0131nda faaliyetlerine kurumlar aras\u0131 i\u015fbirli\u011fiyle devam eden Toroslar Belediyesi &hellip; <a href=\"https:\/\/akdenizolaygazetesi.com\/?p=11509\" class=\"more-link\">Devam\u0131n\u0131 Oku&#8230;<\/a><\/p>\n","protected":false},"author":2,"featured_media":11511,"comment_status":"open","ping_status":"open","sticky":false,"template":"","format":"standard","meta":[],"categories":[8,1,3,5],"tags":[],"_links":{"self":[{"href":"https:\/\/akdenizolaygazetesi.com\/index.php?rest_route=\/wp\/v2\/posts\/11509"}],"collection":[{"href":"https:\/\/akdenizolaygazetesi.com\/index.php?rest_route=\/wp\/v2\/posts"}],"about":[{"href":"https:\/\/akdenizolaygazetesi.com\/index.php?rest_route=\/wp\/v2\/types\/post"}],"author":[{"embeddable":true,"href":"https:\/\/akdenizolaygazetesi.com\/index.php?rest_route=\/wp\/v2\/users\/2"}],"replies":[{"embeddable":true,"href":"https:\/\/akdenizolaygazetesi.com\/index.php?rest_route=%2Fwp%2Fv2%2Fcomments&post=11509"}],"version-history":[{"count":2,"href":"https:\/\/akdenizolaygazetesi.com\/index.php?rest_route=\/wp\/v2\/posts\/11509\/revisions"}],"predecessor-version":[{"id":11512,"href":"https:\/\/akdenizolaygazetesi.com\/index.php?rest_route=\/wp\/v2\/posts\/11509\/revisions\/11512"}],"wp:featuredmedia":[{"embeddable":true,"href":"https:\/\/akdenizolaygazetesi.com\/index.php?rest_route=\/wp\/v2\/media\/11511"}],"wp:attachment":[{"href":"https:\/\/akdenizolaygazetesi.com\/index.php?rest_route=%2Fwp%2Fv2%2Fmedia&parent=11509"}],"wp:term":[{"taxonomy":"category","embeddable":true,"href":"https:\/\/akdenizolaygazetesi.com\/index.php?rest_route=%2Fwp%2Fv2%2Fcategories&post=11509"},{"taxonomy":"post_tag","embeddable":true,"href":"https:\/\/akdenizolaygazetesi.com\/index.php?rest_route=%2Fwp%2Fv2%2Ftags&post=11509"}],"curies":[{"name":"wp","href":"https:\/\/api.w.org\/{rel}","templated":true}]}}