{"id":1151,"date":"2020-11-04T18:21:45","date_gmt":"2020-11-04T15:21:45","guid":{"rendered":"http:\/\/mersinekonomipolitikagazetesi.com\/?p=1151"},"modified":"2020-11-04T18:21:45","modified_gmt":"2020-11-04T15:21:45","slug":"baskan-can-sporcularimizla-gurur-duyuyorum","status":"publish","type":"post","link":"https:\/\/akdenizolaygazetesi.com\/?p=1151","title":{"rendered":"Ba\u015fkan Can: \u201cSporcular\u0131m\u0131zla gurur duyuyorum\u201d"},"content":{"rendered":"<p>Tarsus Belediyesi Spor Kul\u00fcb\u00fc b\u00fcnyesinde faaliyet g\u00f6steren voleybol, boks, muaythai ve atletizm dal\u0131nda derece yapan sporcular, kazand\u0131klar\u0131 kupa ve madalyalarla birlikte Belediye Ba\u015fkan\u0131 \u015eevket Can\u2019\u0131 ziyaret ettiler.<\/p>\n<p>Sporcular\u0131 tek tek tebrik eden Ba\u015fkan Can, ba\u015far\u0131lar\u0131n\u0131n devam\u0131n\u0131 diledi. Can, \u201cTarsus Belediyesi Spor Kul\u00fcb\u00fc olarak gen\u00e7lere b\u00fcy\u00fck \u00f6nem veriyoruz. Hemen hemen sporun her dal\u0131nda m\u00fccadele veriyoruz. Amac\u0131m\u0131z gen\u00e7lerimizi gelece\u011fe en iyi \u015fekilde haz\u0131rlamaktad\u0131r. Bug\u00fcn verdi\u011fimiz m\u00fccadelenin hakl\u0131l\u0131\u011f\u0131 ortaya \u00e7\u0131km\u0131\u015f ve meyvelerini almaya ba\u015flad\u0131k. Ben sporcular\u0131m\u0131z\u0131 tebrik ediyor, ba\u015far\u0131lar\u0131n\u0131n devam\u0131n\u0131 diliyorum. Hepinizle gurur duyuyorum. Emek ve katk\u0131 sa\u011flayan hocalar\u0131m\u0131za ve sporcular\u0131m\u0131z\u0131n ailelerine de ayr\u0131ca te\u015fekk\u00fcr ediyorum\u201d dedi.<br \/>\nBa\u015fkan Can, sporcular\u0131n derecelerine g\u00f6re alt\u0131nla \u00f6d\u00fcllendirdi.<br \/>\nBuna g\u00f6re, Abuzer Topalo\u011flu 8-14 May\u0131s 2017 Elaz\u0131\u011f\u2019da yap\u0131lan Liseler aras\u0131 T\u00fcrkiye Boks \u015eampiyonas\u0131 Gen\u00e7ler Kategorisinde +80 kiloda 5 ma\u00e7 yap\u0131p T\u00fcrkiye \u015eampiyonu oldu. 16-17 Mart Alanya\u2019da yap\u0131lan T\u00fcrkiye Muaythai \u015eampiyonas\u0131nda G\u00fcl Yaram\u0131\u015f Gen\u00e7 Bayanlar kategorisinde T\u00fcrkiye 2.\u2019ncisi, Hazar Y\u0131ld\u0131z Gen\u00e7 Erkekler kategorisinde T\u00fcrkiye 3.\u2019nc\u00fcs\u00fc, T\u00fcrkiye\u2019nin en 32 tak\u0131m\u0131 aras\u0131nda giren Tarsus Belediyesi K\u00fc\u00e7\u00fck K\u0131zlar voleybol tak\u0131m\u0131 Mersin\u2019de yap\u0131lan m\u00fcsabakalarda Mersin birincisi olurken, Bursa\u2019da d\u00fczenlenecek olan turnuvada Mersin\u2019i temsil edecek.<br \/>\nAtletizmde Nursel Karata\u015f, New Balance Bozcada 10 kilometre ko\u015fusu genel klasmanda birinci olurken, \u00c7orum Uluslararas\u0131 3. Hitit Ko\u015fusu Genel Klasman 3\u2019\u00fcnc\u00fcs\u00fc, T\u00fcrkiye klasman\u0131nda 2. oldu.<\/p>\n","protected":false},"excerpt":{"rendered":"<p>Tarsus Belediyesi Spor Kul\u00fcb\u00fc b\u00fcnyesinde faaliyet g\u00f6steren voleybol, boks, muaythai ve atletizm dal\u0131nda derece yapan sporcular, kazand\u0131klar\u0131 kupa ve madalyalarla birlikte Belediye Ba\u015fkan\u0131 \u015eevket Can\u2019\u0131 ziyaret ettiler. Sporcular\u0131 tek tek &hellip; <a href=\"https:\/\/akdenizolaygazetesi.com\/?p=1151\" class=\"more-link\">Devam\u0131n\u0131 Oku&#8230;<\/a><\/p>\n","protected":false},"author":1,"featured_media":0,"comment_status":"open","ping_status":"open","sticky":false,"template":"","format":"standard","meta":[],"categories":[],"tags":[],"_links":{"self":[{"href":"https:\/\/akdenizolaygazetesi.com\/index.php?rest_route=\/wp\/v2\/posts\/1151"}],"collection":[{"href":"https:\/\/akdenizolaygazetesi.com\/index.php?rest_route=\/wp\/v2\/posts"}],"about":[{"href":"https:\/\/akdenizolaygazetesi.com\/index.php?rest_route=\/wp\/v2\/types\/post"}],"author":[{"embeddable":true,"href":"https:\/\/akdenizolaygazetesi.com\/index.php?rest_route=\/wp\/v2\/users\/1"}],"replies":[{"embeddable":true,"href":"https:\/\/akdenizolaygazetesi.com\/index.php?rest_route=%2Fwp%2Fv2%2Fcomments&post=1151"}],"version-history":[{"count":0,"href":"https:\/\/akdenizolaygazetesi.com\/index.php?rest_route=\/wp\/v2\/posts\/1151\/revisions"}],"wp:attachment":[{"href":"https:\/\/akdenizolaygazetesi.com\/index.php?rest_route=%2Fwp%2Fv2%2Fmedia&parent=1151"}],"wp:term":[{"taxonomy":"category","embeddable":true,"href":"https:\/\/akdenizolaygazetesi.com\/index.php?rest_route=%2Fwp%2Fv2%2Fcategories&post=1151"},{"taxonomy":"post_tag","embeddable":true,"href":"https:\/\/akdenizolaygazetesi.com\/index.php?rest_route=%2Fwp%2Fv2%2Ftags&post=1151"}],"curies":[{"name":"wp","href":"https:\/\/api.w.org\/{rel}","templated":true}]}}