{"id":11524,"date":"2021-03-27T15:55:20","date_gmt":"2021-03-27T12:55:20","guid":{"rendered":"http:\/\/akdenizolaygazetesi.com\/?p=11524"},"modified":"2021-03-27T15:55:47","modified_gmt":"2021-03-27T12:55:47","slug":"karla-kapanan-yollari-buyuksehir-ekipleri-acti","status":"publish","type":"post","link":"https:\/\/akdenizolaygazetesi.com\/?p=11524","title":{"rendered":"KARLA KAPANAN YOLLARI B\u00dcY\u00dcK\u015eEH\u0130R EK\u0130PLER\u0130 A\u00c7TI"},"content":{"rendered":"<p>Mersin\u2019e gelmek i\u00e7in yola \u00e7\u0131kan ve yo\u011fun tipi nedeniyle ara\u00e7lar\u0131 Ayranc\u0131-Erdemli yolunda kara saplanan 2 gencin ard\u0131ndan 4 g\u00fcnd\u00fcr aranan Ege Kabalak\u2019a da ula\u015f\u0131ld\u0131. Ege Kabalak, Mersin B\u00fcy\u00fck\u015fehir Belediyesi karla m\u00fccadele ekiplerinin de destekledi\u011fi uzun \u00e7al\u0131\u015fmalar\u0131n ard\u0131ndan kurtar\u0131ld\u0131.<\/p>\n<p>24 Mart \u00c7ar\u015famba g\u00fcn\u00fc Mersin\u2019e gelmek i\u00e7in arkada\u015flar\u0131 Rabia Bing\u00f6l ve Furkan Kele\u015f ile yola \u00e7\u0131kan Ege Kabalak\u2019\u0131n yo\u011fun tipi nedeniyle bulundu\u011fu ara\u00e7 kara sapland\u0131. Telefonlar\u0131 da \u00e7ekmeyen 3 gen\u00e7ten Furkan Kele\u015f\u2019in annesinin o\u011fluna ula\u015famad\u0131\u011f\u0131 i\u00e7in durumu AFAD ekiplerine bildirmesi \u00fczerine, Jandarma Arama Kurtarma timi, Karaman, Adana ve Mersin AFAD \u0130l M\u00fcd\u00fcrl\u00fc\u011f\u00fc ile UMKE ve Mersin B\u00fcy\u00fck\u015fehir Belediyesi Yol Yap\u0131m Bak\u0131m ve Onar\u0131m ekipleri yo\u011fun \u00e7al\u0131\u015fma ba\u015flatt\u0131.<\/p>\n<p>Kardan kapanan yollar\u0131 B\u00fcy\u00fck\u015fehir\u2019in karla m\u00fccadele ekipleri a\u00e7t\u0131<\/p>\n<p>B\u00fcy\u00fck\u015fehir Belediyesi\u2019nin 4 i\u015f makinesi, 2 treyler, 2 arazi arac\u0131 ve 1 akaryak\u0131t nakil arac\u0131 ile 10 ki\u015filik karla m\u00fccadele ekipleri kardan kapanan yollar\u0131 a\u00e7t\u0131. Arama kurtarma \u00e7al\u0131\u015fmalar\u0131 ile 25 Mart Per\u015fembe g\u00fcn\u00fc \u00f6nce Rabia Bing\u00f6l ve Furkan Kele\u015f\u2019e ula\u015f\u0131ld\u0131. 4 g\u00fcnd\u00fcr aranan Ege Kabalak\u2019a ise bug\u00fcn \u00f6\u011flen 13.00 s\u0131ralar\u0131nda Cocak dere vadisiyle Berdan \u00c7ay\u0131\u2019n\u0131n do\u011fdu\u011fu yer aras\u0131ndaki Su\u00e7at\u0131 mevkiinde ula\u015f\u0131ld\u0131.<\/p>\n<p>Bulundu\u011fu yerden 60 km boyunca y\u00fcr\u00fcyerek \u00c7aml\u0131yayla il\u00e7esi Sebil s\u0131n\u0131r\u0131na kadar ula\u015fan Kabalak\u2019a telefon sinyallerinden ula\u015f\u0131ld\u0131. Kabalak, kendisine ula\u015fan arama kurtarma ekiplerine ve Mersin B\u00fcy\u00fck\u015fehir Belediyesi\u2019ne te\u015fekk\u00fcr etti.<\/p>\n","protected":false},"excerpt":{"rendered":"<p>Mersin\u2019e gelmek i\u00e7in yola \u00e7\u0131kan ve yo\u011fun tipi nedeniyle ara\u00e7lar\u0131 Ayranc\u0131-Erdemli yolunda kara saplanan 2 gencin ard\u0131ndan 4 g\u00fcnd\u00fcr aranan Ege Kabalak\u2019a da ula\u015f\u0131ld\u0131. Ege Kabalak, Mersin B\u00fcy\u00fck\u015fehir Belediyesi karla &hellip; <a href=\"https:\/\/akdenizolaygazetesi.com\/?p=11524\" class=\"more-link\">Devam\u0131n\u0131 Oku&#8230;<\/a><\/p>\n","protected":false},"author":2,"featured_media":11526,"comment_status":"open","ping_status":"open","sticky":false,"template":"","format":"standard","meta":[],"categories":[7,34,1,3,5],"tags":[],"_links":{"self":[{"href":"https:\/\/akdenizolaygazetesi.com\/index.php?rest_route=\/wp\/v2\/posts\/11524"}],"collection":[{"href":"https:\/\/akdenizolaygazetesi.com\/index.php?rest_route=\/wp\/v2\/posts"}],"about":[{"href":"https:\/\/akdenizolaygazetesi.com\/index.php?rest_route=\/wp\/v2\/types\/post"}],"author":[{"embeddable":true,"href":"https:\/\/akdenizolaygazetesi.com\/index.php?rest_route=\/wp\/v2\/users\/2"}],"replies":[{"embeddable":true,"href":"https:\/\/akdenizolaygazetesi.com\/index.php?rest_route=%2Fwp%2Fv2%2Fcomments&post=11524"}],"version-history":[{"count":1,"href":"https:\/\/akdenizolaygazetesi.com\/index.php?rest_route=\/wp\/v2\/posts\/11524\/revisions"}],"predecessor-version":[{"id":11525,"href":"https:\/\/akdenizolaygazetesi.com\/index.php?rest_route=\/wp\/v2\/posts\/11524\/revisions\/11525"}],"wp:featuredmedia":[{"embeddable":true,"href":"https:\/\/akdenizolaygazetesi.com\/index.php?rest_route=\/wp\/v2\/media\/11526"}],"wp:attachment":[{"href":"https:\/\/akdenizolaygazetesi.com\/index.php?rest_route=%2Fwp%2Fv2%2Fmedia&parent=11524"}],"wp:term":[{"taxonomy":"category","embeddable":true,"href":"https:\/\/akdenizolaygazetesi.com\/index.php?rest_route=%2Fwp%2Fv2%2Fcategories&post=11524"},{"taxonomy":"post_tag","embeddable":true,"href":"https:\/\/akdenizolaygazetesi.com\/index.php?rest_route=%2Fwp%2Fv2%2Ftags&post=11524"}],"curies":[{"name":"wp","href":"https:\/\/api.w.org\/{rel}","templated":true}]}}