{"id":11527,"date":"2021-03-28T10:21:20","date_gmt":"2021-03-28T07:21:20","guid":{"rendered":"http:\/\/akdenizolaygazetesi.com\/?p=11527"},"modified":"2021-03-28T10:22:20","modified_gmt":"2021-03-28T07:22:20","slug":"baskan-gultak-odullu-demirci-ustasi-fatma-kalkani-atolyesinde-ziyaret-etti","status":"publish","type":"post","link":"https:\/\/akdenizolaygazetesi.com\/?p=11527","title":{"rendered":"BA\u015eKAN G\u00dcLTAK, \u00d6D\u00dcLL\u00dc DEM\u0130RC\u0130 USTASI FATMA KALKAN&#8217;I AT\u00d6LYES\u0130NDE Z\u0130YARET ETT\u0130"},"content":{"rendered":"<p>Akdeniz Belediye Ba\u015fkan\u0131 M. Mustafa G\u00fcltak, Akdeniz Belediyesi ile T\u0130SVA Mersin Mikrofinans \u015eubesi i\u015fbirli\u011finde ger\u00e7ekle\u015ftirilen proje kapsam\u0131ndaki mikro kredi deste\u011fi sayesinde, 10. Citibank &#8216;Umut Vaat Eden Kad\u0131n Giri\u015fimci \u00d6d\u00fcl\u00fc&#8217;ne lay\u0131k g\u00f6r\u00fclen Fatma Kalkan ve k\u0131z\u0131 Emine Kalkan&#8217;\u0131, at\u00f6lyelerinde ziyaret etti. B\u0131\u00e7ak ve sat\u0131r \u00fcreten demirci ustas\u0131 Fatma Kalkan ile demir d\u00f6ven Ba\u015fkan G\u00fcltak, &#8220;Bu han\u0131mefendileri t\u00fcm T\u00fcrkiye&#8217;ye tan\u0131taca\u011f\u0131z. Anne k\u0131z\u0131n azmini b\u00fct\u00fcn d\u00fcnyan\u0131n duymas\u0131 gerekiyor&#8221; dedi.<br \/>\nBa\u015fkan Mustafa G\u00fcltak, Akdeniz Belediyesi ile T\u00fcrkiye \u0130sraf\u0131 \u00d6nleme Vakf\u0131 (T\u0130SVA) Mersin Mikrofinans \u015eubesi i\u015fbirli\u011finde ger\u00e7ekle\u015ftirilen proje kapsam\u0131ndaki mikro kredi deste\u011fi sayesinde demirci ustas\u0131 olarak \u00e7al\u0131\u015fan kad\u0131n giri\u015fimci Fatma Kalkan ve ailesini at\u00f6lyelerinde ziyaret etti. Ba\u015fkan G\u00fcltak, yapm\u0131\u015f oldu\u011fu ziyaretten duydu\u011fu memnuniyeti dile getirerek, &#8220;Burada olmaktan dolay\u0131 \u00e7ok mutluyum. Mikro krediden faydalan\u0131p evine katk\u0131da bulunan Fatma Han\u0131m i\u015fini b\u00fcy\u00fctm\u00fc\u015f. K\u0131zlar\u0131 Emine&#8217;yi de bu yolda yeti\u015ftirmi\u015fler. O da bir yandan bu i\u015fin mesle\u011fini okuyor bir yandan da alayl\u0131s\u0131 say\u0131l\u0131r. \u0130n\u015fallah ileride g\u00fczel okullarda okuyup m\u00fchendis de olur&#8221; dedi.<br \/>\nBa\u015fkan G\u00fcltak; &#8220;927 kad\u0131na, 3 milyon 200 bin lira mikro kredi deste\u011fi verildi&#8221;<br \/>\nProje kapsam\u0131nda Mersin&#8217;de 927 kad\u0131na, 3 milyon 200 bin lira civar\u0131nda mikro kredi deste\u011fi sunuldu\u011funu ifade eden Ba\u015fkan G\u00fcltak, &#8220;Bu kad\u0131nlar\u0131m\u0131z bu kredileri kullanarak evlerine katk\u0131da bulunuyor. Fatma Han\u0131m hem anne, hem e\u015f hem de iyi bir i\u015f kad\u0131n\u0131 olarak kendini yeti\u015ftirmi\u015f. E\u015fine, ailesine ve \u00e7ocuklar\u0131na destek oluyor. Akdeniz Belediyesi olarak biz kad\u0131nlar\u0131m\u0131z\u0131n her zaman yan\u0131nda oldu\u011fumuzu s\u00f6ylemi\u015ftik. 2 tane kad\u0131n kooperatifimiz var.  Bunlar\u0131n sat\u0131\u015f noktalar\u0131nda her t\u00fcrl\u00fc \u00fcr\u00fcnlerini satmay\u0131 da te\u015fvik etmi\u015f durumday\u0131z. Dolay\u0131s\u0131yla kad\u0131n \u00fcretip eve katk\u0131da bulundu\u011funda hem \u00f6zg\u00fcveni y\u00fckseliyor hem de aile i\u00e7inde daha mutlu oluyor. B\u00f6yle mutlu bir aileden mutlu \u00e7ocuklar yeti\u015fiyor. Mutlu bir aile mutlu bir toplum, kuvvetli bir cumhuriyet demektir. Mikro kredi ile bu imkanlar sa\u011fland\u0131\u011f\u0131 i\u00e7in vakf\u0131m\u0131za da te\u015fekk\u00fcr ediyorum&#8221; \u015feklinde konu\u015ftu.<br \/>\n&#8220;Anne k\u0131z\u0131n azmini t\u00fcm d\u00fcnyan\u0131n duymas\u0131 gerekiyor&#8221;<br \/>\nFatma Kalkan&#8217;\u0131 \u00f6zellikle \u00e7al\u0131\u015ft\u0131\u011f\u0131 at\u00f6lyesinde ziyaret etti\u011fine vurgu yapan  Ba\u015fkan Mustafa G\u00fcltak, &#8220;Bizler bu han\u0131mefendileri t\u00fcm T\u00fcrkiye&#8217;ye tan\u0131taca\u011f\u0131z. Hatta anne k\u0131z\u0131n azmini t\u00fcm d\u00fcnyan\u0131n duymas\u0131 gerekiyor. Kad\u0131nlar\u0131n her i\u015fi yapabileceklerini, her i\u015fin alt\u0131ndan kalkabileceklerini, yeteneklerini sergileyebileceklerini ispatlayaca\u011f\u0131z. B\u00fct\u00fcn kad\u0131nlar\u0131m\u0131z \u00e7ok g\u00fc\u00e7l\u00fc ve her \u015feyi yapabiliyorlar. Hepsine te\u015fekk\u00fcr ediyorum&#8221; ifadelerini kulland\u0131.<br \/>\nFatma Kalkan; &#8220;\u00c7ok gururluyum&#8221;<br \/>\nE\u015fi ve k\u0131z\u0131 ile birlikte ayn\u0131 at\u00f6lyede \u00e7al\u0131\u015fan 3 \u00e7ocuk annesi Fatma Kalkan da &#8220;2013&#8217;te mikro kredi ile tan\u0131\u015ft\u0131m. Mikro krediden ald\u0131\u011f\u0131m kredi sayesinde e\u015fime destek oldum. K\u0131z\u0131m da bize dahil oldu. Bu konuda bir\u00e7ok \u00f6d\u00fcl ald\u0131k. Son olarak Citibank Umut Vaat Eden Kad\u0131n Giri\u015fimci \u00d6d\u00fcl\u00fc&#8217;ne lay\u0131k g\u00f6r\u00fcld\u00fcm. \u00c7ok gururluyum. Ba\u015fta Akdeniz Belediyesi olmak \u00fczere, T\u00fcrkiye \u0130sraf\u0131 \u00d6nleme Vakf\u0131&#8217;na da desteklerinden dolay\u0131 \u00e7ok te\u015fekk\u00fcr ederim&#8221; dedi.<br \/>\nEmine Kalkan; &#8220;Katk\u0131lar\u0131ndan dolay\u0131 herkese te\u015fekk\u00fcr ederim&#8221;<br \/>\nGiri\u015fimci Fatma Kalkan&#8217;\u0131n 19 ya\u015f\u0131ndaki k\u0131z\u0131 Emine Kalkan ise 8 y\u0131ld\u0131r ailesi ile beraber aral\u0131ks\u0131z \u00e7al\u0131\u015ft\u0131\u011f\u0131na dikkat \u00e7ekerek, &#8220;Mesleki E\u011fitim Merkezi&#8217;nde bu b\u00f6l\u00fcmde okuyan tek k\u0131z \u00f6\u011frenciyim. Mersin&#8217;de de Ahilik Haftas\u0131&#8217;nda kalfa olarak birinci se\u00e7ildim. \u00d6d\u00fcl\u00fcm\u00fc de Say\u0131n Valimiz Ali \u0130hsan Su&#8217;dan ald\u0131m. Anneme ve babama deste\u011fim her zaman s\u00fcrecek. Katk\u0131lar\u0131ndan dolay\u0131 herkese \u00e7ok te\u015fekk\u00fcr ederim&#8221; diye konu\u015ftu.<br \/>\nBa\u015fkan Mustafa G\u00fcltak ile demir d\u00f6ven Fatma Kalkan, i\u015f makinesi bilyesinden yapt\u0131klar\u0131 sat\u0131r ve b\u0131\u00e7aklar\u0131 da tan\u0131tarak, yurt i\u00e7i ve yurt d\u0131\u015f\u0131ndan da sipari\u015f ald\u0131klar\u0131n\u0131 dile getirdi.<\/p>\n","protected":false},"excerpt":{"rendered":"<p>Akdeniz Belediye Ba\u015fkan\u0131 M. Mustafa G\u00fcltak, Akdeniz Belediyesi ile T\u0130SVA Mersin Mikrofinans \u015eubesi i\u015fbirli\u011finde ger\u00e7ekle\u015ftirilen proje kapsam\u0131ndaki mikro kredi deste\u011fi sayesinde, 10. Citibank &#8216;Umut Vaat Eden Kad\u0131n Giri\u015fimci \u00d6d\u00fcl\u00fc&#8217;ne lay\u0131k &hellip; <a href=\"https:\/\/akdenizolaygazetesi.com\/?p=11527\" class=\"more-link\">Devam\u0131n\u0131 Oku&#8230;<\/a><\/p>\n","protected":false},"author":2,"featured_media":11529,"comment_status":"open","ping_status":"open","sticky":false,"template":"","format":"standard","meta":[],"categories":[34,1,2,3,5],"tags":[],"_links":{"self":[{"href":"https:\/\/akdenizolaygazetesi.com\/index.php?rest_route=\/wp\/v2\/posts\/11527"}],"collection":[{"href":"https:\/\/akdenizolaygazetesi.com\/index.php?rest_route=\/wp\/v2\/posts"}],"about":[{"href":"https:\/\/akdenizolaygazetesi.com\/index.php?rest_route=\/wp\/v2\/types\/post"}],"author":[{"embeddable":true,"href":"https:\/\/akdenizolaygazetesi.com\/index.php?rest_route=\/wp\/v2\/users\/2"}],"replies":[{"embeddable":true,"href":"https:\/\/akdenizolaygazetesi.com\/index.php?rest_route=%2Fwp%2Fv2%2Fcomments&post=11527"}],"version-history":[{"count":2,"href":"https:\/\/akdenizolaygazetesi.com\/index.php?rest_route=\/wp\/v2\/posts\/11527\/revisions"}],"predecessor-version":[{"id":11530,"href":"https:\/\/akdenizolaygazetesi.com\/index.php?rest_route=\/wp\/v2\/posts\/11527\/revisions\/11530"}],"wp:featuredmedia":[{"embeddable":true,"href":"https:\/\/akdenizolaygazetesi.com\/index.php?rest_route=\/wp\/v2\/media\/11529"}],"wp:attachment":[{"href":"https:\/\/akdenizolaygazetesi.com\/index.php?rest_route=%2Fwp%2Fv2%2Fmedia&parent=11527"}],"wp:term":[{"taxonomy":"category","embeddable":true,"href":"https:\/\/akdenizolaygazetesi.com\/index.php?rest_route=%2Fwp%2Fv2%2Fcategories&post=11527"},{"taxonomy":"post_tag","embeddable":true,"href":"https:\/\/akdenizolaygazetesi.com\/index.php?rest_route=%2Fwp%2Fv2%2Ftags&post=11527"}],"curies":[{"name":"wp","href":"https:\/\/api.w.org\/{rel}","templated":true}]}}