{"id":1155,"date":"2020-11-04T18:21:45","date_gmt":"2020-11-04T15:21:45","guid":{"rendered":"http:\/\/mersinekonomipolitikagazetesi.com\/?p=1155"},"modified":"2020-11-04T18:21:45","modified_gmt":"2020-11-04T15:21:45","slug":"eski-bakanin-agabeyi-kiracisi-tarafindan-olduruldu","status":"publish","type":"post","link":"https:\/\/akdenizolaygazetesi.com\/?p=1155","title":{"rendered":"Eski bakan\u0131n a\u011fabeyi, kirac\u0131s\u0131 taraf\u0131ndan \u00f6ld\u00fcr\u00fcld\u00fc"},"content":{"rendered":"<p>Mersin\u2019in Tarsus il\u00e7esinde, ev sahibi ile kirac\u0131 aras\u0131nda \u00e7\u0131kan kavgada, ev sahibi b\u0131\u00e7akla \u00f6ld\u00fcr\u00fcld\u00fc. Ev sahibinin, eski Ula\u015ft\u0131rma Bakan\u0131 Enis \u00d6ks\u00fcz\u2019\u00fcn a\u011fabeyi Abdulvahit \u00d6ks\u00fcz oldu\u011fu \u00f6\u011frenildi.<\/p>\n<p>Al\u0131nan bilgiye g\u00f6re, Ergenekon Mahallesi\u2019nde ikamet eden kirac\u0131 Nurettin K. (49) ile eski Ula\u015ft\u0131rma Bakan\u0131 Enis \u00d6ks\u00fcz\u2019\u00fcn a\u011fabeyi ev sahibi Abdulvahit \u00d6ks\u00fcz (66) aras\u0131nda tart\u0131\u015fma \u00e7\u0131kt\u0131. Mutfakta devam eden tart\u0131\u015fman\u0131n kavgaya d\u00f6n\u00fc\u015fmesi \u00fczerine Nurettin K., Abdulvahit \u00d6ks\u00fcz\u2019\u00fc v\u00fccudunun 5 yerinden b\u0131\u00e7aklad\u0131. A\u011f\u0131r yaralanan 5 \u00e7ocuk babas\u0131 \u00d6ks\u00fcz, 112 Acil Servisi ile hastaneye kald\u0131r\u0131ld\u0131. Ameliyata al\u0131nan \u00d6ks\u00fcz yap\u0131lan t\u00fcm m\u00fcdahalelere ra\u011fmen kurtar\u0131lamad\u0131. Olaydan sonra firar eden Nurettin K.\u2019nin yakalanmas\u0131 i\u00e7in g\u00fcvenlik g\u00fc\u00e7leri geni\u015f \u00e7al\u0131\u015fma yap\u0131yor.<br \/>\nOlayla ilgili soru\u015fturma devam ediyor.<\/p>\n","protected":false},"excerpt":{"rendered":"<p>Mersin\u2019in Tarsus il\u00e7esinde, ev sahibi ile kirac\u0131 aras\u0131nda \u00e7\u0131kan kavgada, ev sahibi b\u0131\u00e7akla \u00f6ld\u00fcr\u00fcld\u00fc. Ev sahibinin, eski Ula\u015ft\u0131rma Bakan\u0131 Enis \u00d6ks\u00fcz\u2019\u00fcn a\u011fabeyi Abdulvahit \u00d6ks\u00fcz oldu\u011fu \u00f6\u011frenildi. Al\u0131nan bilgiye g\u00f6re, Ergenekon &hellip; <a href=\"https:\/\/akdenizolaygazetesi.com\/?p=1155\" class=\"more-link\">Devam\u0131n\u0131 Oku&#8230;<\/a><\/p>\n","protected":false},"author":1,"featured_media":0,"comment_status":"open","ping_status":"open","sticky":false,"template":"","format":"standard","meta":[],"categories":[],"tags":[],"_links":{"self":[{"href":"https:\/\/akdenizolaygazetesi.com\/index.php?rest_route=\/wp\/v2\/posts\/1155"}],"collection":[{"href":"https:\/\/akdenizolaygazetesi.com\/index.php?rest_route=\/wp\/v2\/posts"}],"about":[{"href":"https:\/\/akdenizolaygazetesi.com\/index.php?rest_route=\/wp\/v2\/types\/post"}],"author":[{"embeddable":true,"href":"https:\/\/akdenizolaygazetesi.com\/index.php?rest_route=\/wp\/v2\/users\/1"}],"replies":[{"embeddable":true,"href":"https:\/\/akdenizolaygazetesi.com\/index.php?rest_route=%2Fwp%2Fv2%2Fcomments&post=1155"}],"version-history":[{"count":0,"href":"https:\/\/akdenizolaygazetesi.com\/index.php?rest_route=\/wp\/v2\/posts\/1155\/revisions"}],"wp:attachment":[{"href":"https:\/\/akdenizolaygazetesi.com\/index.php?rest_route=%2Fwp%2Fv2%2Fmedia&parent=1155"}],"wp:term":[{"taxonomy":"category","embeddable":true,"href":"https:\/\/akdenizolaygazetesi.com\/index.php?rest_route=%2Fwp%2Fv2%2Fcategories&post=1155"},{"taxonomy":"post_tag","embeddable":true,"href":"https:\/\/akdenizolaygazetesi.com\/index.php?rest_route=%2Fwp%2Fv2%2Ftags&post=1155"}],"curies":[{"name":"wp","href":"https:\/\/api.w.org\/{rel}","templated":true}]}}