{"id":1156,"date":"2020-11-04T18:21:45","date_gmt":"2020-11-04T15:21:45","guid":{"rendered":"http:\/\/mersinekonomipolitikagazetesi.com\/?p=1156"},"modified":"2020-11-04T18:21:45","modified_gmt":"2020-11-04T15:21:45","slug":"silifke-belediyesi-bisiklet-kriteryumu-duzenleyecek","status":"publish","type":"post","link":"https:\/\/akdenizolaygazetesi.com\/?p=1156","title":{"rendered":"Silifke Belediyesi Bisiklet Kriteryumu d\u00fczenleyecek"},"content":{"rendered":"<p>Silifke\u2019de bu y\u0131l 44.\u2019s\u00fc d\u00fczenlenecek olan Uluslararas\u0131 M\u00fczik ve Folklor Festivali etkinlikleri kapsam\u0131nda Bisiklet Kriteryumu yap\u0131lacak.<\/p>\n<p>Turkcell G\u00fcne\u015f Saat\u00e7ilik\u2018in katk\u0131lar\u0131yla d\u00fczenlenecek olan bisiklet kriteryumunda dereceye giren sporculara 44. y\u0131l an\u0131s\u0131na 44 hediye verilecek. Ge\u00e7ti\u011fimiz y\u0131l yakla\u015f\u0131k 300 ki\u015finin kat\u0131l\u0131m\u0131yla d\u00fczenlenen bisiklet kriteryumuna bu y\u0131l daha yo\u011fun bir kat\u0131l\u0131m ger\u00e7ekle\u015fmesi bekleniyor.<br \/>\n21 May\u0131s Pazar g\u00fcn\u00fc saat 18.00\u2019de yap\u0131lacak olan kriteryuma t\u00fcm Silifke halk\u0131n\u0131 davet eden Belediye Ba\u015fkan\u0131 Mustafa Turgut, &#8220;44 y\u0131ld\u0131r kutlanan bu festivaller sayesinde Silifke, ad\u0131n\u0131 T\u00fcrkiye&#8217;ye oldu\u011fu gibi t\u00fcm d\u00fcnyaya duyurmu\u015ftur. Silifke halk\u0131, ge\u00e7mi\u015fine sahip \u00e7\u0131karak bu de\u011ferlerini korumu\u015ftur. Akdeniz\u2019in incisi olan bu g\u00fczel il\u00e7e, tarihi dokusu ve tabii g\u00fczellikleriyle yerli ve yabanc\u0131 turistlerin dikkatini \u00e7ekmektedir. Festival dolay\u0131s\u0131yla gelen konuklar\u0131m\u0131z, il\u00e7emizin tan\u0131t\u0131m\u0131na b\u00fcy\u00fck katk\u0131 sa\u011flamaktad\u0131rlar. Her y\u0131l farkl\u0131 bir \u00f6zelli\u011fini ve zenginli\u011fi kutlad\u0131\u011f\u0131m\u0131z festivalimizi art\u0131k Uluslararas\u0131 M\u00fczik ve Folklor Festivali olarak kutlayaca\u011f\u0131z.<br \/>\nBu festivalimiz kapsam\u0131nda d\u00fczenledi\u011fimiz konserler, yar\u0131\u015fmalar, turnuvalar, tiyatro etkinlikleri ve bisiklet kriteryumu gibi daha sayabilece\u011fimiz bir\u00e7ok etkinlik yer al\u0131yor. Bunlardan bir tanesi de her y\u0131l geleneksel hale getirdi\u011fimiz Bisiklet Kriteryumu oldu. B\u00fct\u00fcn bisiklet tutkunlar\u0131m\u0131z\u0131 bu kriteryuma bekliyoruz\u201d dedi.<br \/>\nSilifke\u2019de y\u0131ld\u0131zlar sahne alacak<br \/>\nBa\u015fkan Turgut, 20-25 May\u0131s tarihleri aras\u0131nda kutlanacak olan Uluslararas\u0131 M\u00fczik ve Folklor Festivali etkinlikleri i\u00e7erisinde, 20 May\u0131s Cumartesi g\u00fcn\u00fc Mabel Matiz&#8217;i, 21 May\u0131s Pazar g\u00fcn\u00fc Halil Sezai&#8217;yi, 22 May\u0131s Pazartesi g\u00fcn\u00fc Duman&#8217;\u0131, 23 May\u0131s Sal\u0131 g\u00fcn\u00fc \u00d6zlem \u00d6zdil&#8217;i, 24 May\u0131s \u00c7ar\u015famba g\u00fcn\u00fc Buray&#8217;\u0131 ve 25 May\u0131s Per\u015fembe g\u00fcn\u00fc Linet&#8217;i konuk edeceklerini belirtti. Ge\u00e7mi\u015f y\u0131llarda oldu\u011fu gibi bu y\u0131l da Silifke\u2019de k\u00fclt\u00fcr co\u015fkusunun en iyi \u015fekilde ya\u015fanaca\u011f\u0131n\u0131 ifade eden Turgut, \u201cHer y\u0131l kutlad\u0131\u011f\u0131m\u0131z ve geleneksel hale getirdi\u011fimiz 44. Uluslararas\u0131 Silifke M\u00fczik ve Folklor Festivalimiz, bu y\u0131l da halk\u0131m\u0131za a\u00e7\u0131k ve \u00fccretsiz olacakt\u0131r. Bir Y\u00f6r\u00fck yurdu olan Silifkemizde 1974 y\u0131l\u0131ndan beri k\u00fclt\u00fcr de\u011ferlerimizi ya\u015fatmak, canl\u0131 tutmak ve bunu yurt i\u00e7inden ve yurt d\u0131\u015f\u0131ndan gelen insanlara tan\u0131tmak i\u00e7in festivaller yap\u0131yoruz. 1974 y\u0131l\u0131nda M\u00fczik ve Folklor Festivali olarak ba\u015flayan ve 44 y\u0131ld\u0131r ba\u015far\u0131l\u0131 bir \u015fekilde kutlad\u0131\u011f\u0131m\u0131z festivalimizi bu y\u0131l da ger\u00e7ekle\u015ftirmenin heyecan\u0131n\u0131 ve co\u015fkusunu ya\u015famaktay\u0131z. G\u00f6reve geldi\u011fimiz andan itibaren sanat\u0131n, k\u00fclt\u00fcr\u00fcn, sporun ve bar\u0131\u015f\u0131n kenti olma yolunda ba\u015far\u0131l\u0131 hizmetler ger\u00e7ekle\u015ftirdik. Bu hedefte ve yolumuzda her ge\u00e7en g\u00fcn \u015fevkle, heyecanla ve gururla y\u00fcr\u00fcmeye devam edece\u011fiz. Yakla\u015f\u0131k 3 bin y\u0131ll\u0131k tarihe ve e\u015fsiz g\u00fczelliklere sahip olan Silifkemize en iyi hizmetleri sunmak, benim ve mesai arkada\u015flar\u0131m i\u00e7in b\u00fcy\u00fck bir onur olmaya devam edecektir. K\u00fclt\u00fcr Haftam\u0131z\u0131n hay\u0131rl\u0131 u\u011furlu olmas\u0131n\u0131 diler, b\u00fct\u00fcn halk\u0131m\u0131za en i\u00e7ten sevgi ve sayg\u0131lar\u0131m\u0131 sunar\u0131m\u201d ifadelerini kulland\u0131.<\/p>\n","protected":false},"excerpt":{"rendered":"<p>Silifke\u2019de bu y\u0131l 44.\u2019s\u00fc d\u00fczenlenecek olan Uluslararas\u0131 M\u00fczik ve Folklor Festivali etkinlikleri kapsam\u0131nda Bisiklet Kriteryumu yap\u0131lacak. Turkcell G\u00fcne\u015f Saat\u00e7ilik\u2018in katk\u0131lar\u0131yla d\u00fczenlenecek olan bisiklet kriteryumunda dereceye giren sporculara 44. y\u0131l an\u0131s\u0131na &hellip; <a href=\"https:\/\/akdenizolaygazetesi.com\/?p=1156\" class=\"more-link\">Devam\u0131n\u0131 Oku&#8230;<\/a><\/p>\n","protected":false},"author":1,"featured_media":0,"comment_status":"open","ping_status":"open","sticky":false,"template":"","format":"standard","meta":[],"categories":[],"tags":[],"_links":{"self":[{"href":"https:\/\/akdenizolaygazetesi.com\/index.php?rest_route=\/wp\/v2\/posts\/1156"}],"collection":[{"href":"https:\/\/akdenizolaygazetesi.com\/index.php?rest_route=\/wp\/v2\/posts"}],"about":[{"href":"https:\/\/akdenizolaygazetesi.com\/index.php?rest_route=\/wp\/v2\/types\/post"}],"author":[{"embeddable":true,"href":"https:\/\/akdenizolaygazetesi.com\/index.php?rest_route=\/wp\/v2\/users\/1"}],"replies":[{"embeddable":true,"href":"https:\/\/akdenizolaygazetesi.com\/index.php?rest_route=%2Fwp%2Fv2%2Fcomments&post=1156"}],"version-history":[{"count":0,"href":"https:\/\/akdenizolaygazetesi.com\/index.php?rest_route=\/wp\/v2\/posts\/1156\/revisions"}],"wp:attachment":[{"href":"https:\/\/akdenizolaygazetesi.com\/index.php?rest_route=%2Fwp%2Fv2%2Fmedia&parent=1156"}],"wp:term":[{"taxonomy":"category","embeddable":true,"href":"https:\/\/akdenizolaygazetesi.com\/index.php?rest_route=%2Fwp%2Fv2%2Fcategories&post=1156"},{"taxonomy":"post_tag","embeddable":true,"href":"https:\/\/akdenizolaygazetesi.com\/index.php?rest_route=%2Fwp%2Fv2%2Ftags&post=1156"}],"curies":[{"name":"wp","href":"https:\/\/api.w.org\/{rel}","templated":true}]}}