{"id":11562,"date":"2021-03-30T12:09:15","date_gmt":"2021-03-30T09:09:15","guid":{"rendered":"http:\/\/akdenizolaygazetesi.com\/?p=11562"},"modified":"2021-03-30T12:10:25","modified_gmt":"2021-03-30T09:10:25","slug":"korucular-mahallesine-erik-boylama-atolyesi-yapildi","status":"publish","type":"post","link":"https:\/\/akdenizolaygazetesi.com\/?p=11562","title":{"rendered":"&#8220;Korucular Mahallesi&#8217;ne Erik Boylama At\u00f6lyesi Yap\u0131ld\u0131&#8221;"},"content":{"rendered":"<p>Toroslar Belediyesi, ge\u00e7imini erik ve cennet meyvesi \u00fcretiminden sa\u011flayan Korucular Mahallesi&#8217;ndeki \u00e7ift\u00e7ilerin, hava ko\u015fullar\u0131ndan etkilenmemeleri i\u00e7in erik boylama at\u00f6lyesi yapt\u0131.<\/p>\n<p>Toroslar Belediye Ba\u015fkan\u0131 Ats\u0131z Af\u015f\u0131n Y\u0131lmaz; &#8220;Tar\u0131msal alanda \u00f6nemli bir yere sahip il\u00e7emizin daha fazla kalk\u0131nmas\u0131n\u0131, \u00e7ift\u00e7imizin, \u00fcreticimizin eme\u011finin kar\u015f\u0131l\u0131\u011f\u0131n\u0131 daha fazla almas\u0131n\u0131 istiyoruz&#8221; dedi.<\/p>\n<p>Belediye b\u00fcnyesinde K\u0131rsal Hizmetler M\u00fcd\u00fcrl\u00fc\u011f\u00fc&#8217;n\u00fc kurarak hayata ge\u00e7irdi\u011fi projeler ve farkl\u0131 \u00fcretim metotlar\u0131yla \u00e7ift\u00e7ilerin her zaman yan\u0131nda olan Toroslar Belediyesi&#8217;nin tar\u0131msal kalk\u0131nma hamlesi s\u00fcr\u00fcyor.<\/p>\n<p>Toroslar Belediye Ba\u015fkan\u0131 Ats\u0131z Af\u015f\u0131n Y\u0131lmaz, Korucular Mahallesi&#8217;ndeki \u00e7ift\u00e7ilerin at\u00f6lye iste\u011fine kay\u0131ts\u0131z kalmayarak, \u00e7ift\u00e7ilerin boylama a\u015famas\u0131nda k\u0131\u015f\u0131n ya\u011fmurdan, yaz\u0131n da g\u00fcne\u015ften korunmalar\u0131n\u0131 sa\u011flayacak at\u00f6lye yapt\u0131.<\/p>\n<p>&#8220;Kad\u0131n \u00c7ift\u00e7ilerin \u00d6rnek Ba\u015far\u0131s\u0131na Bir Destek de Ba\u015fkan Y\u0131lmaz&#8217;dan&#8221;<\/p>\n<p>G\u00fcn\u00fcm\u00fczde tar\u0131m\u0131n bel kemi\u011fi olan kad\u0131nlar, Toroslar&#8217;da da ekonomiye b\u00fcy\u00fck katk\u0131 sa\u011fl\u0131yor. Erik cenneti Korucular Mahallesi&#8217;nde ya\u015fayan Fatma G\u00f6k de \u00fcretimin \u00f6nemli bir par\u00e7as\u0131 olarak, topra\u011f\u0131 eme\u011fiyle bereketlendiriyor.<\/p>\n<p>Erik hasad\u0131 ard\u0131ndan i\u015f\u00e7ili\u011fi en zor olan boylama a\u015famas\u0131nda \u00f6nemli rol \u00fcstlenen kad\u0131nlardan olan G\u00f6k, \u00e7ift\u00e7ili\u011fi bir tutkuya d\u00f6n\u00fc\u015ft\u00fcrerek, ba\u015farman\u0131n, \u00fcretmenin ve aile ekonomisine destek sa\u011flaman\u0131n mutlulu\u011funu ya\u015fad\u0131\u011f\u0131n\u0131  s\u00f6yledi.<\/p>\n<p>&#8220;Ba\u015far\u0131l\u0131 bir kad\u0131n \u00e7ift\u00e7i olmak tamamen g\u00fcvenle ilgili&#8221; diyen G\u00f6k; &#8220;Ge\u00e7imimizi, erik ve cennet meyvesi \u00fcretiminden elde ediyoruz. Erik boylama a\u015famas\u0131n\u0131 imece usul\u00fc yap\u0131yor, ambalaj ve dizim i\u015flemini ise kad\u0131n \u00e7ift\u00e7iler olarak bizler \u00fcstleniyoruz. Fakat bir at\u00f6lyemiz yoktu ve hava ko\u015fullar\u0131 bizi etkiliyordu. Talebimize kulak vererek bize at\u00f6lye yapan ba\u015fkan\u0131m\u0131za deste\u011finden dolay\u0131 \u00e7ok te\u015fekk\u00fcr ederiz&#8221; diye konu\u015ftu.<\/p>\n<p>&#8220;Bu At\u00f6lye Bize Can Suyu Oldu&#8221;<\/p>\n<p>Mahalle sakinlerinden Mehmet Soy da eri\u011fin ge\u00e7im kaynaklar\u0131 oldu\u011funu s\u00f6yleyerek; &#8220;Ya\u015fam\u0131m\u0131z ve ge\u00e7im kayna\u011f\u0131m\u0131z buras\u0131. Erik boylama at\u00f6lyesi i\u00e7in ba\u015fkan\u0131m\u0131za te\u015fekk\u00fcr ederiz. At\u00f6lyenin bulundu\u011fu alan k\u00f6y\u00fcm\u00fczde herkesin ula\u015fabilece\u011fi bir noktada. Erik boylama, i\u015f\u00e7ilik gerektiren me\u015fakkatli bir i\u015flem. Bu at\u00f6lye, bizim elimizi daha da rahatlatacak. Ba\u015fkan\u0131m\u0131z Ats\u0131z Af\u015f\u0131n Y\u0131lmaz&#8217;a te\u015fekk\u00fcr ederiz&#8221; dedi.<\/p>\n<p>Tar\u0131mc\u0131l\u0131kla u\u011fra\u015fan mahalle sakini Ramazan Ersoy da; &#8220;K\u00f6y\u00fcm\u00fcz, do\u011fas\u0131 bak\u0131m\u0131ndan \u00e7ok g\u00fczel bir yer. At\u00f6lye iste\u011fimizi ba\u015fkan\u0131m\u0131za iletmi\u015ftik. \u0130ste\u011fimizi yerine getirerek, k\u00f6y\u00fcm\u00fcze g\u00fczel bir at\u00f6lye kazand\u0131rd\u0131. Ba\u015fkan\u0131m\u0131zdan Allah raz\u0131 olsun&#8221; ifadelerini kulland\u0131.<\/p>\n<p>Y\u0131llard\u0131r \u00e7ift\u00e7ilikle u\u011fra\u015ft\u0131\u011f\u0131n\u0131 belirten mahalle sakini \u0130smail Soy ise, at\u00f6lyenin herkesin ula\u015fabilece\u011fi merkez bir alanda bulundu\u011funu dile getirerek, \u00fcreticilerin her zaman yan\u0131nda oldu\u011fu i\u00e7in Ba\u015fkan Y\u0131lmaz&#8217;a te\u015fekk\u00fcr etti.<\/p>\n<p>Muhtar Ersoy; &#8221; Ba\u015fkan\u0131m\u0131z \u00c7ift\u00e7ilikten Geldi\u011fi \u0130\u00e7in Bizim Halimizden Anl\u0131yor&#8221;<\/p>\n<p>Korucular Mahalle Muhtar\u0131 Hamza Ersoy da Ba\u015fkan Y\u0131lmaz&#8217;\u0131n her zaman yanlar\u0131nda oldu\u011funu vurgulayarak; &#8220;K\u00f6y\u00fcm\u00fcz, 450 ile 550 rak\u0131m aras\u0131ndad\u0131r. Ge\u00e7im kayna\u011f\u0131m\u0131z cennet meyvesi ve can eri\u011fi dedi\u011fimiz erik t\u00fcr\u00fcnden olu\u015fmaktad\u0131r. Ba\u015fkan\u0131m\u0131z da \u00e7ift\u00e7ilikten geldi\u011fi i\u00e7in bizim halimizden anl\u0131yor. Kendisinden bu at\u00f6lyenin yap\u0131lmas\u0131n\u0131 istedik. Ve \u00e7ok k\u0131sa bir s\u00fcrede yap\u0131ld\u0131. Ats\u0131z ba\u015fkan\u0131m\u0131z, \u00e7ift\u00e7inin \u00f6n\u00fcn\u00fc, ufkunu a\u00e7an hizmetleriyle bizleri destekliyor. Kendisine \u00e7ok  te\u015fekk\u00fcr ederiz&#8221; dedi.<\/p>\n<p>Ba\u015fkan Y\u0131lmaz; &#8220;\u00dcreticilerimizi Desteklemeye Devam Edece\u011fiz&#8221;<\/p>\n<p>Toroslar Belediye Ba\u015fkan\u0131 Ats\u0131z Af\u015f\u0131n Y\u0131lmaz da Toroslar&#8217;da \u00fcretimin s\u00fcrd\u00fcr\u00fclebilmesi ve \u00fcreticinin eme\u011finin kar\u015f\u0131l\u0131\u011f\u0131n\u0131 alabilmesi i\u00e7in \u00e7aba g\u00f6sterdiklerini belirterek; &#8220;Toroslar\u0131m\u0131z\u0131n ekonomisinin b\u00fcy\u00fcmesi, il\u00e7emizde ya\u015fayan vatanda\u015flar\u0131m\u0131z\u0131n refah\u0131n\u0131n da artmas\u0131 demektir&#8221; dedi.<\/p>\n<p>&#8220;Bu anlamda Ar-Ge, tar\u0131m, turizm ve istihdam odakl\u0131 projelerimizi s\u00fcrd\u00fcr\u00fcyoruz&#8221; diyen Ba\u015fkan Y\u0131lmaz; &#8220;\u0130l\u00e7emizin en \u00f6nemli ekonomik kayna\u011f\u0131 tar\u0131m ve hayvanc\u0131l\u0131k. Hayata ge\u00e7irdi\u011fimiz ve hedefledi\u011fimiz projelerle bu potansiyeli daha da art\u0131raca\u011f\u0131z. E\u015fsiz g\u00fczelli\u011fe sahip b\u00f6lgemizde yeti\u015fen can eri\u011fimiz, kentimiz ve \u00fclkemiz i\u00e7in \u00f6nemli bir de\u011fer. \u00dcreticilerimize sa\u011flad\u0131\u011f\u0131m\u0131z destekle \u00fcretilen \u00fcr\u00fcn\u00fcn de\u011ferini koruyabilmek bizim i\u00e7in mutluluk verici. Erik boylama at\u00f6lyemizin Korucular Mahallemize, \u00fcreticilerimize hay\u0131rl\u0131 olmas\u0131n\u0131 diliyor, t\u00fcm \u00e7ift\u00e7ilerimizin bereketli bir hasat d\u00f6nemi ge\u00e7irmelerini temenni ediyorum&#8221; \u015feklinde konu\u015ftu.<\/p>\n","protected":false},"excerpt":{"rendered":"<p>Toroslar Belediyesi, ge\u00e7imini erik ve cennet meyvesi \u00fcretiminden sa\u011flayan Korucular Mahallesi&#8217;ndeki \u00e7ift\u00e7ilerin, hava ko\u015fullar\u0131ndan etkilenmemeleri i\u00e7in erik boylama at\u00f6lyesi yapt\u0131. Toroslar Belediye Ba\u015fkan\u0131 Ats\u0131z Af\u015f\u0131n Y\u0131lmaz; &#8220;Tar\u0131msal alanda \u00f6nemli bir &hellip; <a href=\"https:\/\/akdenizolaygazetesi.com\/?p=11562\" class=\"more-link\">Devam\u0131n\u0131 Oku&#8230;<\/a><\/p>\n","protected":false},"author":2,"featured_media":11564,"comment_status":"open","ping_status":"open","sticky":false,"template":"","format":"standard","meta":[],"categories":[8,1,2,3,5],"tags":[],"_links":{"self":[{"href":"https:\/\/akdenizolaygazetesi.com\/index.php?rest_route=\/wp\/v2\/posts\/11562"}],"collection":[{"href":"https:\/\/akdenizolaygazetesi.com\/index.php?rest_route=\/wp\/v2\/posts"}],"about":[{"href":"https:\/\/akdenizolaygazetesi.com\/index.php?rest_route=\/wp\/v2\/types\/post"}],"author":[{"embeddable":true,"href":"https:\/\/akdenizolaygazetesi.com\/index.php?rest_route=\/wp\/v2\/users\/2"}],"replies":[{"embeddable":true,"href":"https:\/\/akdenizolaygazetesi.com\/index.php?rest_route=%2Fwp%2Fv2%2Fcomments&post=11562"}],"version-history":[{"count":2,"href":"https:\/\/akdenizolaygazetesi.com\/index.php?rest_route=\/wp\/v2\/posts\/11562\/revisions"}],"predecessor-version":[{"id":11565,"href":"https:\/\/akdenizolaygazetesi.com\/index.php?rest_route=\/wp\/v2\/posts\/11562\/revisions\/11565"}],"wp:featuredmedia":[{"embeddable":true,"href":"https:\/\/akdenizolaygazetesi.com\/index.php?rest_route=\/wp\/v2\/media\/11564"}],"wp:attachment":[{"href":"https:\/\/akdenizolaygazetesi.com\/index.php?rest_route=%2Fwp%2Fv2%2Fmedia&parent=11562"}],"wp:term":[{"taxonomy":"category","embeddable":true,"href":"https:\/\/akdenizolaygazetesi.com\/index.php?rest_route=%2Fwp%2Fv2%2Fcategories&post=11562"},{"taxonomy":"post_tag","embeddable":true,"href":"https:\/\/akdenizolaygazetesi.com\/index.php?rest_route=%2Fwp%2Fv2%2Ftags&post=11562"}],"curies":[{"name":"wp","href":"https:\/\/api.w.org\/{rel}","templated":true}]}}