{"id":11570,"date":"2021-03-30T12:15:08","date_gmt":"2021-03-30T09:15:08","guid":{"rendered":"http:\/\/akdenizolaygazetesi.com\/?p=11570"},"modified":"2021-03-30T12:15:46","modified_gmt":"2021-03-30T09:15:46","slug":"mobil-kuafor-kirsaldan-takdir-toplamaya-devam-ediyor","status":"publish","type":"post","link":"https:\/\/akdenizolaygazetesi.com\/?p=11570","title":{"rendered":"MOB\u0130L KUAF\u00d6R, KIRSALDAN TAKD\u0130R TOPLAMAYA DEVAM ED\u0130YOR"},"content":{"rendered":"<p>Mersin B\u00fcy\u00fck\u015fehir Belediyesi taraf\u0131ndan yakla\u015f\u0131k 5 ay \u00f6nce hayata ge\u00e7irilen ve \u00f6nemli bir sosyal belediyecilik \u00f6rne\u011fi olan \u201cMobil Kuaf\u00f6r\u201d projesi, k\u0131rsalda hizmet vermeye devam ediyor. 2020 y\u0131l\u0131 Ekim ay\u0131nda hizmet vermeye ba\u015flayan Mobil Kuaf\u00f6r, bug\u00fcne kadar yakla\u015f\u0131k 2 bin ki\u015fiye ula\u015ft\u0131.<\/p>\n<p>\u201cYar Sa\u00e7lar\u0131n L\u00fcle L\u00fcle\u201d slogan\u0131yla hizmet vermeye devam eden Mobil Kuaf\u00f6r, k\u0131rsal kesimlerde il\u00e7e il\u00e7e dola\u015farak kuaf\u00f6rl\u00fck hizmetini vatanda\u015flar\u0131n aya\u011f\u0131na g\u00f6t\u00fcr\u00fcyor. Gidilen yerlerde k\u00f6y meydan\u0131na park edilen Mobil Kuaf\u00f6r arac\u0131n\u0131 g\u00f6ren ve duyan k\u00f6yl\u00fcler, hizmetten faydalanmak i\u00e7in s\u0131raya giriyor.<\/p>\n<p>T\u00fcm sa\u011fl\u0131k ve hijyen kurallar\u0131na titizlikle dikkat edilen Mobil Kuaf\u00f6r\u2019den, her kesimden vatanda\u015f faydalan\u0131yor. Pandemi \u00f6nlemleri kapsam\u0131nda Mobil Kuaf\u00f6r arac\u0131na binen vatanda\u015flar\u0131n ate\u015f \u00f6l\u00e7\u00fcmleri yap\u0131l\u0131p, dezenfektan veriliyor. Hizmet sonras\u0131nda ise kad\u0131nlara tarak, \u015fampuan ve el kremi; erkeklere de kolonya, t\u0131ra\u015f k\u00f6p\u00fc\u011f\u00fc ve jilet, \u00e7ocuklara ise bebek \u015fampuan\u0131 hediye ediliyor.<\/p>\n<p>Hizmet, kuaf\u00f6re eri\u015fim konusunda s\u0131k\u0131nt\u0131 ya\u015fayan vatanda\u015flar\u0131n aya\u011f\u0131na gidiyor<\/p>\n<p>Mobil Kuaf\u00f6r hizmeti kapsam\u0131nda vatanda\u015flar sa\u00e7 kesimi, sa\u00e7 boyas\u0131 gibi i\u015flemleri yapt\u0131r\u0131rken, hijyen kurallar\u0131na da dikkat ediliyor. B\u00fcy\u00fck\u015fehir Belediyesi Sosyal Hizmetler Dairesi Ba\u015fkanl\u0131\u011f\u0131 b\u00fcnyesinde hizmet vermeye devam eden Mobil Kuaf\u00f6r hizmetinden faydalanan vatanda\u015flar ara\u00e7tan memnun ve y\u00fczleri g\u00fclerek iniyor. 2 kad\u0131n, 2 erkek b\u00f6l\u00fcm\u00fc olmak \u00fczere toplam 4 ki\u015filik yeri olan araca vatanda\u015flar pandemi nedeniyle tek tek al\u0131n\u0131yor. Kullan-at malzemelerle hizmet verilen ara\u00e7ta, ekipmanlar her kullan\u0131m sonras\u0131 sterilizasyon makinesinde dezenfekte ediliyor.<\/p>\n<p>\u201cT\u00fcm k\u00f6y halk\u0131m\u0131z davetlidir\u201d<\/p>\n<p>Tarsus\u2019un Ula\u015f Mahallesi\u2019nde Mobil Kuaf\u00f6r arac\u0131 k\u00f6y meydan\u0131na kuruldu. G\u00fcnler \u00f6ncesinden muhtardan k\u00f6ylerine b\u00f6yle bir hizmet gelece\u011fini duyan ve k\u00f6y hoparl\u00f6r\u00fcnden yap\u0131lan, \u201cMersin B\u00fcy\u00fck\u015fehir Belediyemizin \u2018Yar Sa\u00e7lar\u0131n L\u00fcle L\u00fcle Mobil Kuaf\u00f6r\u00fc\u2019, k\u00f6y meydan\u0131nda saat 17.00\u2019a kadar hizmet verecektir. T\u00fcm k\u00f6y halk\u0131m\u0131z davetlidir\u201d duyurusu ile vatanda\u015flar sa\u00e7lar\u0131n\u0131 kestirmeye geldi.<\/p>\n<p>Kuaf\u00f6r Tukta: \u201cAnne-k\u0131z gibi, abla-karde\u015f gibi bile oldu\u011fumuz oluyor\u201d<\/p>\n<p>Mobil Kuaf\u00f6r arac\u0131nda kad\u0131nlara hizmet veren kuaf\u00f6r Neslihan Tukta, \u201cBa\u015flad\u0131\u011f\u0131m\u0131z g\u00fcnden itibaren 2 bin ki\u015fiye ula\u015ft\u0131k. \u00c7ok memnunlar vatanda\u015flar\u0131m\u0131z ve gitti\u011fimiz k\u00f6yler bizi \u00e7ok iyi kar\u015f\u0131l\u0131yor. Vatanda\u015flar\u0131m\u0131z i\u00e7in bu pandemi d\u00f6neminde de \u00e7ok iyi oldu. \u00c7\u00fcnk\u00fc \u00e7o\u011fu vatanda\u015flar\u0131m\u0131z pandemiden dolay\u0131 gidemiyor merkeze. \u00d6yle olunca biz de k\u0131rsal kesimlere gitti\u011fimiz i\u00e7in hi\u00e7bir \u015fekilde kuaf\u00f6r\u00fc olmayan k\u00f6ylerde \u00e7ok g\u00fczel kar\u015f\u0131lan\u0131yoruz. Ger\u00e7ekten bir anne-k\u0131z gibi, bir abla-karde\u015f gibi oldu\u011fumuz oluyor. Baz\u0131 k\u00f6ylerde bizi o kadar candan kar\u015f\u0131l\u0131yorlar ki, evlerine kadar \u00e7a\u011f\u0131r\u0131yorlar, tekrar tekrar gelmemizi istiyorlar\u201d dedi.<\/p>\n<p>Muhtar Ula\u015f: \u201cK\u00f6y\u00fcm\u00fczde daha \u00f6nce b\u00f6yle bir hizmetimiz olmad\u0131\u201d<\/p>\n<p>Ula\u015f Mahallesi Muhtar\u0131 Gazi Ula\u015f da berber koltu\u011funa oturup sa\u00e7lar\u0131n\u0131 kestirdi. Muhtar Ula\u015f, \u201cHizmetlerimiz g\u00fczel. Bu vermi\u015f oldu\u011fu hizmetlerden dolay\u0131 Say\u0131n Vahap Ba\u015fkan\u0131m\u0131z\u2019a \u00e7ok te\u015fekk\u00fcr ederiz, hizmetlerde ba\u015far\u0131lar\u0131n\u0131n devam\u0131n\u0131 dileriz Ba\u015fkan\u0131m\u0131z\u2019\u0131n\u201d ifadelerine yer verirken, ald\u0131\u011f\u0131 hizmetten duydu\u011fu memnuniyeti de,  \u201cMa\u015fallah, eline sa\u011fl\u0131k, \u00e7ok g\u00fczel kesti. Memnunuz. K\u00f6y\u00fcm\u00fczde daha \u00f6nce b\u00f6yle bir hizmetimiz olmad\u0131. \u0130lk defa geliyor\u201d c\u00fcmleleriyle dile getirdi.<\/p>\n<p>Ula\u015f Mahallesi Muhtar Azas\u0131 Zeynep Tato\u011flu da hizmet i\u00e7in B\u00fcy\u00fck\u015fehir Belediye Ba\u015fkan\u0131 Vahap Se\u00e7er\u2019e te\u015fekk\u00fcrlerini iletirken, \u201cK\u00f6y\u00fcm\u00fcze daha \u00f6nce b\u00f6yle bir hizmet gelmedi. \u0130lk kez geliyor. Benim babam \u00e7ok ya\u015fl\u0131, 88 ya\u015f\u0131nda; evde sa\u011fl\u0131k hizmeti, evde temizlik hizmeti al\u0131yor ve ben \u00e7ok memnunum\u201d diye konu\u015ftu.<\/p>\n<p>Teneke: \u201cK\u00f6yde t\u0131ra\u015f olamayan insanlar i\u00e7in velinimet\u201d<\/p>\n<p>Kahramanmara\u015f S\u00fct\u00e7\u00fc \u0130mam \u00dcniversitesi\u2019nde Ziraat M\u00fchendisli\u011fi B\u00f6l\u00fcm\u00fc\u2019nde 4. s\u0131n\u0131f \u00f6\u011frencisi olan ve Ula\u015f Mahallesi\u2019nde ya\u015fayan Metehan Teneke de hizmetten faydalanan bir di\u011fer vatanda\u015f oldu. Teneke, \u201c\u00c7ok g\u00fczel bir hizmet, \u00e7ok mant\u0131kl\u0131 d\u00fc\u015f\u00fcn\u00fclm\u00fc\u015f bir olay. K\u00f6yde t\u0131ra\u015f olamayan bir\u00e7ok insan var, o insanlar i\u00e7in velinimet diyebiliriz yani. Ba\u015fkan\u0131m\u0131z\u2019a te\u015fekk\u00fcr ediyorum\u201d dedi.<\/p>\n<p>Karata\u015f: \u201cBizim k\u00f6ye ilk kez b\u00f6yle bir kuaf\u00f6r, berber geldi\u201d<\/p>\n<p>B\u00fcy\u00fck\u015fehir Belediyesi\u2019nin Mobil Kuaf\u00f6r hizmeti, Tarsus\u2019un Hasana\u011fa Mahallesi\u2019ne de ula\u015ft\u0131. Tarsus\u2019un Hasana\u011fa Mahallesi sakinlerinden \u015eekip Karata\u015f, \u201c\u0130lk kez bir s\u00fcrpriz yap\u0131ld\u0131 ve bizim k\u00f6ye ilk kez b\u00f6yle bir kuaf\u00f6r, berber geldi. Tabi ki k\u00f6yl\u00fcy\u00fc daha da sevindirdi. \u0130n\u015fallah bunun devam\u0131 olur\u201d dedi.<\/p>\n<p>Sakar: \u201cHer taraf tertemiz\u201d<\/p>\n<p>Mobil Kuaf\u00f6r\u2019de sa\u00e7lar\u0131n\u0131 boyatan Nazl\u0131 Sakar, \u201cPandemiden dolay\u0131 biz berbere gidemiyorduk. G\u00f6r\u00fcnce \u00e7ok ho\u015fuma gitti buras\u0131. Tertemiz her taraf. Memnun olduk\u201d diye konu\u015ftu. Cumali Azrak ise daha \u00f6nce b\u00f6yle bir hizmet almad\u0131klar\u0131n\u0131 belirterek, \u201c\u00c7ok te\u015fekk\u00fcr ediyorum. \u00c7ok iyi bir fikir. Millet pandemiden dolay\u0131 \u00e7ok s\u0131k\u0131nt\u0131l\u0131yd\u0131, \u00e7ar\u015f\u0131ya gidemiyordu. \u00c7ok g\u00fczel bir d\u00fc\u015f\u00fcnce. \u0130yi etmi\u015fler. \u00c7ok te\u015fekk\u00fcr ediyorum Vahap Ba\u015fkan\u0131m\u2019a. Daha \u00f6nce k\u00f6y\u00fcm\u00fczde hi\u00e7bir \u015fekilde b\u00f6yle bir hizmet al\u0131nmam\u0131\u015ft\u0131. \u00c7ok da g\u00fczel d\u00fc\u015f\u00fcn\u00fclm\u00fc\u015f\u201d dedi.<\/p>\n","protected":false},"excerpt":{"rendered":"<p>Mersin B\u00fcy\u00fck\u015fehir Belediyesi taraf\u0131ndan yakla\u015f\u0131k 5 ay \u00f6nce hayata ge\u00e7irilen ve \u00f6nemli bir sosyal belediyecilik \u00f6rne\u011fi olan \u201cMobil Kuaf\u00f6r\u201d projesi, k\u0131rsalda hizmet vermeye devam ediyor. 2020 y\u0131l\u0131 Ekim ay\u0131nda hizmet &hellip; <a href=\"https:\/\/akdenizolaygazetesi.com\/?p=11570\" class=\"more-link\">Devam\u0131n\u0131 Oku&#8230;<\/a><\/p>\n","protected":false},"author":2,"featured_media":11572,"comment_status":"open","ping_status":"open","sticky":false,"template":"","format":"standard","meta":[],"categories":[1,2,3],"tags":[],"_links":{"self":[{"href":"https:\/\/akdenizolaygazetesi.com\/index.php?rest_route=\/wp\/v2\/posts\/11570"}],"collection":[{"href":"https:\/\/akdenizolaygazetesi.com\/index.php?rest_route=\/wp\/v2\/posts"}],"about":[{"href":"https:\/\/akdenizolaygazetesi.com\/index.php?rest_route=\/wp\/v2\/types\/post"}],"author":[{"embeddable":true,"href":"https:\/\/akdenizolaygazetesi.com\/index.php?rest_route=\/wp\/v2\/users\/2"}],"replies":[{"embeddable":true,"href":"https:\/\/akdenizolaygazetesi.com\/index.php?rest_route=%2Fwp%2Fv2%2Fcomments&post=11570"}],"version-history":[{"count":1,"href":"https:\/\/akdenizolaygazetesi.com\/index.php?rest_route=\/wp\/v2\/posts\/11570\/revisions"}],"predecessor-version":[{"id":11571,"href":"https:\/\/akdenizolaygazetesi.com\/index.php?rest_route=\/wp\/v2\/posts\/11570\/revisions\/11571"}],"wp:featuredmedia":[{"embeddable":true,"href":"https:\/\/akdenizolaygazetesi.com\/index.php?rest_route=\/wp\/v2\/media\/11572"}],"wp:attachment":[{"href":"https:\/\/akdenizolaygazetesi.com\/index.php?rest_route=%2Fwp%2Fv2%2Fmedia&parent=11570"}],"wp:term":[{"taxonomy":"category","embeddable":true,"href":"https:\/\/akdenizolaygazetesi.com\/index.php?rest_route=%2Fwp%2Fv2%2Fcategories&post=11570"},{"taxonomy":"post_tag","embeddable":true,"href":"https:\/\/akdenizolaygazetesi.com\/index.php?rest_route=%2Fwp%2Fv2%2Ftags&post=11570"}],"curies":[{"name":"wp","href":"https:\/\/api.w.org\/{rel}","templated":true}]}}