{"id":11576,"date":"2021-03-30T12:18:42","date_gmt":"2021-03-30T09:18:42","guid":{"rendered":"http:\/\/akdenizolaygazetesi.com\/?p=11576"},"modified":"2021-03-30T12:19:20","modified_gmt":"2021-03-30T09:19:20","slug":"mersinde-kirmizi-cizgili-yaya-gecitleri-donemi-basladi","status":"publish","type":"post","link":"https:\/\/akdenizolaygazetesi.com\/?p=11576","title":{"rendered":"MERS\u0130N\u2019DE KIRMIZI \u00c7\u0130ZG\u0130L\u0130 YAYA GE\u00c7\u0130TLER\u0130 D\u00d6NEM\u0130 BA\u015eLADI"},"content":{"rendered":"<p>Mersin B\u00fcy\u00fck\u015fehir Belediyesi Ula\u015f\u0131m Dairesi Ba\u015fkanl\u0131\u011f\u0131, \u0130\u00e7i\u015fleri Bakanl\u0131\u011f\u0131 taraf\u0131ndan \u201cYayalar K\u0131rm\u0131z\u0131 \u00c7izgimiz\u201d slogan\u0131yla ba\u015flat\u0131lan fark\u0131ndal\u0131k \u00e7al\u0131\u015fmas\u0131 kapsam\u0131nda 4 merkez il\u00e7edeki 40 noktan\u0131n yaya ge\u00e7itlerine k\u0131rm\u0131z\u0131 \u015ferit \u00e7izdi. 30 Mart sabah\u0131ndan itibaren Mersinliler yaya ge\u00e7itlerinde k\u0131rm\u0131z\u0131 \u00e7izgileri, reklam panolar\u0131nda ise \u201cK\u0131rm\u0131z\u0131 \u00c7izgimizi \u00c7ekiyoruz\u201d mesaj\u0131n\u0131 g\u00f6rerek g\u00fcne ba\u015flad\u0131.<\/p>\n<p>\u201cI\u015f\u0131ks\u0131z yaya ge\u00e7itlerimize k\u0131rm\u0131z\u0131 \u00e7izgilerimizi \u00e7ekiyoruz\u201d<\/p>\n<p>Ula\u015f\u0131m Dairesi Ba\u015fkanl\u0131\u011f\u0131 Trafik Hizmetleri \u015eube M\u00fcd\u00fcrl\u00fc\u011f\u00fc\u2019nde g\u00f6revli ekipler Yeni\u015fehir, Toroslar, Akdeniz ve Mezitli il\u00e7elerinde toplam 40 noktada 29 Mart gecesi \u00e7al\u0131\u015fmalara ba\u015flad\u0131. Saat 21.00\u2019de soka\u011fa \u00e7\u0131kma yasaklar\u0131n\u0131n ba\u015flamas\u0131yla birlikte i\u015fe koyulan ekipler, yaya ge\u00e7itlerinin ortas\u0131ndaki \u015feridi k\u0131rm\u0131z\u0131ya boyad\u0131.<\/p>\n<p>Trafik Hizmetleri \u015eube M\u00fcd\u00fcr\u00fc Do\u011fan Tuncay, yap\u0131lan \u00e7al\u0131\u015fmayla ilgili \u015funlar\u0131 s\u00f6yledi:<\/p>\n<p>\u201c2019 senesinde \u0130\u00e7i\u015fleri Bakanl\u0131\u011f\u0131\u2019n\u0131n uygulamaya koydu\u011fu \u2018\u00d6nce Yaya Projesi\u2019nin uzant\u0131s\u0131 olarak 2021 y\u0131lda \u2018K\u0131rm\u0131z\u0131 \u00c7izgimizi \u00c7ekiyoruz\u2019 projesi kapsam\u0131nda bu gece Mersinimiz\u2019in 4 il\u00e7esinin 40 ayr\u0131 noktas\u0131nda \u0131\u015f\u0131ks\u0131z yaya ge\u00e7itlerimize k\u0131rm\u0131z\u0131 \u00e7izgilerimizi \u00e7ekiyoruz. Di\u011fer il\u00e7elerde de uygulan\u0131yor ama biz 4 merkez il\u00e7ede uygulama yap\u0131yoruz. Vatanda\u015flar\u0131m\u0131z k\u0131rm\u0131z\u0131 \u00e7izginin ne anlama geldi\u011fini billboardlarda g\u00f6rd\u00fcler ama sabah uyand\u0131klar\u0131nda yaya ge\u00e7itlerini de g\u00f6rm\u00fc\u015f olacaklar.\u201d<\/p>\n","protected":false},"excerpt":{"rendered":"<p>Mersin B\u00fcy\u00fck\u015fehir Belediyesi Ula\u015f\u0131m Dairesi Ba\u015fkanl\u0131\u011f\u0131, \u0130\u00e7i\u015fleri Bakanl\u0131\u011f\u0131 taraf\u0131ndan \u201cYayalar K\u0131rm\u0131z\u0131 \u00c7izgimiz\u201d slogan\u0131yla ba\u015flat\u0131lan fark\u0131ndal\u0131k \u00e7al\u0131\u015fmas\u0131 kapsam\u0131nda 4 merkez il\u00e7edeki 40 noktan\u0131n yaya ge\u00e7itlerine k\u0131rm\u0131z\u0131 \u015ferit \u00e7izdi. 30 Mart sabah\u0131ndan &hellip; <a href=\"https:\/\/akdenizolaygazetesi.com\/?p=11576\" class=\"more-link\">Devam\u0131n\u0131 Oku&#8230;<\/a><\/p>\n","protected":false},"author":2,"featured_media":11578,"comment_status":"open","ping_status":"open","sticky":false,"template":"","format":"standard","meta":[],"categories":[8,34,1,2,3,5],"tags":[],"_links":{"self":[{"href":"https:\/\/akdenizolaygazetesi.com\/index.php?rest_route=\/wp\/v2\/posts\/11576"}],"collection":[{"href":"https:\/\/akdenizolaygazetesi.com\/index.php?rest_route=\/wp\/v2\/posts"}],"about":[{"href":"https:\/\/akdenizolaygazetesi.com\/index.php?rest_route=\/wp\/v2\/types\/post"}],"author":[{"embeddable":true,"href":"https:\/\/akdenizolaygazetesi.com\/index.php?rest_route=\/wp\/v2\/users\/2"}],"replies":[{"embeddable":true,"href":"https:\/\/akdenizolaygazetesi.com\/index.php?rest_route=%2Fwp%2Fv2%2Fcomments&post=11576"}],"version-history":[{"count":2,"href":"https:\/\/akdenizolaygazetesi.com\/index.php?rest_route=\/wp\/v2\/posts\/11576\/revisions"}],"predecessor-version":[{"id":11579,"href":"https:\/\/akdenizolaygazetesi.com\/index.php?rest_route=\/wp\/v2\/posts\/11576\/revisions\/11579"}],"wp:featuredmedia":[{"embeddable":true,"href":"https:\/\/akdenizolaygazetesi.com\/index.php?rest_route=\/wp\/v2\/media\/11578"}],"wp:attachment":[{"href":"https:\/\/akdenizolaygazetesi.com\/index.php?rest_route=%2Fwp%2Fv2%2Fmedia&parent=11576"}],"wp:term":[{"taxonomy":"category","embeddable":true,"href":"https:\/\/akdenizolaygazetesi.com\/index.php?rest_route=%2Fwp%2Fv2%2Fcategories&post=11576"},{"taxonomy":"post_tag","embeddable":true,"href":"https:\/\/akdenizolaygazetesi.com\/index.php?rest_route=%2Fwp%2Fv2%2Ftags&post=11576"}],"curies":[{"name":"wp","href":"https:\/\/api.w.org\/{rel}","templated":true}]}}