{"id":1158,"date":"2020-11-04T18:21:45","date_gmt":"2020-11-04T15:21:45","guid":{"rendered":"http:\/\/mersinekonomipolitikagazetesi.com\/?p=1158"},"modified":"2020-11-04T18:21:45","modified_gmt":"2020-11-04T15:21:45","slug":"serttas-sanayi-yatirimlari-artacak","status":"publish","type":"post","link":"https:\/\/akdenizolaygazetesi.com\/?p=1158","title":{"rendered":"Sertta\u015f: &#8220;Sanayi yat\u0131r\u0131mlar\u0131 artacak&#8221;"},"content":{"rendered":"<p>T\u00fcrkiye Gen\u00e7 \u0130\u015f Adamlar\u0131 Derne\u011fi (T\u00dcG\u0130AD) \u00c7ukurova \u015eubesi Ba\u015fkan Yard\u0131mc\u0131s\u0131 Soner Sertta\u015f, \u00dcretim Reform Paketi\u2019nin T\u00fcrkiye\u2019de sanayi yat\u0131r\u0131mlar\u0131n\u0131n \u00f6n\u00fcn\u00fc a\u00e7aca\u011f\u0131n\u0131 ifade ederek, &#8220;\u00d6zellikle sanayicinin en \u00f6nemli ihtiyac\u0131 olan enerji t\u00fcketimindeki TRT pay\u0131n\u0131n kalkmas\u0131 ile birlikte enerji sarfiyat\u0131nda ciddi anlamda bir d\u00fc\u015f\u00fc\u015f g\u00f6zlemlenecektir. Bu da \u00fcretim hatlar\u0131n\u0131n daha fazla \u00e7al\u0131\u015fmas\u0131na neden olacakt\u0131r&#8221; dedi.<\/p>\n<p>Sertta\u015f, paketin \u00e7ok \u00f6nemli oldu\u011funu belirterek, &#8220;\u00dczerinde bir y\u0131ld\u0131r \u00e7al\u0131\u015f\u0131lan 77 maddelik \u00dcretim Reform Paketi&#8217;nin y\u00fcr\u00fcrl\u00fc\u011fe girmesi ile birlikte sanayi sicil belgesine sahip i\u015fletmelerin maliyeti, y\u0131ll\u0131k bir virg\u00fcl bir milyar lira azalt\u0131l\u0131yor. Sanayicilere yeni te\u015fvikler getiriliyor. Paketle sanayicilerin y\u0131ll\u0131k 344 milyon liral\u0131k elektrikte TRT pay\u0131 kald\u0131r\u0131lacak. Y\u0131lda 233 milyon lira \u00f6denen haftasonu \u00e7al\u0131\u015fma izni alma zorunlulu\u011funa son verilecek. Organize sanayi b\u00f6lgelerindeki y\u0131ll\u0131k 360 milyon liral\u0131k emlak vergisi kald\u0131r\u0131lacak ve 127 milyon liral\u0131k yap\u0131 denetim bedeli indirimi sa\u011flanacak. Kamu ihalelerinde yerli \u00fcreticiye y\u00fczde 15 fiyat avantaj\u0131 sa\u011flanacak. \u00dcniversitelerle yap\u0131lacak i\u015fbirli\u011fi i\u00e7in de y\u0131ll\u0131k 342 milyon lira devlet deste\u011fi verilecek. Bu destekler sanayi yat\u0131r\u0131mlar\u0131n\u0131 artt\u0131racakt\u0131r&#8221; diye konu\u015ftu.<br \/>\nSanayicilerin y\u0131llardan bu yana bu t\u00fcr destekler bekledi\u011fini belirten Sertta\u015f, &#8220;\u00dcretim Reform Paketi sonras\u0131nda sanayi yat\u0131r\u0131mlar\u0131 h\u0131z kazanacak. \u00dcretim i\u00e7in gerekli destekler ve indirimler ile birlikte \u00fcretim artacak, ihracat rakamlar\u0131 \u00fcst seviyelere \u00e7ekilecektir. Sanayicilerimizin bu ve buna benzer desteklere ihtiyac\u0131 var. \u00d6zellikle sanayicinin en \u00f6nemli ihtiyac\u0131 olan enerji t\u00fcketimindeki TRT pay\u0131n\u0131n kalkmas\u0131 ile birlikte enerji sarfiyat\u0131nda ciddi anlamda bir d\u00fc\u015f\u00fc\u015f g\u00f6zlemlenecektir. Bu da \u00fcretim hatlar\u0131n\u0131n daha fazla \u00e7al\u0131\u015fmas\u0131na neden olacakt\u0131r&#8221; ifadelerini kulland\u0131.<\/p>\n","protected":false},"excerpt":{"rendered":"<p>T\u00fcrkiye Gen\u00e7 \u0130\u015f Adamlar\u0131 Derne\u011fi (T\u00dcG\u0130AD) \u00c7ukurova \u015eubesi Ba\u015fkan Yard\u0131mc\u0131s\u0131 Soner Sertta\u015f, \u00dcretim Reform Paketi\u2019nin T\u00fcrkiye\u2019de sanayi yat\u0131r\u0131mlar\u0131n\u0131n \u00f6n\u00fcn\u00fc a\u00e7aca\u011f\u0131n\u0131 ifade ederek, &#8220;\u00d6zellikle sanayicinin en \u00f6nemli ihtiyac\u0131 olan enerji t\u00fcketimindeki &hellip; <a href=\"https:\/\/akdenizolaygazetesi.com\/?p=1158\" class=\"more-link\">Devam\u0131n\u0131 Oku&#8230;<\/a><\/p>\n","protected":false},"author":1,"featured_media":0,"comment_status":"open","ping_status":"open","sticky":false,"template":"","format":"standard","meta":[],"categories":[],"tags":[],"_links":{"self":[{"href":"https:\/\/akdenizolaygazetesi.com\/index.php?rest_route=\/wp\/v2\/posts\/1158"}],"collection":[{"href":"https:\/\/akdenizolaygazetesi.com\/index.php?rest_route=\/wp\/v2\/posts"}],"about":[{"href":"https:\/\/akdenizolaygazetesi.com\/index.php?rest_route=\/wp\/v2\/types\/post"}],"author":[{"embeddable":true,"href":"https:\/\/akdenizolaygazetesi.com\/index.php?rest_route=\/wp\/v2\/users\/1"}],"replies":[{"embeddable":true,"href":"https:\/\/akdenizolaygazetesi.com\/index.php?rest_route=%2Fwp%2Fv2%2Fcomments&post=1158"}],"version-history":[{"count":0,"href":"https:\/\/akdenizolaygazetesi.com\/index.php?rest_route=\/wp\/v2\/posts\/1158\/revisions"}],"wp:attachment":[{"href":"https:\/\/akdenizolaygazetesi.com\/index.php?rest_route=%2Fwp%2Fv2%2Fmedia&parent=1158"}],"wp:term":[{"taxonomy":"category","embeddable":true,"href":"https:\/\/akdenizolaygazetesi.com\/index.php?rest_route=%2Fwp%2Fv2%2Fcategories&post=1158"},{"taxonomy":"post_tag","embeddable":true,"href":"https:\/\/akdenizolaygazetesi.com\/index.php?rest_route=%2Fwp%2Fv2%2Ftags&post=1158"}],"curies":[{"name":"wp","href":"https:\/\/api.w.org\/{rel}","templated":true}]}}