{"id":1159,"date":"2020-11-04T18:21:45","date_gmt":"2020-11-04T15:21:45","guid":{"rendered":"http:\/\/mersinekonomipolitikagazetesi.com\/?p=1159"},"modified":"2020-11-04T18:21:45","modified_gmt":"2020-11-04T15:21:45","slug":"nokta-okculuk-mersinden-ucunculuk-kupasi","status":"publish","type":"post","link":"https:\/\/akdenizolaygazetesi.com\/?p=1159","title":{"rendered":"Nokta Ok\u00e7uluk Mersin\u2019den \u00fc\u00e7\u00fcnc\u00fcl\u00fck kupas\u0131"},"content":{"rendered":"<p>T\u00fcrkiye Ok\u00e7uluk Federasyonu Ba\u015fkanl\u0131\u011f\u0131nca d\u00fczenlenen Gen\u00e7ler-Kadetler T\u00fcrkiye Kupas\u0131 ok\u00e7uluk yar\u0131\u015fmalar\u0131nda Nokta Ok\u00e7uluk Mersin Spor Kul\u00fcb\u00fc, makaral\u0131 yay y\u0131ld\u0131z bayanlar kategorisinde tak\u0131mlarda T\u00fcrkiye \u00fc\u00e7\u00fcnc\u00fcs\u00fc oldu.<\/p>\n<p>T\u00fcrkiye Ok\u00e7uluk Federasyonu Ba\u015fkanl\u0131\u011f\u0131 taraf\u0131ndan d\u00fczenlenen Gen\u00e7ler-Kadetler T\u00fcrkiye Kupas\u0131 ok\u00e7uluk yar\u0131\u015fmalar\u0131 11-14 May\u0131s 2017 tarihleri aras\u0131nda Antalya\u2019da ger\u00e7ekle\u015ftirildi. 71 kul\u00fcp ve 432 sporcunun kat\u0131ld\u0131\u011f\u0131 yar\u0131\u015fma &#8216;olimpik&#8217; ve &#8216;makaral\u0131&#8217; olmak \u00fczere iki ayr\u0131 kategoride yap\u0131ld\u0131. Her iki kategoride de m\u00fccadele eden Nokta Ok\u00e7uluk Mersin Spor Kul\u00fcb\u00fc, Seray Teberik, Zeynep Can ve Nihal Selvi\u2019nin yer ald\u0131\u011f\u0131 makaral\u0131 yay y\u0131ld\u0131z bayanlar kategorisinde tak\u0131mlarda T\u00fcrkiye \u00fc\u00e7\u00fcnc\u00fcs\u00fc olarak ba\u015far\u0131ya imza att\u0131. Mersin\u2019e T\u00fcrkiye \u00fc\u00e7\u00fcnc\u00fcl\u00fc\u011f\u00fc kupas\u0131n\u0131 kazand\u0131ran Seray Teberik, Zeynep Can ve Nihal Selvi, yar\u0131\u015fmalardan daha iyi bir sonu\u00e7la d\u00f6nebilecek g\u00fc\u00e7te olduklar\u0131n\u0131 ancak hafta i\u00e7i 15.00&#8217;e kadar okulda olduklar\u0131 i\u00e7in fazla antrenman yapma \u015fanslar\u0131n\u0131n olmad\u0131\u011f\u0131n\u0131 s\u00f6ylediler. Sporcular, elde edilen ba\u015far\u0131y\u0131 almalar\u0131na vesile olan Antren\u00f6rleri Aytekin Ata\u015f\u2019a da te\u015fekk\u00fcr ederek, \u201cMersin\u2019i her zaman en iyi \u015fekilde temsil etmeye devam edece\u011fiz ve bundan sonraki yar\u0131\u015fmalarda da daha iyi sonu\u00e7larla d\u00f6nece\u011fiz\u201d ifadelerini kulland\u0131lar.<br \/>\nNokta Ok\u00e7uluk Mersin Spor Kul\u00fcb\u00fc Ba\u015fkan\u0131 ve Antren\u00f6r Aytekin Ata\u015f ise al\u0131nan sonu\u00e7tan dolay\u0131 mutlu oldu\u011funu ifade ederek, elde edilen ba\u015far\u0131larda katk\u0131lar\u0131 olan herkese te\u015fekk\u00fcr etti.<\/p>\n","protected":false},"excerpt":{"rendered":"<p>T\u00fcrkiye Ok\u00e7uluk Federasyonu Ba\u015fkanl\u0131\u011f\u0131nca d\u00fczenlenen Gen\u00e7ler-Kadetler T\u00fcrkiye Kupas\u0131 ok\u00e7uluk yar\u0131\u015fmalar\u0131nda Nokta Ok\u00e7uluk Mersin Spor Kul\u00fcb\u00fc, makaral\u0131 yay y\u0131ld\u0131z bayanlar kategorisinde tak\u0131mlarda T\u00fcrkiye \u00fc\u00e7\u00fcnc\u00fcs\u00fc oldu. T\u00fcrkiye Ok\u00e7uluk Federasyonu Ba\u015fkanl\u0131\u011f\u0131 taraf\u0131ndan d\u00fczenlenen &hellip; <a href=\"https:\/\/akdenizolaygazetesi.com\/?p=1159\" class=\"more-link\">Devam\u0131n\u0131 Oku&#8230;<\/a><\/p>\n","protected":false},"author":1,"featured_media":0,"comment_status":"open","ping_status":"open","sticky":false,"template":"","format":"standard","meta":[],"categories":[],"tags":[],"_links":{"self":[{"href":"https:\/\/akdenizolaygazetesi.com\/index.php?rest_route=\/wp\/v2\/posts\/1159"}],"collection":[{"href":"https:\/\/akdenizolaygazetesi.com\/index.php?rest_route=\/wp\/v2\/posts"}],"about":[{"href":"https:\/\/akdenizolaygazetesi.com\/index.php?rest_route=\/wp\/v2\/types\/post"}],"author":[{"embeddable":true,"href":"https:\/\/akdenizolaygazetesi.com\/index.php?rest_route=\/wp\/v2\/users\/1"}],"replies":[{"embeddable":true,"href":"https:\/\/akdenizolaygazetesi.com\/index.php?rest_route=%2Fwp%2Fv2%2Fcomments&post=1159"}],"version-history":[{"count":0,"href":"https:\/\/akdenizolaygazetesi.com\/index.php?rest_route=\/wp\/v2\/posts\/1159\/revisions"}],"wp:attachment":[{"href":"https:\/\/akdenizolaygazetesi.com\/index.php?rest_route=%2Fwp%2Fv2%2Fmedia&parent=1159"}],"wp:term":[{"taxonomy":"category","embeddable":true,"href":"https:\/\/akdenizolaygazetesi.com\/index.php?rest_route=%2Fwp%2Fv2%2Fcategories&post=1159"},{"taxonomy":"post_tag","embeddable":true,"href":"https:\/\/akdenizolaygazetesi.com\/index.php?rest_route=%2Fwp%2Fv2%2Ftags&post=1159"}],"curies":[{"name":"wp","href":"https:\/\/api.w.org\/{rel}","templated":true}]}}